{"id":2424,"global_id":"mering.info?id=2424","global_id_lineage":["mering.info?id=2424"],"author":"2","status":"publish","date":"2018-10-30 16:14:05","date_utc":"2018-10-30 15:14:05","modified":"2018-10-30 16:18:55","modified_utc":"2018-10-30 15:18:55","url":"https:\/\/mering.info\/?tribe_events=lra-europaeische-woche-der-abfallvermeidung","rest_url":"https:\/\/mering.info\/index.php?rest_route=\/tribe\/events\/v1\/events\/2424","title":"LRA: Europ\u00e4ische Woche der Abfallvermeidung","description":"<p>Die Kommunale Abfallwirtschaft des Landkreises Aichach-Friedberg beteiligt sich dieses Jahr erstmalig an der <strong>Europ\u00e4ischen Woche der Abfallvermeidung<\/strong> vom 19.-25. November 2018.<\/p>\n<p>Es wurde ein <strong>breites Programm rund um das Thema \u201eBewusst konsumieren und richtig entsorgen\u201c<\/strong> f\u00fcr B\u00fcrgerinnen und B\u00fcrger zusammengestellt. Mit einem <strong>Bildungsprojekt<\/strong> geht das LRA in zwei Schulen. Es wurden zwei <strong>Vortr\u00e4ge<\/strong> organisiert und an zwei Terminen wird\u00a0<strong> zu Plastikalternativen beraten<\/strong>, einmal im Landratsamt Aichach und einmal auf dem Wochenmarkt in Friedberg. Au\u00dferdem kann das <strong>Repair Cafe<\/strong> besucht werden, ein Film im\u00a0 <strong>Kino<\/strong> angeschaut oder die <strong>Ausstellung \u201eObsoleszenz \u2013 geplanter Verschlei\u00df\u201c<\/strong> im Eingangsbereich des Landratsamtes Aichach-Friedberg besichtigt werden.<\/p>\n<p><strong>Nutzen Sie die Gelegenheit und informieren Sie sich.<\/strong> Zu allen Veranstaltungen l\u00e4dt das Landratsamt herzlich ein. Lassen Sie sich motivieren, f\u00fcr die vielen M\u00f6glichkeiten, die jede und jeder Einzelne hat, Abf\u00e4lle zu vermeiden und bewusster zu konsumieren.<\/p>\n<p><strong>Das bunte Programm mit mehr Information finden Sie im\u00a0 <a href=\"https:\/\/mering.info\/wp-content\/uploads\/2018\/10\/Flyer-EWAV.pdf\">Flyer<\/a>.<\/strong><\/p>","excerpt":"","slug":"lra-europaeische-woche-der-abfallvermeidung","image":false,"all_day":true,"start_date":"2018-11-19 00:00:00","start_date_details":{"year":"2018","month":"11","day":"19","hour":"00","minutes":"00","seconds":"00"},"end_date":"2018-11-25 23:59:59","end_date_details":{"year":"2018","month":"11","day":"25","hour":"23","minutes":"59","seconds":"59"},"utc_start_date":"2018-11-18 23:00:00","utc_start_date_details":{"year":"2018","month":"11","day":"18","hour":"23","minutes":"00","seconds":"00"},"utc_end_date":"2018-11-25 22:59:59","utc_end_date_details":{"year":"2018","month":"11","day":"25","hour":"22","minutes":"59","seconds":"59"},"timezone":"Europe\/Berlin","timezone_abbr":"CET","cost":"","cost_details":{"currency_symbol":"","currency_code":"","currency_position":"suffix","values":[]},"website":"","show_map":true,"show_map_link":true,"hide_from_listings":false,"sticky":false,"featured":false,"categories":[{"name":"Ausstellung","slug":"ausstellung","term_group":0,"term_taxonomy_id":83,"taxonomy":"tribe_events_cat","description":"","parent":0,"count":5,"filter":"raw","id":83,"urls":{"self":"https:\/\/mering.info\/index.php?rest_route=\/tribe\/events\/v1\/categories\/83","collection":"https:\/\/mering.info\/index.php?rest_route=\/tribe\/events\/v1\/categories"}},{"name":"Film","slug":"film","term_group":0,"term_taxonomy_id":87,"taxonomy":"tribe_events_cat","description":"","parent":0,"count":7,"filter":"raw","id":87,"urls":{"self":"https:\/\/mering.info\/index.php?rest_route=\/tribe\/events\/v1\/categories\/87","collection":"https:\/\/mering.info\/index.php?rest_route=\/tribe\/events\/v1\/categories"}},{"name":"Information","slug":"information","term_group":0,"term_taxonomy_id":94,"taxonomy":"tribe_events_cat","description":"","parent":0,"count":15,"filter":"raw","id":94,"urls":{"self":"https:\/\/mering.info\/index.php?rest_route=\/tribe\/events\/v1\/categories\/94","collection":"https:\/\/mering.info\/index.php?rest_route=\/tribe\/events\/v1\/categories"}},{"name":"Vortrag","slug":"vortrag","term_group":0,"term_taxonomy_id":82,"taxonomy":"tribe_events_cat","description":"","parent":0,"count":19,"filter":"raw","id":82,"urls":{"self":"https:\/\/mering.info\/index.php?rest_route=\/tribe\/events\/v1\/categories\/82","collection":"https:\/\/mering.info\/index.php?rest_route=\/tribe\/events\/v1\/categories"}}],"tags":[],"venue":{"id":2426,"author":"1","status":"publish","date":"2018-10-30 16:14:05","date_utc":"2018-10-30 15:14:05","modified":"2018-10-30 16:14:05","modified_utc":"2018-10-30 15:14:05","url":"https:\/\/mering.info\/?tribe_venue=lra-aic-fdb","venue":"LRA AIC-FDB","slug":"lra-aic-fdb","address":"M\u00fcnchener Str. 9","city":"Aichach","country":"Deutschland","zip":"86551","phone":"08251\/92-0","website":"https:\/\/lra-aic-fdb.de","json_ld":{"@type":"Place","name":"LRA AIC-FDB","description":"","url":"","address":{"@type":"PostalAddress","streetAddress":"M\u00fcnchener Str. 9","addressLocality":"Aichach","postalCode":"86551","addressCountry":"Deutschland"},"telephone":"08251\/92-0","sameAs":"https:\/\/lra-aic-fdb.de"},"show_map":true,"show_map_link":true,"global_id":"mering.info?id=2426","global_id_lineage":["mering.info?id=2426"]},"organizer":[{"id":2427,"author":"1","status":"publish","date":"2018-10-30 16:14:05","date_utc":"2018-10-30 15:14:05","modified":"2018-10-30 16:21:11","modified_utc":"2018-10-30 15:21:11","url":"https:\/\/mering.info\/?tribe_organizer=kommunale-abfallwirtschaft-lra","organizer":"Kommunale Abfallwirtschaft LRA","slug":"kommunale-abfallwirtschaft-lra","phone":"08251 86 167 - 13","website":"https:\/\/lra-aic-fdb.de","json_ld":{"@type":"Person","name":"Kommunale Abfallwirtschaft LRA","description":"","url":"https:\/\/lra-aic-fdb.de","telephone":"08251 86 167 - 13","email":"","sameAs":"https:\/\/lra-aic-fdb.de"},"global_id":"mering.info?id=2427","global_id_lineage":["mering.info?id=2427"]}],"custom_fields":[],"json_ld":{"@context":"http:\/\/schema.org","@type":"Event","name":"LRA: Europ\u00e4ische Woche der Abfallvermeidung","description":"&lt;p&gt;Die Kommunale Abfallwirtschaft des Landkreises Aichach-Friedberg beteiligt sich dieses Jahr erstmalig an der Europ\u00e4ischen Woche der Abfallvermeidung vom 19.-25. November 2018. Es wurde ein breites Programm rund um das Thema &hellip; &lt;a href=&quot;https:\/\/mering.info\/?tribe_events=lra-europaeische-woche-der-abfallvermeidung&quot; class=&quot;more-link&quot;&gt;&lt;span class=&quot;screen-reader-text&quot;&gt;LRA: Europ\u00e4ische Woche der Abfallvermeidung&lt;\/span&gt; weiterlesen &lt;span class=&quot;meta-nav&quot;&gt;&rarr;&lt;\/span&gt;&lt;\/a&gt;&lt;\/p&gt;\\n","url":"https:\/\/mering.info\/?tribe_events=lra-europaeische-woche-der-abfallvermeidung","eventAttendanceMode":"https:\/\/schema.org\/OfflineEventAttendanceMode","eventStatus":"https:\/\/schema.org\/EventScheduled","startDate":"2018-11-19T00:00:00+01:00","endDate":"2018-11-25T23:59:59+01:00","location":{"@type":"Place","name":"LRA AIC-FDB","description":"","url":"","address":{"@type":"PostalAddress","streetAddress":"M\u00fcnchener Str. 9","addressLocality":"Aichach","postalCode":"86551","addressCountry":"Deutschland"},"telephone":"08251\/92-0","sameAs":"https:\/\/lra-aic-fdb.de"},"organizer":{"@type":"Person","name":"Kommunale Abfallwirtschaft LRA","description":"","url":"https:\/\/lra-aic-fdb.de","telephone":"08251 86 167 - 13","email":"","sameAs":"https:\/\/lra-aic-fdb.de"},"performer":"Organization"}}