{"id":2894,"global_id":"mering.info?id=2894","global_id_lineage":["mering.info?id=2894"],"author":"2","status":"publish","date":"2019-08-26 22:05:02","date_utc":"2019-08-26 20:05:02","modified":"2019-08-27 21:33:27","modified_utc":"2019-08-27 19:33:27","url":"https:\/\/mering.info\/?tribe_events=kinderspielfest-zum-weltkindertag","rest_url":"https:\/\/mering.info\/index.php?rest_route=\/tribe\/events\/v1\/events\/2894","title":"Kinderspielfest zum Weltkindertag","description":"<div id=\"post-1941\" class=\"post-1941 tribe_events type-tribe_events status-publish hentry tag-aktionen tag-kinder tag-kultur tag-veranstaltung tribe_events_cat-kinder cat_kinder\">\n<div class=\"tribe-events-single-event-description tribe-events-content\">\n<p>Das kreative und beliebte <strong>Familienfest zum Weltkindertag<\/strong> wird heuer bereits zum 24. Mal gefeiert. Grund genug, um \u00fcber den Sinn dieses Festes nachzudenken.<\/p>\n<p><strong><span style=\"color: #ff0000;\">Bitte beachten: Das Spielefest findet dieses Jahr zum ersten Mal auf dem Freizeitgel\u00e4nde am Badanger statt.<\/span><\/strong><\/p>\n<p><img fetchpriority=\"high\" decoding=\"async\" class=\"alignnone size-full wp-image-2898\" src=\"https:\/\/mering.info\/wp-content\/uploads\/2019\/08\/WeKiTa_ManuelaKraemer-3.jpg\" alt=\"\" width=\"1280\" height=\"853\" srcset=\"https:\/\/mering.info\/wp-content\/uploads\/2019\/08\/WeKiTa_ManuelaKraemer-3.jpg 1280w, https:\/\/mering.info\/wp-content\/uploads\/2019\/08\/WeKiTa_ManuelaKraemer-3-300x200.jpg 300w, https:\/\/mering.info\/wp-content\/uploads\/2019\/08\/WeKiTa_ManuelaKraemer-3-768x512.jpg 768w, https:\/\/mering.info\/wp-content\/uploads\/2019\/08\/WeKiTa_ManuelaKraemer-3-1024x682.jpg 1024w\" sizes=\"(max-width: 1280px) 100vw, 1280px\" \/><\/p>\n<p>Weil Kinder besonderen Schutz und F\u00f6rderung brauchen, gelten f\u00fcr sie eigene Kinderrechte. <strong>So entstand die UN-Konvention \u00fcber die Rechte der Kinder, die 1989 beschlossen wurden.<\/strong> Um auf diese Rechte aufmerksam zu machen, entstand vor \u00fcber 20 Jahren die Idee, mit einem gro\u00dfen Spielfest auch in Mering den Weltkindertag zu feiern, der weltweit am 20. September begangen wird.<img decoding=\"async\" class=\"alignnone size-full wp-image-2897\" src=\"https:\/\/mering.info\/wp-content\/uploads\/2019\/08\/WeKiTa_ManuelaKraemer-1.jpg\" alt=\"\" width=\"1280\" height=\"853\" srcset=\"https:\/\/mering.info\/wp-content\/uploads\/2019\/08\/WeKiTa_ManuelaKraemer-1.jpg 1280w, https:\/\/mering.info\/wp-content\/uploads\/2019\/08\/WeKiTa_ManuelaKraemer-1-300x200.jpg 300w, https:\/\/mering.info\/wp-content\/uploads\/2019\/08\/WeKiTa_ManuelaKraemer-1-768x512.jpg 768w, https:\/\/mering.info\/wp-content\/uploads\/2019\/08\/WeKiTa_ManuelaKraemer-1-1024x682.jpg 1024w\" sizes=\"(max-width: 1280px) 100vw, 1280px\" \/><\/p>\n<\/div>\n<\/div>\n<p>Alle Kinder d\u00fcrfen, ja sollen sich aktiv bet\u00e4tigen, auch die ganz Kleinen haben die Organisatoren nicht vergessen. Spielen, basteln, werken und herumtoben verbindet Generationen und Geschlechter, Nationalit\u00e4ten und Kulturen, Behinderte und Nichtbehinderte, Mensch und Natur. <strong>Das Recht auf Spiel, Freizeit und Ruhe ist ein elementares Kinderrecht, denn auf die Kinder kommt es an!<\/strong><\/p>","excerpt":"","slug":"kinderspielfest-zum-weltkindertag","image":false,"all_day":false,"start_date":"2019-09-29 14:00:00","start_date_details":{"year":"2019","month":"09","day":"29","hour":"14","minutes":"00","seconds":"00"},"end_date":"2019-09-29 18:00:00","end_date_details":{"year":"2019","month":"09","day":"29","hour":"18","minutes":"00","seconds":"00"},"utc_start_date":"2019-09-29 12:00:00","utc_start_date_details":{"year":"2019","month":"09","day":"29","hour":"12","minutes":"00","seconds":"00"},"utc_end_date":"2019-09-29 16:00:00","utc_end_date_details":{"year":"2019","month":"09","day":"29","hour":"16","minutes":"00","seconds":"00"},"timezone":"Europe\/Berlin","timezone_abbr":"CEST","cost":"","cost_details":{"currency_symbol":"","currency_code":"","currency_position":"suffix","values":[]},"website":"","show_map":true,"show_map_link":true,"hide_from_listings":false,"sticky":false,"featured":false,"categories":[],"tags":[],"venue":{"id":2896,"author":"1","status":"publish","date":"2019-08-26 21:57:32","date_utc":"2019-08-26 19:57:32","modified":"2019-08-27 21:30:57","modified_utc":"2019-08-27 19:30:57","url":"https:\/\/mering.info\/?tribe_venue=freizeitgelaende-badanger","venue":"Freizeitgel\u00e4nde Badanger","slug":"freizeitgelaende-badanger","address":"Josef-Scherer-Stra\u00dfe 21","city":"Mering","country":"Deutschland","zip":"86415","json_ld":{"@type":"Place","name":"Freizeitgel\u00e4nde Badanger","description":"","url":"","address":{"@type":"PostalAddress","streetAddress":"Josef-Scherer-Stra\u00dfe 21","addressLocality":"Mering","postalCode":"86415","addressCountry":"Deutschland"},"telephone":"","sameAs":""},"show_map":true,"show_map_link":true,"global_id":"mering.info?id=2896","global_id_lineage":["mering.info?id=2896"]},"organizer":[{"id":1946,"author":"1","status":"publish","date":"2017-08-25 12:31:32","date_utc":"2017-08-25 10:31:32","modified":"2022-09-27 20:57:18","modified_utc":"2022-09-27 18:57:18","url":"https:\/\/mering.info\/?tribe_organizer=weki-veranstalter","organizer":"Barbara und J\u00f6rg H\u00e4berle + WEKI-TEAM  mit Unterst\u00fctzung der Gemeinde Mering","description":"<p>Barbara und J\u00f6rg H\u00e4berle + WEKI-TEAM \u00a0mit Unterst\u00fctzung der Gemeinde Mering<\/p>","slug":"weki-veranstalter","json_ld":{"@type":"Person","name":"Barbara und J\u00f6rg H\u00e4berle + WEKI-TEAM  mit Unterst\u00fctzung der Gemeinde Mering","description":"&lt;p&gt;Barbara und J\u00f6rg H\u00e4berle + WEKI-TEAM \u00a0mit Unterst\u00fctzung der Gemeinde Mering&lt;\/p&gt;\\n","url":"","telephone":"","email":"","sameAs":""},"global_id":"mering.info?id=1946","global_id_lineage":["mering.info?id=1946"]}],"custom_fields":[],"json_ld":{"@context":"http:\/\/schema.org","@type":"Event","name":"Kinderspielfest zum Weltkindertag","description":"&lt;p&gt;Das kreative und beliebte Familienfest zum Weltkindertag wird heuer bereits zum 24. Mal gefeiert. Grund genug, um \u00fcber den Sinn dieses Festes nachzudenken. Bitte beachten: Das Spielefest findet dieses Jahr &hellip; &lt;a href=&quot;https:\/\/mering.info\/?tribe_events=kinderspielfest-zum-weltkindertag&quot; class=&quot;more-link&quot;&gt;&lt;span class=&quot;screen-reader-text&quot;&gt;Kinderspielfest zum Weltkindertag&lt;\/span&gt; weiterlesen &lt;span class=&quot;meta-nav&quot;&gt;&rarr;&lt;\/span&gt;&lt;\/a&gt;&lt;\/p&gt;\\n","url":"https:\/\/mering.info\/?tribe_events=kinderspielfest-zum-weltkindertag","eventAttendanceMode":"https:\/\/schema.org\/OfflineEventAttendanceMode","eventStatus":"https:\/\/schema.org\/EventScheduled","startDate":"2019-09-29T14:00:00+02:00","endDate":"2019-09-29T18:00:00+02:00","location":{"@type":"Place","name":"Freizeitgel\u00e4nde Badanger","description":"","url":"","address":{"@type":"PostalAddress","streetAddress":"Josef-Scherer-Stra\u00dfe 21","addressLocality":"Mering","postalCode":"86415","addressCountry":"Deutschland"},"telephone":"","sameAs":""},"organizer":{"@type":"Person","name":"Barbara und J\u00f6rg H\u00e4berle + WEKI-TEAM  mit Unterst\u00fctzung der Gemeinde Mering","description":"&lt;p&gt;Barbara und J\u00f6rg H\u00e4berle + WEKI-TEAM \u00a0mit Unterst\u00fctzung der Gemeinde Mering&lt;\/p&gt;\\n","url":"","telephone":"","email":"","sameAs":""},"performer":"Organization"}}