{"id":4788,"global_id":"mering.info?id=4788","global_id_lineage":["mering.info?id=4788"],"author":"12","status":"publish","date":"2022-06-06 22:30:12","date_utc":"2022-06-06 20:30:12","modified":"2022-09-24 23:58:13","modified_utc":"2022-09-24 21:58:13","url":"https:\/\/mering.info\/?tribe_events=kinderspielfest-zum-weltkindertag-2","rest_url":"https:\/\/mering.info\/index.php?rest_route=\/tribe\/events\/v1\/events\/4788","title":"Kinderspielfest zum Weltkindertag","description":"<p>ABGESAGT!<\/p>\n<p>Das kreative und beliebte Familienfest zum Weltkindertag wird heuer zum 25. Mal gefeiert. Dieses Jubil\u00e4um gilt es ganz besonders zu feiern. Nach zwei Jahren Pause sind alle Beteiligten froh, dass wir das Spielefest wieder durchf\u00fchren und es haben sich einige neu Mitmacher*innen gefunden!<\/p>\n<p><a href=\"https:\/\/mering.info\/wp-content\/uploads\/2022\/06\/weki_2022_vs_Entwurf.pdf\"><img fetchpriority=\"high\" decoding=\"async\" class=\"alignnone wp-image-4793 size-medium\" src=\"https:\/\/mering.info\/wp-content\/uploads\/2022\/06\/Flyer_tiny-300x216.png\" alt=\"Weltkindertag Flyer\" width=\"300\" height=\"216\" srcset=\"https:\/\/mering.info\/wp-content\/uploads\/2022\/06\/Flyer_tiny-300x216.png 300w, https:\/\/mering.info\/wp-content\/uploads\/2022\/06\/Flyer_tiny.png 700w\" sizes=\"(max-width: 300px) 100vw, 300px\" \/><\/a><\/p>\n<p>Weil Kinder besonderen Schutz und F\u00f6rderung brauchen, gelten f\u00fcr sie eigene Kinderrechte. So entstand die UN-Konvention \u00fcber die Rechte der Kinder, die 1989 beschlossen wurden. Um auf diese Rechte aufmerksam zu machen, entstand vor \u00fcber 20 Jahren die Idee, mit einem gro\u00dfen Spielfest auch in Mering den Weltkindertag zu feiern, der weltweit am 20. September begangen wird.<\/p>\n<p>Alle Kinder d\u00fcrfen, ja sollen sich aktiv bet\u00e4tigen, auch die ganz Kleinen haben die Organisatoren nicht vergessen. Spielen, basteln, werken und herumtoben verbindet Generationen und Geschlechter, Nationalit\u00e4ten und Kulturen, Behinderte und Nichtbehinderte, Mensch und Natur. Das Recht auf Spiel, Freizeit und Bildung sind einige der elementaren Kinderrechte, denn auf die Kinder kommt es an!<\/p>","excerpt":"","slug":"kinderspielfest-zum-weltkindertag-2","image":{"url":"https:\/\/mering.info\/wp-content\/uploads\/2022\/06\/logo_weki_700_tiny.jpg","id":4789,"extension":"jpg","width":700,"height":524,"sizes":{"medium":{"width":300,"height":225,"mime-type":"image\/jpeg","url":"https:\/\/mering.info\/wp-content\/uploads\/2022\/06\/logo_weki_700_tiny-300x225.jpg"},"thumbnail":{"width":150,"height":150,"mime-type":"image\/jpeg","url":"https:\/\/mering.info\/wp-content\/uploads\/2022\/06\/logo_weki_700_tiny-150x150.jpg"},"post-thumbnail":{"width":672,"height":372,"mime-type":"image\/jpeg","url":"https:\/\/mering.info\/wp-content\/uploads\/2022\/06\/logo_weki_700_tiny-672x372.jpg"}}},"all_day":false,"start_date":"2022-09-25 14:00:00","start_date_details":{"year":"2022","month":"09","day":"25","hour":"14","minutes":"00","seconds":"00"},"end_date":"2022-09-25 18:00:00","end_date_details":{"year":"2022","month":"09","day":"25","hour":"18","minutes":"00","seconds":"00"},"utc_start_date":"2022-09-25 12:00:00","utc_start_date_details":{"year":"2022","month":"09","day":"25","hour":"12","minutes":"00","seconds":"00"},"utc_end_date":"2022-09-25 16:00:00","utc_end_date_details":{"year":"2022","month":"09","day":"25","hour":"16","minutes":"00","seconds":"00"},"timezone":"Europe\/Berlin","timezone_abbr":"CEST","cost":"","cost_details":{"currency_symbol":"","currency_code":"","currency_position":"suffix","values":[]},"website":"","show_map":true,"show_map_link":true,"hide_from_listings":false,"sticky":false,"featured":false,"categories":[{"name":"Kinder","slug":"kinder","term_group":0,"term_taxonomy_id":120,"taxonomy":"tribe_events_cat","description":"","parent":0,"count":5,"filter":"raw","id":120,"urls":{"self":"https:\/\/mering.info\/index.php?rest_route=\/tribe\/events\/v1\/categories\/120","collection":"https:\/\/mering.info\/index.php?rest_route=\/tribe\/events\/v1\/categories"}}],"tags":[{"name":"Kinder","slug":"kinder","term_group":0,"term_taxonomy_id":121,"taxonomy":"post_tag","description":"","parent":0,"count":5,"filter":"raw","id":121,"urls":{"self":"https:\/\/mering.info\/index.php?rest_route=\/tribe\/events\/v1\/tags\/121","collection":"https:\/\/mering.info\/index.php?rest_route=\/tribe\/events\/v1\/tags"}},{"name":"kinderspielfest","slug":"kinderspielfest","term_group":0,"term_taxonomy_id":192,"taxonomy":"post_tag","description":"","parent":0,"count":3,"filter":"raw","id":192,"urls":{"self":"https:\/\/mering.info\/index.php?rest_route=\/tribe\/events\/v1\/tags\/192","collection":"https:\/\/mering.info\/index.php?rest_route=\/tribe\/events\/v1\/tags"}},{"name":"Weltkindertag","slug":"weltkindertag","term_group":0,"term_taxonomy_id":193,"taxonomy":"post_tag","description":"","parent":0,"count":3,"filter":"raw","id":193,"urls":{"self":"https:\/\/mering.info\/index.php?rest_route=\/tribe\/events\/v1\/tags\/193","collection":"https:\/\/mering.info\/index.php?rest_route=\/tribe\/events\/v1\/tags"}}],"venue":{"id":2896,"author":"1","status":"publish","date":"2019-08-26 21:57:32","date_utc":"2019-08-26 19:57:32","modified":"2019-08-27 21:30:57","modified_utc":"2019-08-27 19:30:57","url":"https:\/\/mering.info\/?tribe_venue=freizeitgelaende-badanger","venue":"Freizeitgel\u00e4nde Badanger","slug":"freizeitgelaende-badanger","address":"Josef-Scherer-Stra\u00dfe 21","city":"Mering","country":"Deutschland","zip":"86415","json_ld":{"@type":"Place","name":"Freizeitgel\u00e4nde Badanger","description":"","url":"","address":{"@type":"PostalAddress","streetAddress":"Josef-Scherer-Stra\u00dfe 21","addressLocality":"Mering","postalCode":"86415","addressCountry":"Deutschland"},"telephone":"","sameAs":""},"show_map":true,"show_map_link":true,"global_id":"mering.info?id=2896","global_id_lineage":["mering.info?id=2896"]},"organizer":[{"id":1946,"author":"1","status":"publish","date":"2017-08-25 12:31:32","date_utc":"2017-08-25 10:31:32","modified":"2022-09-27 20:57:18","modified_utc":"2022-09-27 18:57:18","url":"https:\/\/mering.info\/?tribe_organizer=weki-veranstalter","organizer":"Barbara und J\u00f6rg H\u00e4berle + WEKI-TEAM  mit Unterst\u00fctzung der Gemeinde Mering","description":"<p>Barbara und J\u00f6rg H\u00e4berle + WEKI-TEAM \u00a0mit Unterst\u00fctzung der Gemeinde Mering<\/p>","slug":"weki-veranstalter","json_ld":{"@type":"Person","name":"Barbara und J\u00f6rg H\u00e4berle + WEKI-TEAM  mit Unterst\u00fctzung der Gemeinde Mering","description":"&lt;p&gt;Barbara und J\u00f6rg H\u00e4berle + WEKI-TEAM \u00a0mit Unterst\u00fctzung der Gemeinde Mering&lt;\/p&gt;\\n","url":"","telephone":"","email":"","sameAs":""},"global_id":"mering.info?id=1946","global_id_lineage":["mering.info?id=1946"]}],"custom_fields":[],"json_ld":{"@context":"http:\/\/schema.org","@type":"Event","name":"Kinderspielfest zum Weltkindertag","description":"&lt;p&gt;ABGESAGT! Das kreative und beliebte Familienfest zum Weltkindertag wird heuer zum 25. Mal gefeiert. Dieses Jubil\u00e4um gilt es ganz besonders zu feiern. Nach zwei Jahren Pause sind alle Beteiligten froh, &hellip; &lt;a href=&quot;https:\/\/mering.info\/?tribe_events=kinderspielfest-zum-weltkindertag-2&quot; class=&quot;more-link&quot;&gt;&lt;span class=&quot;screen-reader-text&quot;&gt;Kinderspielfest zum Weltkindertag&lt;\/span&gt; weiterlesen &lt;span class=&quot;meta-nav&quot;&gt;&rarr;&lt;\/span&gt;&lt;\/a&gt;&lt;\/p&gt;\\n","image":"https:\/\/mering.info\/wp-content\/uploads\/2022\/06\/logo_weki_700_tiny.jpg","url":"https:\/\/mering.info\/?tribe_events=kinderspielfest-zum-weltkindertag-2","eventAttendanceMode":"https:\/\/schema.org\/OfflineEventAttendanceMode","eventStatus":"https:\/\/schema.org\/EventCancelled","startDate":"2022-09-25T14:00:00+02:00","endDate":"2022-09-25T18:00:00+02:00","location":{"@type":"Place","name":"Freizeitgel\u00e4nde Badanger","description":"","url":"","address":{"@type":"PostalAddress","streetAddress":"Josef-Scherer-Stra\u00dfe 21","addressLocality":"Mering","postalCode":"86415","addressCountry":"Deutschland"},"telephone":"","sameAs":""},"organizer":{"@type":"Person","name":"Barbara und J\u00f6rg H\u00e4berle + WEKI-TEAM  mit Unterst\u00fctzung der Gemeinde Mering","description":"&lt;p&gt;Barbara und J\u00f6rg H\u00e4berle + WEKI-TEAM \u00a0mit Unterst\u00fctzung der Gemeinde Mering&lt;\/p&gt;\\n","url":"","telephone":"","email":"","sameAs":""},"performer":"Organization"}}