{"id":5471,"global_id":"mering.info?id=5471","global_id_lineage":["mering.info?id=5471"],"author":"12","status":"publish","date":"2023-09-14 00:03:08","date_utc":"2023-09-13 22:03:08","modified":"2023-09-14 00:05:00","modified_utc":"2023-09-13 22:05:00","url":"https:\/\/mering.info\/?tribe_events=globaler-klimastreik-2","rest_url":"https:\/\/mering.info\/index.php?rest_route=\/tribe\/events\/v1\/events\/5471","title":"Globaler Klimastreik","description":"<p>Wir unterst\u00fctzen den Klimastreik von <strong><a href=\"https:\/\/fridaysforfuture.de\/\" target=\"_blank\" rel=\"noopener noreferrer\">Fridays For Future<\/a><\/strong>.<\/p>\n<figure id=\"attachment_5472\" aria-describedby=\"caption-attachment-5472\" style=\"width: 300px\" class=\"wp-caption alignnone\"><img fetchpriority=\"high\" decoding=\"async\" class=\"size-medium wp-image-5472\" src=\"https:\/\/mering.info\/wp-content\/uploads\/2023\/09\/2023-05-18-release-1-1-a-300x300.png\" alt=\"Globaler Klimastreiktag\" width=\"300\" height=\"300\" srcset=\"https:\/\/mering.info\/wp-content\/uploads\/2023\/09\/2023-05-18-release-1-1-a-300x300.png 300w, https:\/\/mering.info\/wp-content\/uploads\/2023\/09\/2023-05-18-release-1-1-a-1024x1024.png 1024w, https:\/\/mering.info\/wp-content\/uploads\/2023\/09\/2023-05-18-release-1-1-a-150x150.png 150w, https:\/\/mering.info\/wp-content\/uploads\/2023\/09\/2023-05-18-release-1-1-a-768x768.png 768w, https:\/\/mering.info\/wp-content\/uploads\/2023\/09\/2023-05-18-release-1-1-a.png 1080w\" sizes=\"(max-width: 300px) 100vw, 300px\" \/><figcaption id=\"caption-attachment-5472\" class=\"wp-caption-text\">Globaler Klimastreiktag<\/figcaption><\/figure>\n<p>Am Freitag, den 15.09.2023, ist wieder globaler Klimastreiktag. Auch die FFFs in Mering wollen ein Zeichen f\u00fcr eine effizientere Klimapolitik und eine lebenswerte Zukunft setzen: Sie schlie\u00dfen sich der Demonstration in Augsburg an, die um 16 Uhr am K\u00f6nigsplatz beginnt. Um 15:20 Uhr fahren sie in Mering mit dem Zug los &#8211; jede und jeder ist eingeladen, mitzukommen, um zu zeigen, wie wichtig es ist, den Klimawandel einzud\u00e4mmen.<\/p>","excerpt":"<p>Wir unterst\u00fctzen den Klimastreik von Fridays For Future. Die Meringer FFFs schlie\u00dfen sich der Augsburger Demo am 15.09.2023 an.<\/p>","slug":"globaler-klimastreik-2","image":false,"all_day":false,"start_date":"2023-09-15 16:00:00","start_date_details":{"year":"2023","month":"09","day":"15","hour":"16","minutes":"00","seconds":"00"},"end_date":"2023-09-15 18:00:00","end_date_details":{"year":"2023","month":"09","day":"15","hour":"18","minutes":"00","seconds":"00"},"utc_start_date":"2023-09-15 14:00:00","utc_start_date_details":{"year":"2023","month":"09","day":"15","hour":"14","minutes":"00","seconds":"00"},"utc_end_date":"2023-09-15 16:00:00","utc_end_date_details":{"year":"2023","month":"09","day":"15","hour":"16","minutes":"00","seconds":"00"},"timezone":"Europe\/Berlin","timezone_abbr":"CEST","cost":"","cost_details":{"currency_symbol":"","currency_code":"","currency_position":"suffix","values":[]},"website":"","show_map":true,"show_map_link":true,"hide_from_listings":false,"sticky":false,"featured":false,"categories":[{"name":"Information","slug":"information","term_group":0,"term_taxonomy_id":94,"taxonomy":"tribe_events_cat","description":"","parent":0,"count":15,"filter":"raw","id":94,"urls":{"self":"https:\/\/mering.info\/index.php?rest_route=\/tribe\/events\/v1\/categories\/94","collection":"https:\/\/mering.info\/index.php?rest_route=\/tribe\/events\/v1\/categories"}}],"tags":[{"name":"Fridays for Future","slug":"fridays-for-future","term_group":0,"term_taxonomy_id":199,"taxonomy":"post_tag","description":"","parent":0,"count":5,"filter":"raw","id":199,"urls":{"self":"https:\/\/mering.info\/index.php?rest_route=\/tribe\/events\/v1\/tags\/199","collection":"https:\/\/mering.info\/index.php?rest_route=\/tribe\/events\/v1\/tags"}},{"name":"Klimastreik","slug":"klimastreik","term_group":0,"term_taxonomy_id":154,"taxonomy":"post_tag","description":"","parent":0,"count":4,"filter":"raw","id":154,"urls":{"self":"https:\/\/mering.info\/index.php?rest_route=\/tribe\/events\/v1\/tags\/154","collection":"https:\/\/mering.info\/index.php?rest_route=\/tribe\/events\/v1\/tags"}}],"venue":[],"organizer":[{"id":2922,"author":"2","status":"draft","date":"2019-09-18 21:53:03","date_utc":"0000-00-00 00:00:00","modified":"2019-09-18 21:53:03","modified_utc":"0000-00-00 00:00:00","url":"https:\/\/mering.info\/?post_type=tribe_organizer&p=2922","organizer":"Fridays For Future","slug":"fridays-for-future","website":"https:\/\/fridaysforfuture.de\/","global_id":"mering.info?id=2922","global_id_lineage":["mering.info?id=2922"]}],"custom_fields":[],"json_ld":{"@context":"http:\/\/schema.org","@type":"Event","name":"Globaler Klimastreik","description":"&lt;p&gt;Wir unterst\u00fctzen den Klimastreik von Fridays For Future. Die Meringer FFFs schlie\u00dfen sich der Augsburger Demo am 15.09.2023 an.&lt;\/p&gt;\\n","url":"https:\/\/mering.info\/?tribe_events=globaler-klimastreik-2","eventAttendanceMode":"https:\/\/schema.org\/OfflineEventAttendanceMode","eventStatus":"https:\/\/schema.org\/EventScheduled","startDate":"2023-09-15T16:00:00+02:00","endDate":"2023-09-15T18:00:00+02:00","organizer":false,"performer":"Organization"}}