{"id":5721,"global_id":"mering.info?id=5721","global_id_lineage":["mering.info?id=5721"],"author":"12","status":"publish","date":"2024-07-21 12:19:21","date_utc":"2024-07-21 10:19:21","modified":"2024-09-12 17:52:06","modified_utc":"2024-09-12 15:52:06","url":"https:\/\/mering.info\/?tribe_events=kinderspielfest-zum-weltkindertag-4","rest_url":"https:\/\/mering.info\/index.php?rest_route=\/tribe\/events\/v1\/events\/5721","title":"Kinderspielfest zum Weltkindertag","description":"<p>ACHTUNG &#8211; AUSWEICHTERMIN!<\/p>\n<p>Am Sonntag, den 22. September 2024, stehen in Mering die Kinder wieder ganz im Mittelpunkt. Von 14:00 bis 18:00 Uhr wird auf dem Freizeitgel\u00e4nde Am Badanger ein attraktives Programm mit tollen Spielen, Spa\u00df und Spannung geboten. Das ganze WEKI-Organisationsteam um Barbara &amp; J\u00f6rg H\u00e4berle mit Unterst\u00fctzung der Gemeinde Mering freut sich, Sie als G\u00e4ste willkommen zu hei\u00dfen.<\/p>\n<p><img fetchpriority=\"high\" decoding=\"async\" class=\"alignnone size-medium wp-image-5466\" src=\"https:\/\/mering.info\/wp-content\/uploads\/2024\/09\/image.jpeg\" alt=\"\" width=\"300\" height=\"294\" \/><\/p>\n<p>Wir freuen uns auch in diesem Jahr, f\u00fcr die Kinder unser Spielfest durchf\u00fchren zu k\u00f6nnen. Schon seit dem Fr\u00fchjahr laufen wieder die Planungen f\u00fcr den gro\u00dfen Tag. Mitwirkende aus \u00fcber 30 verschiedenen Organisationen und Vereinen sowie Privatpersonen sind an der Vorbereitung f\u00fcr dieses gro\u00dfe Ereignis beteiligt.<\/p>\n<p>Alles hat einen Sinn und der liegt in dem Schutz und der F\u00f6rderung der Kinder. Es entstand die UN-Kinderrechtskonvention \u00fcber die Rechte der Kinder, die 1989 beschlossen wurden. Somit ist dann auch die Idee entstanden mit einem gro\u00dfen Spielfest den Weltkindertag in unserer Gemeinde zu feiern. Unter dem Motto \u201eAuf die Kinder kommt es an!\u201c wird die Werbetrommel f\u00fcr eine gute Sache ger\u00fchrt: Einerseits m\u00f6chten sich alle beteiligten Organisationen, Vereine und Initiativen bei den Kindern und Jugendlichen mit einem bunten Programm vorstellen, andererseits wollen sie f\u00fcr die Beachtung der Interessen von Kindern und Jugendlichen und f\u00fcr eine st\u00e4rkere Beteiligung auf kommunaler Ebene werben.<\/p>\n<p>Es besteht die M\u00f6glichkeit sich kreativ oder sportlich zu bet\u00e4tigen, auch die ganz Kleinen haben die Organisatoren nicht vergessen. Spielen, basteln, werken und herumtoben verbindet Generationen und Geschlechter, Nationalit\u00e4ten und Kulturen, Behinderte und Nichtbehinderte, Mensch und Natur. Das Recht auf Spiel, Freizeit und Ruhe ist ein elementares Kinderrecht, denn auf die Kinder kommt es an!<\/p>\n<p><img decoding=\"async\" class=\"alignnone size-medium wp-image-5466\" src=\"https:\/\/mering.info\/wp-content\/uploads\/2024\/08\/signal-2024-08-29-06-06-10-015.jpg\" alt=\"\" width=\"300\" height=\"294\" \/><\/p>\n<p><a href=\"\/wp-content\/uploads\/2024\/09\/image.jpeg\" target=\"_blank\" rel=\"noopener\">Hier gibts das Plakat zum Download.<\/a><\/p>\n<p><a href=\"\/wp-content\/uploads\/2024\/08\/signal-2024-08-29-06-06-10-015.jpg\" target=\"_blank\" rel=\"noopener\">Hier gibts den Flyer zum Download.<\/a><\/p>","excerpt":"<p>Das kreative und beliebte Familienfest zum Weltkindertag wird heuer zum 26. Mal gefeiert. Alle sind herzlich eingeladen.<\/p>","slug":"kinderspielfest-zum-weltkindertag-4","image":{"url":"https:\/\/mering.info\/wp-content\/uploads\/2022\/06\/logo_weki_700_tiny.jpg","id":4789,"extension":"jpg","width":700,"height":524,"sizes":{"medium":{"width":300,"height":225,"mime-type":"image\/jpeg","url":"https:\/\/mering.info\/wp-content\/uploads\/2022\/06\/logo_weki_700_tiny-300x225.jpg"},"thumbnail":{"width":150,"height":150,"mime-type":"image\/jpeg","url":"https:\/\/mering.info\/wp-content\/uploads\/2022\/06\/logo_weki_700_tiny-150x150.jpg"},"post-thumbnail":{"width":672,"height":372,"mime-type":"image\/jpeg","url":"https:\/\/mering.info\/wp-content\/uploads\/2022\/06\/logo_weki_700_tiny-672x372.jpg"}}},"all_day":false,"start_date":"2024-09-22 14:00:00","start_date_details":{"year":"2024","month":"09","day":"22","hour":"14","minutes":"00","seconds":"00"},"end_date":"2024-09-22 18:00:00","end_date_details":{"year":"2024","month":"09","day":"22","hour":"18","minutes":"00","seconds":"00"},"utc_start_date":"2024-09-22 12:00:00","utc_start_date_details":{"year":"2024","month":"09","day":"22","hour":"12","minutes":"00","seconds":"00"},"utc_end_date":"2024-09-22 16:00:00","utc_end_date_details":{"year":"2024","month":"09","day":"22","hour":"16","minutes":"00","seconds":"00"},"timezone":"Europe\/Berlin","timezone_abbr":"CEST","cost":"","cost_details":{"currency_symbol":"\u20ac","currency_code":"USD","currency_position":"suffix","values":[]},"website":"","show_map":true,"show_map_link":true,"hide_from_listings":false,"sticky":false,"featured":false,"categories":[{"name":"Kinder","slug":"kinder","term_group":0,"term_taxonomy_id":120,"taxonomy":"tribe_events_cat","description":"","parent":0,"count":5,"filter":"raw","id":120,"urls":{"self":"https:\/\/mering.info\/index.php?rest_route=\/tribe\/events\/v1\/categories\/120","collection":"https:\/\/mering.info\/index.php?rest_route=\/tribe\/events\/v1\/categories"}}],"tags":[{"name":"Kinder","slug":"kinder","term_group":0,"term_taxonomy_id":121,"taxonomy":"post_tag","description":"","parent":0,"count":5,"filter":"raw","id":121,"urls":{"self":"https:\/\/mering.info\/index.php?rest_route=\/tribe\/events\/v1\/tags\/121","collection":"https:\/\/mering.info\/index.php?rest_route=\/tribe\/events\/v1\/tags"}},{"name":"kinderspielfest","slug":"kinderspielfest","term_group":0,"term_taxonomy_id":192,"taxonomy":"post_tag","description":"","parent":0,"count":3,"filter":"raw","id":192,"urls":{"self":"https:\/\/mering.info\/index.php?rest_route=\/tribe\/events\/v1\/tags\/192","collection":"https:\/\/mering.info\/index.php?rest_route=\/tribe\/events\/v1\/tags"}},{"name":"Weltkindertag","slug":"weltkindertag","term_group":0,"term_taxonomy_id":193,"taxonomy":"post_tag","description":"","parent":0,"count":3,"filter":"raw","id":193,"urls":{"self":"https:\/\/mering.info\/index.php?rest_route=\/tribe\/events\/v1\/tags\/193","collection":"https:\/\/mering.info\/index.php?rest_route=\/tribe\/events\/v1\/tags"}}],"venue":{"id":2896,"author":"1","status":"publish","date":"2019-08-26 21:57:32","date_utc":"2019-08-26 19:57:32","modified":"2019-08-27 21:30:57","modified_utc":"2019-08-27 19:30:57","url":"https:\/\/mering.info\/?tribe_venue=freizeitgelaende-badanger","venue":"Freizeitgel\u00e4nde Badanger","slug":"freizeitgelaende-badanger","address":"Josef-Scherer-Stra\u00dfe 21","city":"Mering","country":"Deutschland","zip":"86415","json_ld":{"@type":"Place","name":"Freizeitgel\u00e4nde Badanger","description":"","url":"","address":{"@type":"PostalAddress","streetAddress":"Josef-Scherer-Stra\u00dfe 21","addressLocality":"Mering","postalCode":"86415","addressCountry":"Deutschland"},"telephone":"","sameAs":""},"show_map":true,"show_map_link":true,"global_id":"mering.info?id=2896","global_id_lineage":["mering.info?id=2896"]},"organizer":[{"id":1946,"author":"1","status":"publish","date":"2017-08-25 12:31:32","date_utc":"2017-08-25 10:31:32","modified":"2022-09-27 20:57:18","modified_utc":"2022-09-27 18:57:18","url":"https:\/\/mering.info\/?tribe_organizer=weki-veranstalter","organizer":"Barbara und J\u00f6rg H\u00e4berle + WEKI-TEAM  mit Unterst\u00fctzung der Gemeinde Mering","description":"<p>Barbara und J\u00f6rg H\u00e4berle + WEKI-TEAM \u00a0mit Unterst\u00fctzung der Gemeinde Mering<\/p>","slug":"weki-veranstalter","json_ld":{"@type":"Person","name":"Barbara und J\u00f6rg H\u00e4berle + WEKI-TEAM  mit Unterst\u00fctzung der Gemeinde Mering","description":"&lt;p&gt;Barbara und J\u00f6rg H\u00e4berle + WEKI-TEAM \u00a0mit Unterst\u00fctzung der Gemeinde Mering&lt;\/p&gt;\\n","url":"","telephone":"","email":"","sameAs":""},"global_id":"mering.info?id=1946","global_id_lineage":["mering.info?id=1946"]}],"custom_fields":[],"json_ld":{"@context":"http:\/\/schema.org","@type":"Event","name":"Kinderspielfest zum Weltkindertag","description":"&lt;p&gt;Das kreative und beliebte Familienfest zum Weltkindertag wird heuer zum 26. Mal gefeiert. Alle sind herzlich eingeladen.&lt;\/p&gt;\\n","image":"https:\/\/mering.info\/wp-content\/uploads\/2022\/06\/logo_weki_700_tiny.jpg","url":"https:\/\/mering.info\/?tribe_events=kinderspielfest-zum-weltkindertag-4","eventAttendanceMode":"https:\/\/schema.org\/OfflineEventAttendanceMode","eventStatus":"https:\/\/schema.org\/EventScheduled","startDate":"2024-09-22T14:00:00+02:00","endDate":"2024-09-22T18:00:00+02:00","location":{"@type":"Place","name":"Freizeitgel\u00e4nde Badanger","description":"","url":"","address":{"@type":"PostalAddress","streetAddress":"Josef-Scherer-Stra\u00dfe 21","addressLocality":"Mering","postalCode":"86415","addressCountry":"Deutschland"},"telephone":"","sameAs":""},"organizer":{"@type":"Person","name":"Barbara und J\u00f6rg H\u00e4berle + WEKI-TEAM  mit Unterst\u00fctzung der Gemeinde Mering","description":"&lt;p&gt;Barbara und J\u00f6rg H\u00e4berle + WEKI-TEAM \u00a0mit Unterst\u00fctzung der Gemeinde Mering&lt;\/p&gt;\\n","url":"","telephone":"","email":"","sameAs":""},"performer":"Organization"}}