{"id":5985,"global_id":"mering.info?id=5985","global_id_lineage":["mering.info?id=5985"],"author":"12","status":"publish","date":"2026-01-19 22:46:56","date_utc":"2026-01-19 21:46:56","modified":"2026-01-19 22:48:34","modified_utc":"2026-01-19 21:48:34","url":"https:\/\/mering.info\/?tribe_events=filmabend-der-bayerische-lech","rest_url":"https:\/\/mering.info\/index.php?rest_route=\/tribe\/events\/v1\/events\/5985","title":"Filmabend: Der bayerische Lech","description":"<p><img fetchpriority=\"high\" decoding=\"async\" class=\"size-medium wp-image-5980\" src=\"https:\/\/mering.info\/wp-content\/uploads\/2026\/01\/signal-2026-01-17-07-43-37-326-212x300.jpg\" alt=\"Der bayerische Lech\" width=\"212\" height=\"300\" srcset=\"https:\/\/mering.info\/wp-content\/uploads\/2026\/01\/signal-2026-01-17-07-43-37-326-212x300.jpg 212w, https:\/\/mering.info\/wp-content\/uploads\/2026\/01\/signal-2026-01-17-07-43-37-326-722x1024.jpg 722w, https:\/\/mering.info\/wp-content\/uploads\/2026\/01\/signal-2026-01-17-07-43-37-326-768x1089.jpg 768w, https:\/\/mering.info\/wp-content\/uploads\/2026\/01\/signal-2026-01-17-07-43-37-326-1083x1536.jpg 1083w, https:\/\/mering.info\/wp-content\/uploads\/2026\/01\/signal-2026-01-17-07-43-37-326.jpg 1361w\" sizes=\"(max-width: 212px) 100vw, 212px\" \/><\/p>\n<p>Am Freitag, den 30. Januar, veranstalten die Gr\u00fcnen einen spannenden Filmabend mit dem Film von Heinz F\u00f6rder &#8222;Der bayerische Lech. Gef\u00fcrchtet &#8211; geliebt &#8211; gefangen&#8220;.<\/p>\n<p>Das Thema Umweltschutz liegt uns vom B\u00fcndnis ebenfalls sehr am Herzen &#8211; und so ist dieser Film genau das richtige, um sich \u00fcber die Sch\u00f6nheit, aber auch die Verwundbarkeit direkt vor unserer Haust\u00fcr zu informieren. Denn der Lech l\u00e4dt nicht nur zu wundersch\u00f6nen Fotos ein, sondern hat auch geplante Autobahnen oder Bodenversiegelung im Nacken.<\/p>\n<p>Nach dem Film wird auch zur Diskussion eingeladen. Vor Ort sein werden der Filmproduzent Heinz F\u00f6rder und der Autor Dr. Eberhard Pfeuffer sowie die B\u00fcrgermeisterkandidatin der Meringer Gr\u00fcnen, Laura Matthes, und die Meringer Umweltbeauftragte Petra von Thienen.<\/p>\n<p><img decoding=\"async\" class=\"size-medium wp-image-5981\" src=\"https:\/\/mering.info\/wp-content\/uploads\/2026\/01\/signal-2026-01-17-07-43-37-326-1-223x300.jpg\" alt=\"Der bayerische Lech\" width=\"223\" height=\"300\" srcset=\"https:\/\/mering.info\/wp-content\/uploads\/2026\/01\/signal-2026-01-17-07-43-37-326-1-223x300.jpg 223w, https:\/\/mering.info\/wp-content\/uploads\/2026\/01\/signal-2026-01-17-07-43-37-326-1.jpg 750w\" sizes=\"(max-width: 223px) 100vw, 223px\" \/><\/p>","excerpt":"","slug":"filmabend-der-bayerische-lech","image":false,"all_day":false,"start_date":"2026-01-30 19:30:00","start_date_details":{"year":"2026","month":"01","day":"30","hour":"19","minutes":"30","seconds":"00"},"end_date":"2026-01-30 21:30:00","end_date_details":{"year":"2026","month":"01","day":"30","hour":"21","minutes":"30","seconds":"00"},"utc_start_date":"2026-01-30 18:30:00","utc_start_date_details":{"year":"2026","month":"01","day":"30","hour":"18","minutes":"30","seconds":"00"},"utc_end_date":"2026-01-30 20:30:00","utc_end_date_details":{"year":"2026","month":"01","day":"30","hour":"20","minutes":"30","seconds":"00"},"timezone":"Europe\/Berlin","timezone_abbr":"CET","cost":"","cost_details":{"currency_symbol":"\u20ac","currency_code":"USD","currency_position":"suffix","values":[]},"website":"https:\/\/www.gruene-mering.de\/","show_map":true,"show_map_link":true,"hide_from_listings":false,"sticky":false,"featured":false,"categories":[{"name":"Film","slug":"film","term_group":0,"term_taxonomy_id":87,"taxonomy":"tribe_events_cat","description":"","parent":0,"count":7,"filter":"raw","id":87,"urls":{"self":"https:\/\/mering.info\/index.php?rest_route=\/tribe\/events\/v1\/categories\/87","collection":"https:\/\/mering.info\/index.php?rest_route=\/tribe\/events\/v1\/categories"}}],"tags":[{"name":"Film-Tipp","slug":"film-tipp","term_group":0,"term_taxonomy_id":208,"taxonomy":"post_tag","description":"","parent":0,"count":2,"filter":"raw","id":208,"urls":{"self":"https:\/\/mering.info\/index.php?rest_route=\/tribe\/events\/v1\/tags\/208","collection":"https:\/\/mering.info\/index.php?rest_route=\/tribe\/events\/v1\/tags"}}],"venue":{"id":5987,"author":"12","status":"publish","date":"2026-01-19 22:48:11","date_utc":"2026-01-19 21:48:11","modified":"2026-01-19 22:48:11","modified_utc":"2026-01-19 21:48:11","url":"https:\/\/mering.info\/?tribe_venue=evangelisches-gemeindehaus","venue":"Evangelisches Gemeindehaus","slug":"evangelisches-gemeindehaus","address":"Martin Luther-Str. 1","city":"Mering","country":"Germany","province":"Bayern","zip":"86415","stateprovince":"Bayern","json_ld":{"@type":"Place","name":"Evangelisches Gemeindehaus","description":"","url":"","address":{"@type":"PostalAddress","streetAddress":"Martin Luther-Str. 1","addressLocality":"Mering","addressRegion":"Bayern","postalCode":"86415","addressCountry":"Germany"},"telephone":"","sameAs":""},"show_map":true,"show_map_link":true,"global_id":"mering.info?id=5987","global_id_lineage":["mering.info?id=5987"]},"organizer":[{"id":1232,"author":"1","status":"publish","date":"2017-02-24 22:37:41","date_utc":"2017-02-24 21:37:41","modified":"2017-02-24 22:37:41","modified_utc":"2017-02-24 21:37:41","url":"https:\/\/mering.info\/?tribe_organizer=gruene-mering","organizer":"Gr\u00fcne Mering","slug":"gruene-mering","website":"www.gruene-mering.de","email":"info@gruene-mering.de","json_ld":{"@type":"Person","name":"Gr\u00fcne Mering","description":"","url":"http:\/\/www.gruene-mering.de","telephone":"","email":"info&#64;&#103;&#114;&#117;e&#110;&#101;&#45;&#109;&#101;&#114;&#105;&#110;&#103;.de","sameAs":"http:\/\/www.gruene-mering.de"},"global_id":"mering.info?id=1232","global_id_lineage":["mering.info?id=1232"]}],"custom_fields":[],"json_ld":{"@context":"http:\/\/schema.org","@type":"Event","name":"Filmabend: Der bayerische Lech","description":"&lt;p&gt;Am Freitag, den 30. Januar, veranstalten die Gr\u00fcnen einen spannenden Filmabend mit dem Film von Heinz F\u00f6rder &quot;Der bayerische Lech. Gef\u00fcrchtet - geliebt - gefangen&quot;. Das Thema Umweltschutz liegt uns &hellip; &lt;a href=&quot;https:\/\/mering.info\/?tribe_events=filmabend-der-bayerische-lech&quot; class=&quot;more-link&quot;&gt;&lt;span class=&quot;screen-reader-text&quot;&gt;Filmabend: Der bayerische Lech&lt;\/span&gt; weiterlesen &lt;span class=&quot;meta-nav&quot;&gt;&rarr;&lt;\/span&gt;&lt;\/a&gt;&lt;\/p&gt;\\n","url":"https:\/\/mering.info\/?tribe_events=filmabend-der-bayerische-lech","eventAttendanceMode":"https:\/\/schema.org\/OfflineEventAttendanceMode","eventStatus":"https:\/\/schema.org\/EventScheduled","startDate":"2026-01-30T19:30:00+01:00","endDate":"2026-01-30T21:30:00+01:00","location":{"@type":"Place","name":"Evangelisches Gemeindehaus","description":"","url":"","address":{"@type":"PostalAddress","streetAddress":"Martin Luther-Str. 1","addressLocality":"Mering","addressRegion":"Bayern","postalCode":"86415","addressCountry":"Germany"},"telephone":"","sameAs":""},"organizer":{"@type":"Person","name":"Gr\u00fcne Mering","description":"","url":"http:\/\/www.gruene-mering.de","telephone":"","email":"i&#110;&#102;&#111;&#64;gru&#101;&#110;&#101;-mer&#105;&#110;g.&#100;&#101;","sameAs":"http:\/\/www.gruene-mering.de"},"performer":"Organization"}}