{"id":1356,"date":"2017-05-12T19:00:32","date_gmt":"2017-05-12T17:00:32","guid":{"rendered":"http:\/\/mering.info\/?p=1356"},"modified":"2017-05-12T13:56:22","modified_gmt":"2017-05-12T11:56:22","slug":"pro-bahn-bezirksgruppe-schwaben","status":"publish","type":"post","link":"https:\/\/mering.info\/?p=1356","title":{"rendered":"PRO BAHN-Bezirksgruppe Schwaben"},"content":{"rendered":"<p>Seit \u00fcber 30 Jahren vertritt der <strong><a href=\"https:\/\/www.pro-bahn.de\/schwaben\/\" target=\"_blank\" rel=\"noopener noreferrer\">Fahrgastverband PRO BAHN<\/a><\/strong> die Interessen der Fahrg\u00e4ste gegen\u00fcber Verkehrsunternehmen, Verwaltungen und Politikern.<\/p>\n<h5>Warum wir dieses Angebot empfehlen:<\/h5>\n<ul>\n<li>PRO BAHN setzt sich f\u00fcr eine <strong>nachhaltige Mobilit\u00e4t<\/strong> ein.<\/li>\n<li>Der Fahrgastverband erarbeitet Konzepte, <strong>wirkt in offiziellen Gremien wie Fahrgastbeir\u00e4ten mit<\/strong> und sensibilisiert Politiker und Verwaltungen f\u00fcr den \u00d6V.<\/li>\n<li>Es wird die <strong>\u00f6ffentliche Diskussion in den Medien<\/strong> beieinflu\u00dft. Ferner werden Vortr\u00e4ge gehalten und Seminare veranstaltet.<\/li>\n<li>PRO BAHN <strong>ber\u00e4t Fahrg\u00e4ste im allt\u00e4glichen Umgang mit dem \u00f6ffentlichen Verkehr<\/strong> in seinen Fahrgastsprechstunden. Dazu werden auch Fahrgastinformationen (Taschenfahrpl\u00e4ne, Fahrradf\u00fchrer, Biergartenf\u00fchrer, Spartipps) herausgegeben und Automatenschulungen durchgef\u00fchrt.<\/li>\n<\/ul>\n<h5>Was wir uns noch w\u00fcnschen:<\/h5>\n<ul>\n<li>Werden Sie <strong>Mitglied bei PRO BAHN<\/strong> wenn Sie sich f\u00fcr eine Verbesserung des \u00d6PNVs sowie f\u00fcr eine nachhaltige Mobilit\u00e4tszukunft engagieren m\u00f6chten.<\/li>\n<li>Unterst\u00fctzen Sie den Verein durch eine <strong>Spende<\/strong>.<\/li>\n<\/ul>\n<table>\n<tbody>\n<tr>\n<td style=\"text-align: center;\"><strong><a href=\"https:\/\/www.pro-bahn.de\/schwaben\/\" target=\"_blank\" rel=\"noopener noreferrer\">Webseite<\/a><\/strong><\/td>\n<td style=\"text-align: center;\"><a href=\"https:\/\/www.pro-bahn.de\/mail.htm\" target=\"_blank\" rel=\"noopener noreferrer\"><strong>Kontakt<\/strong><\/a><\/td>\n<\/tr>\n<\/tbody>\n<\/table>\n","protected":false},"excerpt":{"rendered":"<p>Seit \u00fcber 30 Jahren vertritt der Fahrgastverband PRO BAHN die Interessen der Fahrg\u00e4ste gegen\u00fcber Verkehrsunternehmen, Verwaltungen und Politikern. Warum wir dieses Angebot empfehlen: PRO BAHN setzt sich f\u00fcr eine nachhaltige &hellip; <a href=\"https:\/\/mering.info\/?p=1356\" class=\"more-link\"><span class=\"screen-reader-text\">PRO BAHN-Bezirksgruppe Schwaben<\/span> weiterlesen <span class=\"meta-nav\">&rarr;<\/span><\/a><\/p>\n","protected":false},"author":2,"featured_media":1568,"comment_status":"open","ping_status":"open","sticky":false,"template":"","format":"standard","meta":{"jetpack_post_was_ever_published":false,"_jetpack_newsletter_access":"","_jetpack_dont_email_post_to_subs":false,"_jetpack_newsletter_tier_id":0,"_jetpack_memberships_contains_paywalled_content":false,"_jetpack_memberships_contains_paid_content":false,"footnotes":"","jetpack_publicize_message":"PRO BAHN-Bezirksgruppe Schwaben","jetpack_publicize_feature_enabled":true,"jetpack_social_post_already_shared":true,"jetpack_social_options":{"image_generator_settings":{"template":"highway","default_image_id":0,"font":"","enabled":false},"version":2}},"categories":[58,66,67,32,70],"tags":[],"class_list":["post-1356","post","type-post","status-publish","format-standard","has-post-thumbnail","hentry","category-angebote","category-mobilitaet","category-regional","category-reisen","category-sozial"],"yoast_head":"<!-- This site is optimized with the Yoast SEO plugin v27.5 - https:\/\/yoast.com\/product\/yoast-seo-wordpress\/ -->\n<title>PRO BAHN-Bezirksgruppe Schwaben - Nachhaltiges Mering<\/title>\n<meta name=\"robots\" content=\"index, follow, max-snippet:-1, max-image-preview:large, max-video-preview:-1\" \/>\n<link rel=\"canonical\" href=\"https:\/\/mering.info\/?p=1356\" \/>\n<meta property=\"og:locale\" content=\"de_DE\" \/>\n<meta property=\"og:type\" content=\"article\" \/>\n<meta property=\"og:title\" content=\"PRO BAHN-Bezirksgruppe Schwaben - Nachhaltiges Mering\" \/>\n<meta property=\"og:description\" content=\"Seit \u00fcber 30 Jahren vertritt der Fahrgastverband PRO BAHN die Interessen der Fahrg\u00e4ste gegen\u00fcber Verkehrsunternehmen, Verwaltungen und Politikern. Warum wir dieses Angebot empfehlen: PRO BAHN setzt sich f\u00fcr eine nachhaltige &hellip; PRO BAHN-Bezirksgruppe Schwaben weiterlesen &rarr;\" \/>\n<meta property=\"og:url\" content=\"https:\/\/mering.info\/?p=1356\" \/>\n<meta property=\"og:site_name\" content=\"Nachhaltiges Mering\" \/>\n<meta property=\"article:published_time\" content=\"2017-05-12T17:00:32+00:00\" \/>\n<meta property=\"og:image\" content=\"https:\/\/mering.info\/wp-content\/uploads\/2017\/05\/woman-1262450_672-Schrift2.jpg\" \/>\n\t<meta property=\"og:image:width\" content=\"672\" \/>\n\t<meta property=\"og:image:height\" content=\"372\" \/>\n\t<meta property=\"og:image:type\" content=\"image\/jpeg\" \/>\n<meta name=\"author\" content=\"Rudolf Kaiserswerth\" \/>\n<meta name=\"twitter:card\" content=\"summary_large_image\" \/>\n<meta name=\"twitter:label1\" content=\"Verfasst von\" \/>\n\t<meta name=\"twitter:data1\" content=\"Rudolf Kaiserswerth\" \/>\n\t<meta name=\"twitter:label2\" content=\"Gesch\u00e4tzte Lesezeit\" \/>\n\t<meta name=\"twitter:data2\" content=\"1\u00a0Minute\" \/>\n<script type=\"application\/ld+json\" class=\"yoast-schema-graph\">{\"@context\":\"https:\\\/\\\/schema.org\",\"@graph\":[{\"@type\":\"Article\",\"@id\":\"https:\\\/\\\/mering.info\\\/?p=1356#article\",\"isPartOf\":{\"@id\":\"https:\\\/\\\/mering.info\\\/?p=1356\"},\"author\":{\"name\":\"Rudolf Kaiserswerth\",\"@id\":\"https:\\\/\\\/mering.info\\\/#\\\/schema\\\/person\\\/08df38d0c110016beace1117810c1e25\"},\"headline\":\"PRO BAHN-Bezirksgruppe Schwaben\",\"datePublished\":\"2017-05-12T17:00:32+00:00\",\"mainEntityOfPage\":{\"@id\":\"https:\\\/\\\/mering.info\\\/?p=1356\"},\"wordCount\":151,\"commentCount\":0,\"image\":{\"@id\":\"https:\\\/\\\/mering.info\\\/?p=1356#primaryimage\"},\"thumbnailUrl\":\"https:\\\/\\\/mering.info\\\/wp-content\\\/uploads\\\/2017\\\/05\\\/woman-1262450_672-Schrift2.jpg\",\"articleSection\":[\"Angebote\",\"Mobilit\u00e4t\",\"regional\",\"Reisen\",\"sozial\"],\"inLanguage\":\"de\",\"potentialAction\":[{\"@type\":\"CommentAction\",\"name\":\"Comment\",\"target\":[\"https:\\\/\\\/mering.info\\\/?p=1356#respond\"]}]},{\"@type\":\"WebPage\",\"@id\":\"https:\\\/\\\/mering.info\\\/?p=1356\",\"url\":\"https:\\\/\\\/mering.info\\\/?p=1356\",\"name\":\"PRO BAHN-Bezirksgruppe Schwaben - Nachhaltiges Mering\",\"isPartOf\":{\"@id\":\"https:\\\/\\\/mering.info\\\/#website\"},\"primaryImageOfPage\":{\"@id\":\"https:\\\/\\\/mering.info\\\/?p=1356#primaryimage\"},\"image\":{\"@id\":\"https:\\\/\\\/mering.info\\\/?p=1356#primaryimage\"},\"thumbnailUrl\":\"https:\\\/\\\/mering.info\\\/wp-content\\\/uploads\\\/2017\\\/05\\\/woman-1262450_672-Schrift2.jpg\",\"datePublished\":\"2017-05-12T17:00:32+00:00\",\"author\":{\"@id\":\"https:\\\/\\\/mering.info\\\/#\\\/schema\\\/person\\\/08df38d0c110016beace1117810c1e25\"},\"breadcrumb\":{\"@id\":\"https:\\\/\\\/mering.info\\\/?p=1356#breadcrumb\"},\"inLanguage\":\"de\",\"potentialAction\":[{\"@type\":\"ReadAction\",\"target\":[\"https:\\\/\\\/mering.info\\\/?p=1356\"]}]},{\"@type\":\"ImageObject\",\"inLanguage\":\"de\",\"@id\":\"https:\\\/\\\/mering.info\\\/?p=1356#primaryimage\",\"url\":\"https:\\\/\\\/mering.info\\\/wp-content\\\/uploads\\\/2017\\\/05\\\/woman-1262450_672-Schrift2.jpg\",\"contentUrl\":\"https:\\\/\\\/mering.info\\\/wp-content\\\/uploads\\\/2017\\\/05\\\/woman-1262450_672-Schrift2.jpg\",\"width\":672,\"height\":372},{\"@type\":\"BreadcrumbList\",\"@id\":\"https:\\\/\\\/mering.info\\\/?p=1356#breadcrumb\",\"itemListElement\":[{\"@type\":\"ListItem\",\"position\":1,\"name\":\"Startseite\",\"item\":\"https:\\\/\\\/mering.info\\\/\"},{\"@type\":\"ListItem\",\"position\":2,\"name\":\"PRO BAHN-Bezirksgruppe Schwaben\"}]},{\"@type\":\"WebSite\",\"@id\":\"https:\\\/\\\/mering.info\\\/#website\",\"url\":\"https:\\\/\\\/mering.info\\\/\",\"name\":\"Nachhaltiges Mering\",\"description\":\"Zukunftsf\u00e4higes Mering\",\"potentialAction\":[{\"@type\":\"SearchAction\",\"target\":{\"@type\":\"EntryPoint\",\"urlTemplate\":\"https:\\\/\\\/mering.info\\\/?s={search_term_string}\"},\"query-input\":{\"@type\":\"PropertyValueSpecification\",\"valueRequired\":true,\"valueName\":\"search_term_string\"}}],\"inLanguage\":\"de\"},{\"@type\":\"Person\",\"@id\":\"https:\\\/\\\/mering.info\\\/#\\\/schema\\\/person\\\/08df38d0c110016beace1117810c1e25\",\"name\":\"Rudolf Kaiserswerth\",\"url\":\"https:\\\/\\\/mering.info\\\/?author=2\"}]}<\/script>\n<!-- \/ Yoast SEO plugin. -->","yoast_head_json":{"title":"PRO BAHN-Bezirksgruppe Schwaben - Nachhaltiges Mering","robots":{"index":"index","follow":"follow","max-snippet":"max-snippet:-1","max-image-preview":"max-image-preview:large","max-video-preview":"max-video-preview:-1"},"canonical":"https:\/\/mering.info\/?p=1356","og_locale":"de_DE","og_type":"article","og_title":"PRO BAHN-Bezirksgruppe Schwaben - Nachhaltiges Mering","og_description":"Seit \u00fcber 30 Jahren vertritt der Fahrgastverband PRO BAHN die Interessen der Fahrg\u00e4ste gegen\u00fcber Verkehrsunternehmen, Verwaltungen und Politikern. Warum wir dieses Angebot empfehlen: PRO BAHN setzt sich f\u00fcr eine nachhaltige &hellip; PRO BAHN-Bezirksgruppe Schwaben weiterlesen &rarr;","og_url":"https:\/\/mering.info\/?p=1356","og_site_name":"Nachhaltiges Mering","article_published_time":"2017-05-12T17:00:32+00:00","og_image":[{"width":672,"height":372,"url":"https:\/\/mering.info\/wp-content\/uploads\/2017\/05\/woman-1262450_672-Schrift2.jpg","type":"image\/jpeg"}],"author":"Rudolf Kaiserswerth","twitter_card":"summary_large_image","twitter_misc":{"Verfasst von":"Rudolf Kaiserswerth","Gesch\u00e4tzte Lesezeit":"1\u00a0Minute"},"schema":{"@context":"https:\/\/schema.org","@graph":[{"@type":"Article","@id":"https:\/\/mering.info\/?p=1356#article","isPartOf":{"@id":"https:\/\/mering.info\/?p=1356"},"author":{"name":"Rudolf Kaiserswerth","@id":"https:\/\/mering.info\/#\/schema\/person\/08df38d0c110016beace1117810c1e25"},"headline":"PRO BAHN-Bezirksgruppe Schwaben","datePublished":"2017-05-12T17:00:32+00:00","mainEntityOfPage":{"@id":"https:\/\/mering.info\/?p=1356"},"wordCount":151,"commentCount":0,"image":{"@id":"https:\/\/mering.info\/?p=1356#primaryimage"},"thumbnailUrl":"https:\/\/mering.info\/wp-content\/uploads\/2017\/05\/woman-1262450_672-Schrift2.jpg","articleSection":["Angebote","Mobilit\u00e4t","regional","Reisen","sozial"],"inLanguage":"de","potentialAction":[{"@type":"CommentAction","name":"Comment","target":["https:\/\/mering.info\/?p=1356#respond"]}]},{"@type":"WebPage","@id":"https:\/\/mering.info\/?p=1356","url":"https:\/\/mering.info\/?p=1356","name":"PRO BAHN-Bezirksgruppe Schwaben - Nachhaltiges Mering","isPartOf":{"@id":"https:\/\/mering.info\/#website"},"primaryImageOfPage":{"@id":"https:\/\/mering.info\/?p=1356#primaryimage"},"image":{"@id":"https:\/\/mering.info\/?p=1356#primaryimage"},"thumbnailUrl":"https:\/\/mering.info\/wp-content\/uploads\/2017\/05\/woman-1262450_672-Schrift2.jpg","datePublished":"2017-05-12T17:00:32+00:00","author":{"@id":"https:\/\/mering.info\/#\/schema\/person\/08df38d0c110016beace1117810c1e25"},"breadcrumb":{"@id":"https:\/\/mering.info\/?p=1356#breadcrumb"},"inLanguage":"de","potentialAction":[{"@type":"ReadAction","target":["https:\/\/mering.info\/?p=1356"]}]},{"@type":"ImageObject","inLanguage":"de","@id":"https:\/\/mering.info\/?p=1356#primaryimage","url":"https:\/\/mering.info\/wp-content\/uploads\/2017\/05\/woman-1262450_672-Schrift2.jpg","contentUrl":"https:\/\/mering.info\/wp-content\/uploads\/2017\/05\/woman-1262450_672-Schrift2.jpg","width":672,"height":372},{"@type":"BreadcrumbList","@id":"https:\/\/mering.info\/?p=1356#breadcrumb","itemListElement":[{"@type":"ListItem","position":1,"name":"Startseite","item":"https:\/\/mering.info\/"},{"@type":"ListItem","position":2,"name":"PRO BAHN-Bezirksgruppe Schwaben"}]},{"@type":"WebSite","@id":"https:\/\/mering.info\/#website","url":"https:\/\/mering.info\/","name":"Nachhaltiges Mering","description":"Zukunftsf\u00e4higes Mering","potentialAction":[{"@type":"SearchAction","target":{"@type":"EntryPoint","urlTemplate":"https:\/\/mering.info\/?s={search_term_string}"},"query-input":{"@type":"PropertyValueSpecification","valueRequired":true,"valueName":"search_term_string"}}],"inLanguage":"de"},{"@type":"Person","@id":"https:\/\/mering.info\/#\/schema\/person\/08df38d0c110016beace1117810c1e25","name":"Rudolf Kaiserswerth","url":"https:\/\/mering.info\/?author=2"}]}},"jetpack_publicize_connections":[],"jetpack_featured_media_url":"https:\/\/mering.info\/wp-content\/uploads\/2017\/05\/woman-1262450_672-Schrift2.jpg","jetpack_sharing_enabled":true,"_links":{"self":[{"href":"https:\/\/mering.info\/index.php?rest_route=\/wp\/v2\/posts\/1356","targetHints":{"allow":["GET"]}}],"collection":[{"href":"https:\/\/mering.info\/index.php?rest_route=\/wp\/v2\/posts"}],"about":[{"href":"https:\/\/mering.info\/index.php?rest_route=\/wp\/v2\/types\/post"}],"author":[{"embeddable":true,"href":"https:\/\/mering.info\/index.php?rest_route=\/wp\/v2\/users\/2"}],"replies":[{"embeddable":true,"href":"https:\/\/mering.info\/index.php?rest_route=%2Fwp%2Fv2%2Fcomments&post=1356"}],"version-history":[{"count":9,"href":"https:\/\/mering.info\/index.php?rest_route=\/wp\/v2\/posts\/1356\/revisions"}],"predecessor-version":[{"id":1576,"href":"https:\/\/mering.info\/index.php?rest_route=\/wp\/v2\/posts\/1356\/revisions\/1576"}],"wp:featuredmedia":[{"embeddable":true,"href":"https:\/\/mering.info\/index.php?rest_route=\/wp\/v2\/media\/1568"}],"wp:attachment":[{"href":"https:\/\/mering.info\/index.php?rest_route=%2Fwp%2Fv2%2Fmedia&parent=1356"}],"wp:term":[{"taxonomy":"category","embeddable":true,"href":"https:\/\/mering.info\/index.php?rest_route=%2Fwp%2Fv2%2Fcategories&post=1356"},{"taxonomy":"post_tag","embeddable":true,"href":"https:\/\/mering.info\/index.php?rest_route=%2Fwp%2Fv2%2Ftags&post=1356"}],"curies":[{"name":"wp","href":"https:\/\/api.w.org\/{rel}","templated":true}]}}