{"id":15,"date":"2015-12-21T14:24:18","date_gmt":"2015-12-21T13:24:18","guid":{"rendered":"http:\/\/mering.info\/?p=15"},"modified":"2017-04-05T23:09:09","modified_gmt":"2017-04-05T21:09:09","slug":"das-fest","status":"publish","type":"post","link":"https:\/\/mering.info\/?p=15","title":{"rendered":"Das Fest 2016"},"content":{"rendered":"<div class=\"entry-content\">\n<h3>Warum ein Zukunfts-Markt f\u00fcr Mering und die Region?<\/h3>\n<p>Wir, das &#8218;<strong>B\u00fcndnis f\u00fcr Nachhaltigkeit<\/strong>&#8218;, sind ein lockerer und informeller Zusammenschlu\u00df von <a href=\"https:\/\/mering.info\/?page_id=58\">Organisationen<\/a> und <a href=\"https:\/\/mering.info\/?page_id=162\">Personen<\/a>, der sich auf Anregung der <a href=\"http:\/\/www.kab-augsburg.org\/\" target=\"_blank\">KAB (Katholische Arbeitnehmer-Bewegung)<\/a> zusammengefunden hat.<\/p>\n<p>Unsere \u00dcberzeugung ist, dass <strong>unsere bisherige Lebensweise nicht zukunftsf\u00e4hig<\/strong> ist weil sie bereits heute unseren Planeten \u00fcberfordert und daher ein Umdenken dringend notwendig ist.<\/p>\n<p>Wir wollen <b>klug und \u00fcberlegt <\/b>mit den uns zur Verf\u00fcgung stehenden Ressourcen umgehen und anderen Menschen zeigen, wie sie das ebenfalls tun k\u00f6nnen. Dabei geht es uns um Wege, die sich im Alltagsleben bew\u00e4hrt haben, denn diese sind oft einfacher, als man denkt.<\/p>\n<h3>Was k\u00f6nnen Sie tun?<\/h3>\n<p>Das Fest bietet hierzu umfangreiche<b> Informationen<\/b><b>, <\/b>Gelegenheiten<b> <\/b>zum <strong>Mitmachen<\/strong>, zur <strong>Diskussion<\/strong> und zum <strong>Meinungsaustausch<\/strong>. Viele <a href=\"https:\/\/mering.info\/?page_id=318\" target=\"_blank\"><strong>Anbieter aus der Region<\/strong><\/a> pr\u00e4sentieren ihre Produkte.\u00a0 Genie\u00dfen Sie auch unser <a href=\"https:\/\/mering.info\/?page_id=332\" target=\"_blank\"><strong>Kulturangebot<\/strong><\/a> und die <a href=\"https:\/\/mering.info\/?page_id=354\" target=\"_blank\"><strong>Verk\u00f6stigung<\/strong><\/a> auf dem Gel\u00e4nde. Es ist f\u00fcr alle etwas geboten, f\u00fcr Gro\u00df und Klein, Jung und Alt.<\/p>\n<p>Wir m\u00f6chten Sie schlie\u00dflich dazu inspirieren,\u00a0 aus den pr\u00e4sentierten Ideen und Vorschl\u00e4gen ein, zwei Punkte ausw\u00e4hlen, die Sie pers\u00f6nlich im n\u00e4chsten halben Jahr auf Ihrem Weg zu mehr Nachhaltigkeit umsetzen m\u00f6chten. <b>Jeder Schritt z\u00e4hlt <\/b>und kann dabei helfen, unsere Welt zu bewahren und uns und unseren Nachkommen ein gutes Leben zu erm\u00f6glichen.<\/p>\n<h3>Die Idee<\/h3>\n<p>Wir veranstalten ein regionales Fest, das \u00f6kologische, \u00f6konomische und soziale Aspekte beinhaltet und bei dem:<\/p>\n<ul>\n<li>sich alle Gruppen pr\u00e4sentieren k\u00f6nnen, die sich f\u00fcr regionalen Handel, St\u00e4rkung der regionalen Wirtschaft und nachhaltigen Konsum einsetzen.<\/li>\n<li>sich die Anbieter mit ihren Produkten, Ideen und Aktionen der \u00d6ffentlichkeit vorstellen k\u00f6nnen.<\/li>\n<li>kulturell ein Programm geboten werden soll, das Mering und die Region hervorhebt.<\/li>\n<\/ul>\n<h3>Veranstaltungsdetails<\/h3>\n<p>Der Zukunfts-Markt-Mering findet statt am:<\/p>\n<ul>\n<li><b>Sonntag, den 3. Juli 2016<\/b><\/li>\n<li><strong>von 12:00 bis 18:00<\/strong><\/li>\n<\/ul>\n<p>Bei gutem Wetter finden Sie uns im <a href=\"https:\/\/mering.info\/?p=10\" target=\"_blank\"><strong>Lippgarten in Mering<\/strong><\/a> sowie im <strong>Papst-Johannes-Haus<\/strong> in Mering.<\/p>\n<p>Bei schlechtem Wetter wird die Veranstaltung komplett ins <strong>Papst-Johannes-Haus<\/strong> verlegt.<\/p>\n<p>Entsprechend der Wettervorhersage werden wir bis Samstag, den 2. Juli 2016, 18:00 unsere <strong>Entscheidung zum endg\u00fcltigen Veranstaltungsort<\/strong> hier bekanntgeben.<\/p>\n<p>Weitere Informationen:<\/p>\n<ul>\n<li><a href=\"https:\/\/mering.info\/?p=7\">Unser Programm finden Sie hier<\/a>.<\/li>\n<li><a href=\"https:\/\/mering.info\/?p=10\">Informationen zur Anfahrt finden Sie hier<\/a>.<\/li>\n<\/ul>\n<\/div>\n","protected":false},"excerpt":{"rendered":"<p>Warum ein Zukunfts-Markt f\u00fcr Mering und die Region? Wir, das &#8218;B\u00fcndnis f\u00fcr Nachhaltigkeit&#8218;, sind ein lockerer und informeller Zusammenschlu\u00df von Organisationen und Personen, der sich auf Anregung der KAB (Katholische &hellip; <a href=\"https:\/\/mering.info\/?p=15\" class=\"more-link\"><span class=\"screen-reader-text\">Das Fest 2016<\/span> weiterlesen <span class=\"meta-nav\">&rarr;<\/span><\/a><\/p>\n","protected":false},"author":2,"featured_media":159,"comment_status":"open","ping_status":"open","sticky":false,"template":"","format":"standard","meta":{"jetpack_post_was_ever_published":false,"_jetpack_newsletter_access":"","_jetpack_dont_email_post_to_subs":true,"_jetpack_newsletter_tier_id":0,"_jetpack_memberships_contains_paywalled_content":false,"_jetpack_memberships_contains_paid_content":false,"footnotes":"","jetpack_publicize_message":"","jetpack_publicize_feature_enabled":true,"jetpack_social_post_already_shared":false,"jetpack_social_options":{"image_generator_settings":{"template":"highway","default_image_id":0,"font":"","enabled":false},"version":2}},"categories":[18],"tags":[6,7],"class_list":["post-15","post","type-post","status-publish","format-standard","has-post-thumbnail","hentry","category-veranstaltung","tag-buendnis","tag-veranstaltung"],"yoast_head":"<!-- This site is optimized with the Yoast SEO plugin v27.5 - https:\/\/yoast.com\/product\/yoast-seo-wordpress\/ -->\n<title>Das Fest 2016 - Nachhaltiges Mering<\/title>\n<meta name=\"robots\" content=\"index, follow, max-snippet:-1, max-image-preview:large, max-video-preview:-1\" \/>\n<link rel=\"canonical\" href=\"https:\/\/mering.info\/?p=15\" \/>\n<meta property=\"og:locale\" content=\"de_DE\" \/>\n<meta property=\"og:type\" content=\"article\" \/>\n<meta property=\"og:title\" content=\"Das Fest 2016 - Nachhaltiges Mering\" \/>\n<meta property=\"og:description\" content=\"Warum ein Zukunfts-Markt f\u00fcr Mering und die Region? Wir, das &#8218;B\u00fcndnis f\u00fcr Nachhaltigkeit&#8218;, sind ein lockerer und informeller Zusammenschlu\u00df von Organisationen und Personen, der sich auf Anregung der KAB (Katholische &hellip; Das Fest 2016 weiterlesen &rarr;\" \/>\n<meta property=\"og:url\" content=\"https:\/\/mering.info\/?p=15\" \/>\n<meta property=\"og:site_name\" content=\"Nachhaltiges Mering\" \/>\n<meta property=\"article:published_time\" content=\"2015-12-21T13:24:18+00:00\" \/>\n<meta property=\"article:modified_time\" content=\"2017-04-05T21:09:09+00:00\" \/>\n<meta property=\"og:image\" content=\"https:\/\/mering.info\/wp-content\/uploads\/2015\/12\/event-603461_1920_672.jpg\" \/>\n\t<meta property=\"og:image:width\" content=\"672\" \/>\n\t<meta property=\"og:image:height\" content=\"372\" \/>\n\t<meta property=\"og:image:type\" content=\"image\/jpeg\" \/>\n<meta name=\"author\" content=\"Rudolf Kaiserswerth\" \/>\n<meta name=\"twitter:card\" content=\"summary_large_image\" \/>\n<meta name=\"twitter:label1\" content=\"Verfasst von\" \/>\n\t<meta name=\"twitter:data1\" content=\"Rudolf Kaiserswerth\" \/>\n\t<meta name=\"twitter:label2\" content=\"Gesch\u00e4tzte Lesezeit\" \/>\n\t<meta name=\"twitter:data2\" content=\"2\u00a0Minuten\" \/>\n<script type=\"application\/ld+json\" class=\"yoast-schema-graph\">{\"@context\":\"https:\\\/\\\/schema.org\",\"@graph\":[{\"@type\":\"Article\",\"@id\":\"https:\\\/\\\/mering.info\\\/?p=15#article\",\"isPartOf\":{\"@id\":\"https:\\\/\\\/mering.info\\\/?p=15\"},\"author\":{\"name\":\"Rudolf Kaiserswerth\",\"@id\":\"https:\\\/\\\/mering.info\\\/#\\\/schema\\\/person\\\/08df38d0c110016beace1117810c1e25\"},\"headline\":\"Das Fest 2016\",\"datePublished\":\"2015-12-21T13:24:18+00:00\",\"dateModified\":\"2017-04-05T21:09:09+00:00\",\"mainEntityOfPage\":{\"@id\":\"https:\\\/\\\/mering.info\\\/?p=15\"},\"wordCount\":359,\"commentCount\":0,\"image\":{\"@id\":\"https:\\\/\\\/mering.info\\\/?p=15#primaryimage\"},\"thumbnailUrl\":\"https:\\\/\\\/mering.info\\\/wp-content\\\/uploads\\\/2015\\\/12\\\/event-603461_1920_672.jpg\",\"keywords\":[\"B\u00fcndnis\",\"Veranstaltung\"],\"articleSection\":[\"ZukunftsMarkt 2016\"],\"inLanguage\":\"de\",\"potentialAction\":[{\"@type\":\"CommentAction\",\"name\":\"Comment\",\"target\":[\"https:\\\/\\\/mering.info\\\/?p=15#respond\"]}]},{\"@type\":\"WebPage\",\"@id\":\"https:\\\/\\\/mering.info\\\/?p=15\",\"url\":\"https:\\\/\\\/mering.info\\\/?p=15\",\"name\":\"Das Fest 2016 - Nachhaltiges Mering\",\"isPartOf\":{\"@id\":\"https:\\\/\\\/mering.info\\\/#website\"},\"primaryImageOfPage\":{\"@id\":\"https:\\\/\\\/mering.info\\\/?p=15#primaryimage\"},\"image\":{\"@id\":\"https:\\\/\\\/mering.info\\\/?p=15#primaryimage\"},\"thumbnailUrl\":\"https:\\\/\\\/mering.info\\\/wp-content\\\/uploads\\\/2015\\\/12\\\/event-603461_1920_672.jpg\",\"datePublished\":\"2015-12-21T13:24:18+00:00\",\"dateModified\":\"2017-04-05T21:09:09+00:00\",\"author\":{\"@id\":\"https:\\\/\\\/mering.info\\\/#\\\/schema\\\/person\\\/08df38d0c110016beace1117810c1e25\"},\"breadcrumb\":{\"@id\":\"https:\\\/\\\/mering.info\\\/?p=15#breadcrumb\"},\"inLanguage\":\"de\",\"potentialAction\":[{\"@type\":\"ReadAction\",\"target\":[\"https:\\\/\\\/mering.info\\\/?p=15\"]}]},{\"@type\":\"ImageObject\",\"inLanguage\":\"de\",\"@id\":\"https:\\\/\\\/mering.info\\\/?p=15#primaryimage\",\"url\":\"https:\\\/\\\/mering.info\\\/wp-content\\\/uploads\\\/2015\\\/12\\\/event-603461_1920_672.jpg\",\"contentUrl\":\"https:\\\/\\\/mering.info\\\/wp-content\\\/uploads\\\/2015\\\/12\\\/event-603461_1920_672.jpg\",\"width\":672,\"height\":372,\"caption\":\"Bildquelle: www.pixabay.com\"},{\"@type\":\"BreadcrumbList\",\"@id\":\"https:\\\/\\\/mering.info\\\/?p=15#breadcrumb\",\"itemListElement\":[{\"@type\":\"ListItem\",\"position\":1,\"name\":\"Startseite\",\"item\":\"https:\\\/\\\/mering.info\\\/\"},{\"@type\":\"ListItem\",\"position\":2,\"name\":\"Das Fest 2016\"}]},{\"@type\":\"WebSite\",\"@id\":\"https:\\\/\\\/mering.info\\\/#website\",\"url\":\"https:\\\/\\\/mering.info\\\/\",\"name\":\"Nachhaltiges Mering\",\"description\":\"Zukunftsf\u00e4higes Mering\",\"potentialAction\":[{\"@type\":\"SearchAction\",\"target\":{\"@type\":\"EntryPoint\",\"urlTemplate\":\"https:\\\/\\\/mering.info\\\/?s={search_term_string}\"},\"query-input\":{\"@type\":\"PropertyValueSpecification\",\"valueRequired\":true,\"valueName\":\"search_term_string\"}}],\"inLanguage\":\"de\"},{\"@type\":\"Person\",\"@id\":\"https:\\\/\\\/mering.info\\\/#\\\/schema\\\/person\\\/08df38d0c110016beace1117810c1e25\",\"name\":\"Rudolf Kaiserswerth\",\"url\":\"https:\\\/\\\/mering.info\\\/?author=2\"}]}<\/script>\n<!-- \/ Yoast SEO plugin. -->","yoast_head_json":{"title":"Das Fest 2016 - Nachhaltiges Mering","robots":{"index":"index","follow":"follow","max-snippet":"max-snippet:-1","max-image-preview":"max-image-preview:large","max-video-preview":"max-video-preview:-1"},"canonical":"https:\/\/mering.info\/?p=15","og_locale":"de_DE","og_type":"article","og_title":"Das Fest 2016 - Nachhaltiges Mering","og_description":"Warum ein Zukunfts-Markt f\u00fcr Mering und die Region? Wir, das &#8218;B\u00fcndnis f\u00fcr Nachhaltigkeit&#8218;, sind ein lockerer und informeller Zusammenschlu\u00df von Organisationen und Personen, der sich auf Anregung der KAB (Katholische &hellip; Das Fest 2016 weiterlesen &rarr;","og_url":"https:\/\/mering.info\/?p=15","og_site_name":"Nachhaltiges Mering","article_published_time":"2015-12-21T13:24:18+00:00","article_modified_time":"2017-04-05T21:09:09+00:00","og_image":[{"width":672,"height":372,"url":"https:\/\/mering.info\/wp-content\/uploads\/2015\/12\/event-603461_1920_672.jpg","type":"image\/jpeg"}],"author":"Rudolf Kaiserswerth","twitter_card":"summary_large_image","twitter_misc":{"Verfasst von":"Rudolf Kaiserswerth","Gesch\u00e4tzte Lesezeit":"2\u00a0Minuten"},"schema":{"@context":"https:\/\/schema.org","@graph":[{"@type":"Article","@id":"https:\/\/mering.info\/?p=15#article","isPartOf":{"@id":"https:\/\/mering.info\/?p=15"},"author":{"name":"Rudolf Kaiserswerth","@id":"https:\/\/mering.info\/#\/schema\/person\/08df38d0c110016beace1117810c1e25"},"headline":"Das Fest 2016","datePublished":"2015-12-21T13:24:18+00:00","dateModified":"2017-04-05T21:09:09+00:00","mainEntityOfPage":{"@id":"https:\/\/mering.info\/?p=15"},"wordCount":359,"commentCount":0,"image":{"@id":"https:\/\/mering.info\/?p=15#primaryimage"},"thumbnailUrl":"https:\/\/mering.info\/wp-content\/uploads\/2015\/12\/event-603461_1920_672.jpg","keywords":["B\u00fcndnis","Veranstaltung"],"articleSection":["ZukunftsMarkt 2016"],"inLanguage":"de","potentialAction":[{"@type":"CommentAction","name":"Comment","target":["https:\/\/mering.info\/?p=15#respond"]}]},{"@type":"WebPage","@id":"https:\/\/mering.info\/?p=15","url":"https:\/\/mering.info\/?p=15","name":"Das Fest 2016 - Nachhaltiges Mering","isPartOf":{"@id":"https:\/\/mering.info\/#website"},"primaryImageOfPage":{"@id":"https:\/\/mering.info\/?p=15#primaryimage"},"image":{"@id":"https:\/\/mering.info\/?p=15#primaryimage"},"thumbnailUrl":"https:\/\/mering.info\/wp-content\/uploads\/2015\/12\/event-603461_1920_672.jpg","datePublished":"2015-12-21T13:24:18+00:00","dateModified":"2017-04-05T21:09:09+00:00","author":{"@id":"https:\/\/mering.info\/#\/schema\/person\/08df38d0c110016beace1117810c1e25"},"breadcrumb":{"@id":"https:\/\/mering.info\/?p=15#breadcrumb"},"inLanguage":"de","potentialAction":[{"@type":"ReadAction","target":["https:\/\/mering.info\/?p=15"]}]},{"@type":"ImageObject","inLanguage":"de","@id":"https:\/\/mering.info\/?p=15#primaryimage","url":"https:\/\/mering.info\/wp-content\/uploads\/2015\/12\/event-603461_1920_672.jpg","contentUrl":"https:\/\/mering.info\/wp-content\/uploads\/2015\/12\/event-603461_1920_672.jpg","width":672,"height":372,"caption":"Bildquelle: www.pixabay.com"},{"@type":"BreadcrumbList","@id":"https:\/\/mering.info\/?p=15#breadcrumb","itemListElement":[{"@type":"ListItem","position":1,"name":"Startseite","item":"https:\/\/mering.info\/"},{"@type":"ListItem","position":2,"name":"Das Fest 2016"}]},{"@type":"WebSite","@id":"https:\/\/mering.info\/#website","url":"https:\/\/mering.info\/","name":"Nachhaltiges Mering","description":"Zukunftsf\u00e4higes Mering","potentialAction":[{"@type":"SearchAction","target":{"@type":"EntryPoint","urlTemplate":"https:\/\/mering.info\/?s={search_term_string}"},"query-input":{"@type":"PropertyValueSpecification","valueRequired":true,"valueName":"search_term_string"}}],"inLanguage":"de"},{"@type":"Person","@id":"https:\/\/mering.info\/#\/schema\/person\/08df38d0c110016beace1117810c1e25","name":"Rudolf Kaiserswerth","url":"https:\/\/mering.info\/?author=2"}]}},"jetpack_publicize_connections":[],"jetpack_featured_media_url":"https:\/\/mering.info\/wp-content\/uploads\/2015\/12\/event-603461_1920_672.jpg","jetpack_sharing_enabled":true,"_links":{"self":[{"href":"https:\/\/mering.info\/index.php?rest_route=\/wp\/v2\/posts\/15","targetHints":{"allow":["GET"]}}],"collection":[{"href":"https:\/\/mering.info\/index.php?rest_route=\/wp\/v2\/posts"}],"about":[{"href":"https:\/\/mering.info\/index.php?rest_route=\/wp\/v2\/types\/post"}],"author":[{"embeddable":true,"href":"https:\/\/mering.info\/index.php?rest_route=\/wp\/v2\/users\/2"}],"replies":[{"embeddable":true,"href":"https:\/\/mering.info\/index.php?rest_route=%2Fwp%2Fv2%2Fcomments&post=15"}],"version-history":[{"count":14,"href":"https:\/\/mering.info\/index.php?rest_route=\/wp\/v2\/posts\/15\/revisions"}],"predecessor-version":[{"id":1397,"href":"https:\/\/mering.info\/index.php?rest_route=\/wp\/v2\/posts\/15\/revisions\/1397"}],"wp:featuredmedia":[{"embeddable":true,"href":"https:\/\/mering.info\/index.php?rest_route=\/wp\/v2\/media\/159"}],"wp:attachment":[{"href":"https:\/\/mering.info\/index.php?rest_route=%2Fwp%2Fv2%2Fmedia&parent=15"}],"wp:term":[{"taxonomy":"category","embeddable":true,"href":"https:\/\/mering.info\/index.php?rest_route=%2Fwp%2Fv2%2Fcategories&post=15"},{"taxonomy":"post_tag","embeddable":true,"href":"https:\/\/mering.info\/index.php?rest_route=%2Fwp%2Fv2%2Ftags&post=15"}],"curies":[{"name":"wp","href":"https:\/\/api.w.org\/{rel}","templated":true}]}}