{"id":2203,"date":"2018-04-10T18:49:21","date_gmt":"2018-04-10T16:49:21","guid":{"rendered":"http:\/\/mering.info\/?p=2203"},"modified":"2018-04-10T18:50:55","modified_gmt":"2018-04-10T16:50:55","slug":"vernissage-glaenzende-aussichten-lockt-viele-besucher-an","status":"publish","type":"post","link":"https:\/\/mering.info\/?p=2203","title":{"rendered":"Vernissage &#8218;Gl\u00e4nzende Aussichten&#8216; lockt viele Besucher an"},"content":{"rendered":"<p>Die <strong>Vernissage zur \u201eKarikaturen-Ausstellung\u201c<\/strong> lockte viele Besucher in die Meringer B\u00fccherei. \u201eAls sehr gelungen\u201c wurde der Auftakt zur Austellung empfunden.<\/p>\n<p><!--more--><\/p>\n<figure id=\"attachment_2207\" aria-describedby=\"caption-attachment-2207\" style=\"width: 3977px\" class=\"wp-caption alignnone\"><img fetchpriority=\"high\" decoding=\"async\" class=\"size-full wp-image-2207\" src=\"https:\/\/mering.info\/wp-content\/uploads\/2018\/04\/Foto_Michl_Pfingsten_2018_Pfarrer_Schwartz_Dudella_KAB_Slawik_Misereor_P4060570.jpg\" alt=\"\" width=\"3977\" height=\"2987\" srcset=\"https:\/\/mering.info\/wp-content\/uploads\/2018\/04\/Foto_Michl_Pfingsten_2018_Pfarrer_Schwartz_Dudella_KAB_Slawik_Misereor_P4060570.jpg 3977w, https:\/\/mering.info\/wp-content\/uploads\/2018\/04\/Foto_Michl_Pfingsten_2018_Pfarrer_Schwartz_Dudella_KAB_Slawik_Misereor_P4060570-300x225.jpg 300w, https:\/\/mering.info\/wp-content\/uploads\/2018\/04\/Foto_Michl_Pfingsten_2018_Pfarrer_Schwartz_Dudella_KAB_Slawik_Misereor_P4060570-768x577.jpg 768w, https:\/\/mering.info\/wp-content\/uploads\/2018\/04\/Foto_Michl_Pfingsten_2018_Pfarrer_Schwartz_Dudella_KAB_Slawik_Misereor_P4060570-1024x769.jpg 1024w\" sizes=\"(max-width: 3977px) 100vw, 3977px\" \/><figcaption id=\"caption-attachment-2207\" class=\"wp-caption-text\">Sabine Slawik von Misereor und Pfarrer Dr. Thomas Schwartz freuen sich \u00fcber einen ZukunftsBecher des B\u00fcndnisses f\u00fcr Nachhaltigkeit, welchen Michael Dudella von der KAB \u00fcberreicht hat.<\/figcaption><\/figure>\n<p><strong>Sabine Slawik von der Misereor-Arbeitsstelle in M\u00fcnchen<\/strong> griff in ihrem Vortrag die Gr\u00fcnde auf, weshalb das Hilfswerk Misereor sich der Problematik Lebensstil, Konsum, Klimawandel und Gerechtigkeit annimmt. Misereor habe als Ziel, stets Hilfe zur Selbsthilfe zu leisten und dadurch die Lebensverh\u00e4ltnisse der Menschen im S\u00fcden zu verbessern. Dazu sei in Deutschland und Europa mehr Nachhaltigkeit und Armutsorientierung in Politik und Wirtschaft gefragt.<\/p>\n<p><strong>Pfarrer Prof. Dr. Thomas Schwartz<\/strong> ging mit dem Hintergrund der Umweltenzyklika \u201eLaudato si\u201c auf die Lebensstile ein und fragte dabei auch, wie wir leben m\u00fcssen, damit es unseren Nachfahren in 300 Jahren auch gut gehe.<\/p>\n<figure id=\"attachment_2209\" aria-describedby=\"caption-attachment-2209\" style=\"width: 3528px\" class=\"wp-caption alignnone\"><img decoding=\"async\" class=\"size-full wp-image-2209\" src=\"https:\/\/mering.info\/wp-content\/uploads\/2018\/04\/Ex-Kinihasn-Band.jpg\" alt=\"\" width=\"3528\" height=\"2548\" srcset=\"https:\/\/mering.info\/wp-content\/uploads\/2018\/04\/Ex-Kinihasn-Band.jpg 3528w, https:\/\/mering.info\/wp-content\/uploads\/2018\/04\/Ex-Kinihasn-Band-300x217.jpg 300w, https:\/\/mering.info\/wp-content\/uploads\/2018\/04\/Ex-Kinihasn-Band-768x555.jpg 768w, https:\/\/mering.info\/wp-content\/uploads\/2018\/04\/Ex-Kinihasn-Band-1024x740.jpg 1024w\" sizes=\"(max-width: 3528px) 100vw, 3528px\" \/><figcaption id=\"caption-attachment-2209\" class=\"wp-caption-text\">Die Band freut sich ebenfalls \u00fcber die Meringer ZukunftsBecher<\/figcaption><\/figure>\n<p>Die Band, die aus den Kinihasn hervorgeht und aktuell noch auf der Suche nach einem Namen ist, spielte <strong>kabarettistische Gesangseinlagen<\/strong>, begleitet von Gitarre, Schlagzeug, Trompete und einem \u201eLuftpiano\u201c.<\/p>\n<p>Nach dem fast 2-st\u00fcndigen Programm nutzten die Besucher bei <strong>Fingerfood und Getr\u00e4nken<\/strong> die Gelegenheit zum Gedankenaustausch und zur Besichtigung der Bilder.<\/p>\n<p><strong>Noch bis einschlie\u00dflich Freitag, 13. April 2018<\/strong> sind 65 Bilder in der B\u00fccherei Mering zu sehen. Zudem h\u00e4ngen in Gesch\u00e4ften in Mering weitere 34 Bilder.<\/p>\n","protected":false},"excerpt":{"rendered":"<p>Die Vernissage zur \u201eKarikaturen-Ausstellung\u201c lockte viele Besucher in die Meringer B\u00fccherei. \u201eAls sehr gelungen\u201c wurde der Auftakt zur Austellung empfunden.<\/p>\n","protected":false},"author":2,"featured_media":2184,"comment_status":"open","ping_status":"open","sticky":false,"template":"","format":"standard","meta":{"jetpack_post_was_ever_published":false,"_jetpack_newsletter_access":"","_jetpack_dont_email_post_to_subs":false,"_jetpack_newsletter_tier_id":0,"_jetpack_memberships_contains_paywalled_content":false,"_jetpack_memberships_contains_paid_content":false,"footnotes":"","jetpack_publicize_message":"","jetpack_publicize_feature_enabled":true,"jetpack_social_post_already_shared":true,"jetpack_social_options":{"image_generator_settings":{"template":"highway","default_image_id":0,"font":"","enabled":false},"version":2}},"categories":[128],"tags":[129,31,30,50,7,51],"class_list":["post-2203","post","type-post","status-publish","format-standard","has-post-thumbnail","hentry","category-ausstellung","tag-ausstellung","tag-essen-und-trinken","tag-kultur","tag-musik","tag-veranstaltung","tag-vortrag"],"yoast_head":"<!-- This site is optimized with the Yoast SEO plugin v27.5 - https:\/\/yoast.com\/product\/yoast-seo-wordpress\/ -->\n<title>Vernissage &#039;Gl\u00e4nzende Aussichten&#039; lockt viele Besucher an - Nachhaltiges Mering<\/title>\n<meta name=\"robots\" content=\"index, follow, max-snippet:-1, max-image-preview:large, max-video-preview:-1\" \/>\n<link rel=\"canonical\" href=\"https:\/\/mering.info\/?p=2203\" \/>\n<meta property=\"og:locale\" content=\"de_DE\" \/>\n<meta property=\"og:type\" content=\"article\" \/>\n<meta property=\"og:title\" content=\"Vernissage &#039;Gl\u00e4nzende Aussichten&#039; lockt viele Besucher an - Nachhaltiges Mering\" \/>\n<meta property=\"og:description\" content=\"Die Vernissage zur \u201eKarikaturen-Ausstellung\u201c lockte viele Besucher in die Meringer B\u00fccherei. \u201eAls sehr gelungen\u201c wurde der Auftakt zur Austellung empfunden.\" \/>\n<meta property=\"og:url\" content=\"https:\/\/mering.info\/?p=2203\" \/>\n<meta property=\"og:site_name\" content=\"Nachhaltiges Mering\" \/>\n<meta property=\"article:published_time\" content=\"2018-04-10T16:49:21+00:00\" \/>\n<meta property=\"article:modified_time\" content=\"2018-04-10T16:50:55+00:00\" \/>\n<meta property=\"og:image\" content=\"https:\/\/mering.info\/wp-content\/uploads\/2018\/03\/Karikatur-Plastik_672.jpg\" \/>\n\t<meta property=\"og:image:width\" content=\"672\" \/>\n\t<meta property=\"og:image:height\" content=\"371\" \/>\n\t<meta property=\"og:image:type\" content=\"image\/jpeg\" \/>\n<meta name=\"author\" content=\"Rudolf Kaiserswerth\" \/>\n<meta name=\"twitter:card\" content=\"summary_large_image\" \/>\n<meta name=\"twitter:label1\" content=\"Verfasst von\" \/>\n\t<meta name=\"twitter:data1\" content=\"Rudolf Kaiserswerth\" \/>\n\t<meta name=\"twitter:label2\" content=\"Gesch\u00e4tzte Lesezeit\" \/>\n\t<meta name=\"twitter:data2\" content=\"1\u00a0Minute\" \/>\n<script type=\"application\/ld+json\" class=\"yoast-schema-graph\">{\"@context\":\"https:\\\/\\\/schema.org\",\"@graph\":[{\"@type\":\"Article\",\"@id\":\"https:\\\/\\\/mering.info\\\/?p=2203#article\",\"isPartOf\":{\"@id\":\"https:\\\/\\\/mering.info\\\/?p=2203\"},\"author\":{\"name\":\"Rudolf Kaiserswerth\",\"@id\":\"https:\\\/\\\/mering.info\\\/#\\\/schema\\\/person\\\/08df38d0c110016beace1117810c1e25\"},\"headline\":\"Vernissage &#8218;Gl\u00e4nzende Aussichten&#8216; lockt viele Besucher an\",\"datePublished\":\"2018-04-10T16:49:21+00:00\",\"dateModified\":\"2018-04-10T16:50:55+00:00\",\"mainEntityOfPage\":{\"@id\":\"https:\\\/\\\/mering.info\\\/?p=2203\"},\"wordCount\":257,\"commentCount\":0,\"image\":{\"@id\":\"https:\\\/\\\/mering.info\\\/?p=2203#primaryimage\"},\"thumbnailUrl\":\"https:\\\/\\\/mering.info\\\/wp-content\\\/uploads\\\/2018\\\/03\\\/Karikatur-Plastik_672.jpg\",\"keywords\":[\"Ausstellung\",\"Essen und Trinken\",\"Kultur\",\"Musik\",\"Veranstaltung\",\"Vortrag\"],\"articleSection\":[\"Ausstellung\"],\"inLanguage\":\"de\",\"potentialAction\":[{\"@type\":\"CommentAction\",\"name\":\"Comment\",\"target\":[\"https:\\\/\\\/mering.info\\\/?p=2203#respond\"]}]},{\"@type\":\"WebPage\",\"@id\":\"https:\\\/\\\/mering.info\\\/?p=2203\",\"url\":\"https:\\\/\\\/mering.info\\\/?p=2203\",\"name\":\"Vernissage 'Gl\u00e4nzende Aussichten' lockt viele Besucher an - Nachhaltiges Mering\",\"isPartOf\":{\"@id\":\"https:\\\/\\\/mering.info\\\/#website\"},\"primaryImageOfPage\":{\"@id\":\"https:\\\/\\\/mering.info\\\/?p=2203#primaryimage\"},\"image\":{\"@id\":\"https:\\\/\\\/mering.info\\\/?p=2203#primaryimage\"},\"thumbnailUrl\":\"https:\\\/\\\/mering.info\\\/wp-content\\\/uploads\\\/2018\\\/03\\\/Karikatur-Plastik_672.jpg\",\"datePublished\":\"2018-04-10T16:49:21+00:00\",\"dateModified\":\"2018-04-10T16:50:55+00:00\",\"author\":{\"@id\":\"https:\\\/\\\/mering.info\\\/#\\\/schema\\\/person\\\/08df38d0c110016beace1117810c1e25\"},\"breadcrumb\":{\"@id\":\"https:\\\/\\\/mering.info\\\/?p=2203#breadcrumb\"},\"inLanguage\":\"de\",\"potentialAction\":[{\"@type\":\"ReadAction\",\"target\":[\"https:\\\/\\\/mering.info\\\/?p=2203\"]}]},{\"@type\":\"ImageObject\",\"inLanguage\":\"de\",\"@id\":\"https:\\\/\\\/mering.info\\\/?p=2203#primaryimage\",\"url\":\"https:\\\/\\\/mering.info\\\/wp-content\\\/uploads\\\/2018\\\/03\\\/Karikatur-Plastik_672.jpg\",\"contentUrl\":\"https:\\\/\\\/mering.info\\\/wp-content\\\/uploads\\\/2018\\\/03\\\/Karikatur-Plastik_672.jpg\",\"width\":672,\"height\":371},{\"@type\":\"BreadcrumbList\",\"@id\":\"https:\\\/\\\/mering.info\\\/?p=2203#breadcrumb\",\"itemListElement\":[{\"@type\":\"ListItem\",\"position\":1,\"name\":\"Startseite\",\"item\":\"https:\\\/\\\/mering.info\\\/\"},{\"@type\":\"ListItem\",\"position\":2,\"name\":\"Vernissage &#8218;Gl\u00e4nzende Aussichten&#8216; lockt viele Besucher an\"}]},{\"@type\":\"WebSite\",\"@id\":\"https:\\\/\\\/mering.info\\\/#website\",\"url\":\"https:\\\/\\\/mering.info\\\/\",\"name\":\"Nachhaltiges Mering\",\"description\":\"Zukunftsf\u00e4higes Mering\",\"potentialAction\":[{\"@type\":\"SearchAction\",\"target\":{\"@type\":\"EntryPoint\",\"urlTemplate\":\"https:\\\/\\\/mering.info\\\/?s={search_term_string}\"},\"query-input\":{\"@type\":\"PropertyValueSpecification\",\"valueRequired\":true,\"valueName\":\"search_term_string\"}}],\"inLanguage\":\"de\"},{\"@type\":\"Person\",\"@id\":\"https:\\\/\\\/mering.info\\\/#\\\/schema\\\/person\\\/08df38d0c110016beace1117810c1e25\",\"name\":\"Rudolf Kaiserswerth\",\"url\":\"https:\\\/\\\/mering.info\\\/?author=2\"}]}<\/script>\n<!-- \/ Yoast SEO plugin. -->","yoast_head_json":{"title":"Vernissage 'Gl\u00e4nzende Aussichten' lockt viele Besucher an - Nachhaltiges Mering","robots":{"index":"index","follow":"follow","max-snippet":"max-snippet:-1","max-image-preview":"max-image-preview:large","max-video-preview":"max-video-preview:-1"},"canonical":"https:\/\/mering.info\/?p=2203","og_locale":"de_DE","og_type":"article","og_title":"Vernissage 'Gl\u00e4nzende Aussichten' lockt viele Besucher an - Nachhaltiges Mering","og_description":"Die Vernissage zur \u201eKarikaturen-Ausstellung\u201c lockte viele Besucher in die Meringer B\u00fccherei. \u201eAls sehr gelungen\u201c wurde der Auftakt zur Austellung empfunden.","og_url":"https:\/\/mering.info\/?p=2203","og_site_name":"Nachhaltiges Mering","article_published_time":"2018-04-10T16:49:21+00:00","article_modified_time":"2018-04-10T16:50:55+00:00","og_image":[{"width":672,"height":371,"url":"https:\/\/mering.info\/wp-content\/uploads\/2018\/03\/Karikatur-Plastik_672.jpg","type":"image\/jpeg"}],"author":"Rudolf Kaiserswerth","twitter_card":"summary_large_image","twitter_misc":{"Verfasst von":"Rudolf Kaiserswerth","Gesch\u00e4tzte Lesezeit":"1\u00a0Minute"},"schema":{"@context":"https:\/\/schema.org","@graph":[{"@type":"Article","@id":"https:\/\/mering.info\/?p=2203#article","isPartOf":{"@id":"https:\/\/mering.info\/?p=2203"},"author":{"name":"Rudolf Kaiserswerth","@id":"https:\/\/mering.info\/#\/schema\/person\/08df38d0c110016beace1117810c1e25"},"headline":"Vernissage &#8218;Gl\u00e4nzende Aussichten&#8216; lockt viele Besucher an","datePublished":"2018-04-10T16:49:21+00:00","dateModified":"2018-04-10T16:50:55+00:00","mainEntityOfPage":{"@id":"https:\/\/mering.info\/?p=2203"},"wordCount":257,"commentCount":0,"image":{"@id":"https:\/\/mering.info\/?p=2203#primaryimage"},"thumbnailUrl":"https:\/\/mering.info\/wp-content\/uploads\/2018\/03\/Karikatur-Plastik_672.jpg","keywords":["Ausstellung","Essen und Trinken","Kultur","Musik","Veranstaltung","Vortrag"],"articleSection":["Ausstellung"],"inLanguage":"de","potentialAction":[{"@type":"CommentAction","name":"Comment","target":["https:\/\/mering.info\/?p=2203#respond"]}]},{"@type":"WebPage","@id":"https:\/\/mering.info\/?p=2203","url":"https:\/\/mering.info\/?p=2203","name":"Vernissage 'Gl\u00e4nzende Aussichten' lockt viele Besucher an - Nachhaltiges Mering","isPartOf":{"@id":"https:\/\/mering.info\/#website"},"primaryImageOfPage":{"@id":"https:\/\/mering.info\/?p=2203#primaryimage"},"image":{"@id":"https:\/\/mering.info\/?p=2203#primaryimage"},"thumbnailUrl":"https:\/\/mering.info\/wp-content\/uploads\/2018\/03\/Karikatur-Plastik_672.jpg","datePublished":"2018-04-10T16:49:21+00:00","dateModified":"2018-04-10T16:50:55+00:00","author":{"@id":"https:\/\/mering.info\/#\/schema\/person\/08df38d0c110016beace1117810c1e25"},"breadcrumb":{"@id":"https:\/\/mering.info\/?p=2203#breadcrumb"},"inLanguage":"de","potentialAction":[{"@type":"ReadAction","target":["https:\/\/mering.info\/?p=2203"]}]},{"@type":"ImageObject","inLanguage":"de","@id":"https:\/\/mering.info\/?p=2203#primaryimage","url":"https:\/\/mering.info\/wp-content\/uploads\/2018\/03\/Karikatur-Plastik_672.jpg","contentUrl":"https:\/\/mering.info\/wp-content\/uploads\/2018\/03\/Karikatur-Plastik_672.jpg","width":672,"height":371},{"@type":"BreadcrumbList","@id":"https:\/\/mering.info\/?p=2203#breadcrumb","itemListElement":[{"@type":"ListItem","position":1,"name":"Startseite","item":"https:\/\/mering.info\/"},{"@type":"ListItem","position":2,"name":"Vernissage &#8218;Gl\u00e4nzende Aussichten&#8216; lockt viele Besucher an"}]},{"@type":"WebSite","@id":"https:\/\/mering.info\/#website","url":"https:\/\/mering.info\/","name":"Nachhaltiges Mering","description":"Zukunftsf\u00e4higes Mering","potentialAction":[{"@type":"SearchAction","target":{"@type":"EntryPoint","urlTemplate":"https:\/\/mering.info\/?s={search_term_string}"},"query-input":{"@type":"PropertyValueSpecification","valueRequired":true,"valueName":"search_term_string"}}],"inLanguage":"de"},{"@type":"Person","@id":"https:\/\/mering.info\/#\/schema\/person\/08df38d0c110016beace1117810c1e25","name":"Rudolf Kaiserswerth","url":"https:\/\/mering.info\/?author=2"}]}},"jetpack_publicize_connections":[],"jetpack_featured_media_url":"https:\/\/mering.info\/wp-content\/uploads\/2018\/03\/Karikatur-Plastik_672.jpg","jetpack_sharing_enabled":true,"_links":{"self":[{"href":"https:\/\/mering.info\/index.php?rest_route=\/wp\/v2\/posts\/2203","targetHints":{"allow":["GET"]}}],"collection":[{"href":"https:\/\/mering.info\/index.php?rest_route=\/wp\/v2\/posts"}],"about":[{"href":"https:\/\/mering.info\/index.php?rest_route=\/wp\/v2\/types\/post"}],"author":[{"embeddable":true,"href":"https:\/\/mering.info\/index.php?rest_route=\/wp\/v2\/users\/2"}],"replies":[{"embeddable":true,"href":"https:\/\/mering.info\/index.php?rest_route=%2Fwp%2Fv2%2Fcomments&post=2203"}],"version-history":[{"count":7,"href":"https:\/\/mering.info\/index.php?rest_route=\/wp\/v2\/posts\/2203\/revisions"}],"predecessor-version":[{"id":2213,"href":"https:\/\/mering.info\/index.php?rest_route=\/wp\/v2\/posts\/2203\/revisions\/2213"}],"wp:featuredmedia":[{"embeddable":true,"href":"https:\/\/mering.info\/index.php?rest_route=\/wp\/v2\/media\/2184"}],"wp:attachment":[{"href":"https:\/\/mering.info\/index.php?rest_route=%2Fwp%2Fv2%2Fmedia&parent=2203"}],"wp:term":[{"taxonomy":"category","embeddable":true,"href":"https:\/\/mering.info\/index.php?rest_route=%2Fwp%2Fv2%2Fcategories&post=2203"},{"taxonomy":"post_tag","embeddable":true,"href":"https:\/\/mering.info\/index.php?rest_route=%2Fwp%2Fv2%2Ftags&post=2203"}],"curies":[{"name":"wp","href":"https:\/\/api.w.org\/{rel}","templated":true}]}}