{"id":235,"date":"2016-03-15T15:20:57","date_gmt":"2016-03-15T14:20:57","guid":{"rendered":"http:\/\/mering.info\/?p=235"},"modified":"2016-03-15T23:23:58","modified_gmt":"2016-03-15T22:23:58","slug":"pfarrgemeinderat-unterstuetzt-zukunftsmarkt","status":"publish","type":"post","link":"https:\/\/mering.info\/?p=235","title":{"rendered":"Pfarrgemeinderat unterst\u00fctzt ZukunftsMarkt"},"content":{"rendered":"<p>Der Pfarrgemeinderat Mering hat in seiner letzten Sitzung beschlossen, dass die Pfarrei sich zu den Unterst\u00fctzern des Nachhaltigkeitsfestes in Mering z\u00e4hlen lassen m\u00f6chte.<\/p>\n<p><img decoding=\"async\" class=\"wp-image-237 alignleft\" src=\"https:\/\/mering.info\/wp-content\/uploads\/2016\/03\/Bild-TS-2-251x300.jpg\" alt=\"???????????????????????????????????????????????????????\" width=\"109\" height=\"131\" srcset=\"https:\/\/mering.info\/wp-content\/uploads\/2016\/03\/Bild-TS-2-251x300.jpg 251w, https:\/\/mering.info\/wp-content\/uploads\/2016\/03\/Bild-TS-2-768x917.jpg 768w, https:\/\/mering.info\/wp-content\/uploads\/2016\/03\/Bild-TS-2-858x1024.jpg 858w, https:\/\/mering.info\/wp-content\/uploads\/2016\/03\/Bild-TS-2.jpg 1063w\" sizes=\"(max-width: 109px) 100vw, 109px\" \/><\/p>\n<p>Der Meringer Pfarrer Prof. Dr. Thomas Schwartz nimmt zum Thema Nachhaltigkeit wie folgt Stellung:<\/p>\n<h5>Nachhaltigkeit &#8211; um des Menschen willen!<\/h5>\n<p>Nachhaltigkeit ist kein Naturgesetz. Das ethische Konzept der Nachhaltigkeit ist nur wichtig, weil es uns Menschen gibt. Wir Menschen haben ein Interesse daran, k\u00fcnftigen Generationen die Welt und die Sch\u00f6pfung so \u00fcbergeben zu k\u00f6nnen, das auch diese die M\u00f6glichkeit haben, sich verwirklichen zu k\u00f6nnen und w\u00fcrdevoll zu leben. Wir m\u00fcssen jetzt anfangen, nachhaltig zu denken und zu handeln, damit dieses Ziel gelingen kann.<\/p>\n","protected":false},"excerpt":{"rendered":"<p>Der Pfarrgemeinderat Mering hat in seiner letzten Sitzung beschlossen, dass die Pfarrei sich zu den Unterst\u00fctzern des Nachhaltigkeitsfestes in Mering z\u00e4hlen lassen m\u00f6chte. Der Meringer Pfarrer Prof. Dr. Thomas Schwartz &hellip; <a href=\"https:\/\/mering.info\/?p=235\" class=\"more-link\"><span class=\"screen-reader-text\">Pfarrgemeinderat unterst\u00fctzt ZukunftsMarkt<\/span> weiterlesen <span class=\"meta-nav\">&rarr;<\/span><\/a><\/p>\n","protected":false},"author":2,"featured_media":244,"comment_status":"open","ping_status":"open","sticky":false,"template":"","format":"standard","meta":{"jetpack_post_was_ever_published":false,"_jetpack_newsletter_access":"","_jetpack_dont_email_post_to_subs":false,"_jetpack_newsletter_tier_id":0,"_jetpack_memberships_contains_paywalled_content":false,"_jetpack_memberships_contains_paid_content":false,"footnotes":"","jetpack_publicize_message":"","jetpack_publicize_feature_enabled":true,"jetpack_social_post_already_shared":true,"jetpack_social_options":{"image_generator_settings":{"template":"highway","default_image_id":0,"font":"","enabled":false},"version":2}},"categories":[25],"tags":[27,26],"class_list":["post-235","post","type-post","status-publish","format-standard","has-post-thumbnail","hentry","category-unterstuetzer","tag-pfarrei-st-michael","tag-pfarrgemeinderat"],"yoast_head":"<!-- This site is optimized with the Yoast SEO plugin v27.5 - https:\/\/yoast.com\/product\/yoast-seo-wordpress\/ -->\n<title>Pfarrgemeinderat unterst\u00fctzt ZukunftsMarkt - Nachhaltiges Mering<\/title>\n<meta name=\"robots\" content=\"index, follow, max-snippet:-1, max-image-preview:large, max-video-preview:-1\" \/>\n<link rel=\"canonical\" href=\"https:\/\/mering.info\/?p=235\" \/>\n<meta property=\"og:locale\" content=\"de_DE\" \/>\n<meta property=\"og:type\" content=\"article\" \/>\n<meta property=\"og:title\" content=\"Pfarrgemeinderat unterst\u00fctzt ZukunftsMarkt - Nachhaltiges Mering\" \/>\n<meta property=\"og:description\" content=\"Der Pfarrgemeinderat Mering hat in seiner letzten Sitzung beschlossen, dass die Pfarrei sich zu den Unterst\u00fctzern des Nachhaltigkeitsfestes in Mering z\u00e4hlen lassen m\u00f6chte. Der Meringer Pfarrer Prof. Dr. Thomas Schwartz &hellip; Pfarrgemeinderat unterst\u00fctzt ZukunftsMarkt weiterlesen &rarr;\" \/>\n<meta property=\"og:url\" content=\"https:\/\/mering.info\/?p=235\" \/>\n<meta property=\"og:site_name\" content=\"Nachhaltiges Mering\" \/>\n<meta property=\"article:published_time\" content=\"2016-03-15T14:20:57+00:00\" \/>\n<meta property=\"article:modified_time\" content=\"2016-03-15T22:23:58+00:00\" \/>\n<meta property=\"og:image\" content=\"https:\/\/mering.info\/wp-content\/uploads\/2016\/03\/Pfarrei-St-Michael_672.jpg\" \/>\n\t<meta property=\"og:image:width\" content=\"672\" \/>\n\t<meta property=\"og:image:height\" content=\"315\" \/>\n\t<meta property=\"og:image:type\" content=\"image\/jpeg\" \/>\n<meta name=\"author\" content=\"Rudolf Kaiserswerth\" \/>\n<meta name=\"twitter:card\" content=\"summary_large_image\" \/>\n<meta name=\"twitter:label1\" content=\"Verfasst von\" \/>\n\t<meta name=\"twitter:data1\" content=\"Rudolf Kaiserswerth\" \/>\n\t<meta name=\"twitter:label2\" content=\"Gesch\u00e4tzte Lesezeit\" \/>\n\t<meta name=\"twitter:data2\" content=\"1\u00a0Minute\" \/>\n<script type=\"application\/ld+json\" class=\"yoast-schema-graph\">{\"@context\":\"https:\\\/\\\/schema.org\",\"@graph\":[{\"@type\":\"Article\",\"@id\":\"https:\\\/\\\/mering.info\\\/?p=235#article\",\"isPartOf\":{\"@id\":\"https:\\\/\\\/mering.info\\\/?p=235\"},\"author\":{\"name\":\"Rudolf Kaiserswerth\",\"@id\":\"https:\\\/\\\/mering.info\\\/#\\\/schema\\\/person\\\/08df38d0c110016beace1117810c1e25\"},\"headline\":\"Pfarrgemeinderat unterst\u00fctzt ZukunftsMarkt\",\"datePublished\":\"2016-03-15T14:20:57+00:00\",\"dateModified\":\"2016-03-15T22:23:58+00:00\",\"mainEntityOfPage\":{\"@id\":\"https:\\\/\\\/mering.info\\\/?p=235\"},\"wordCount\":120,\"commentCount\":0,\"image\":{\"@id\":\"https:\\\/\\\/mering.info\\\/?p=235#primaryimage\"},\"thumbnailUrl\":\"https:\\\/\\\/mering.info\\\/wp-content\\\/uploads\\\/2016\\\/03\\\/Pfarrei-St-Michael_672.jpg\",\"keywords\":[\"Pfarrei St. Michael\",\"Pfarrgemeinderat\"],\"articleSection\":[\"Unterst\u00fctzer\"],\"inLanguage\":\"de\",\"potentialAction\":[{\"@type\":\"CommentAction\",\"name\":\"Comment\",\"target\":[\"https:\\\/\\\/mering.info\\\/?p=235#respond\"]}]},{\"@type\":\"WebPage\",\"@id\":\"https:\\\/\\\/mering.info\\\/?p=235\",\"url\":\"https:\\\/\\\/mering.info\\\/?p=235\",\"name\":\"Pfarrgemeinderat unterst\u00fctzt ZukunftsMarkt - Nachhaltiges Mering\",\"isPartOf\":{\"@id\":\"https:\\\/\\\/mering.info\\\/#website\"},\"primaryImageOfPage\":{\"@id\":\"https:\\\/\\\/mering.info\\\/?p=235#primaryimage\"},\"image\":{\"@id\":\"https:\\\/\\\/mering.info\\\/?p=235#primaryimage\"},\"thumbnailUrl\":\"https:\\\/\\\/mering.info\\\/wp-content\\\/uploads\\\/2016\\\/03\\\/Pfarrei-St-Michael_672.jpg\",\"datePublished\":\"2016-03-15T14:20:57+00:00\",\"dateModified\":\"2016-03-15T22:23:58+00:00\",\"author\":{\"@id\":\"https:\\\/\\\/mering.info\\\/#\\\/schema\\\/person\\\/08df38d0c110016beace1117810c1e25\"},\"breadcrumb\":{\"@id\":\"https:\\\/\\\/mering.info\\\/?p=235#breadcrumb\"},\"inLanguage\":\"de\",\"potentialAction\":[{\"@type\":\"ReadAction\",\"target\":[\"https:\\\/\\\/mering.info\\\/?p=235\"]}]},{\"@type\":\"ImageObject\",\"inLanguage\":\"de\",\"@id\":\"https:\\\/\\\/mering.info\\\/?p=235#primaryimage\",\"url\":\"https:\\\/\\\/mering.info\\\/wp-content\\\/uploads\\\/2016\\\/03\\\/Pfarrei-St-Michael_672.jpg\",\"contentUrl\":\"https:\\\/\\\/mering.info\\\/wp-content\\\/uploads\\\/2016\\\/03\\\/Pfarrei-St-Michael_672.jpg\",\"width\":672,\"height\":315},{\"@type\":\"BreadcrumbList\",\"@id\":\"https:\\\/\\\/mering.info\\\/?p=235#breadcrumb\",\"itemListElement\":[{\"@type\":\"ListItem\",\"position\":1,\"name\":\"Startseite\",\"item\":\"https:\\\/\\\/mering.info\\\/\"},{\"@type\":\"ListItem\",\"position\":2,\"name\":\"Pfarrgemeinderat unterst\u00fctzt ZukunftsMarkt\"}]},{\"@type\":\"WebSite\",\"@id\":\"https:\\\/\\\/mering.info\\\/#website\",\"url\":\"https:\\\/\\\/mering.info\\\/\",\"name\":\"Nachhaltiges Mering\",\"description\":\"Zukunftsf\u00e4higes Mering\",\"potentialAction\":[{\"@type\":\"SearchAction\",\"target\":{\"@type\":\"EntryPoint\",\"urlTemplate\":\"https:\\\/\\\/mering.info\\\/?s={search_term_string}\"},\"query-input\":{\"@type\":\"PropertyValueSpecification\",\"valueRequired\":true,\"valueName\":\"search_term_string\"}}],\"inLanguage\":\"de\"},{\"@type\":\"Person\",\"@id\":\"https:\\\/\\\/mering.info\\\/#\\\/schema\\\/person\\\/08df38d0c110016beace1117810c1e25\",\"name\":\"Rudolf Kaiserswerth\",\"url\":\"https:\\\/\\\/mering.info\\\/?author=2\"}]}<\/script>\n<!-- \/ Yoast SEO plugin. -->","yoast_head_json":{"title":"Pfarrgemeinderat unterst\u00fctzt ZukunftsMarkt - Nachhaltiges Mering","robots":{"index":"index","follow":"follow","max-snippet":"max-snippet:-1","max-image-preview":"max-image-preview:large","max-video-preview":"max-video-preview:-1"},"canonical":"https:\/\/mering.info\/?p=235","og_locale":"de_DE","og_type":"article","og_title":"Pfarrgemeinderat unterst\u00fctzt ZukunftsMarkt - Nachhaltiges Mering","og_description":"Der Pfarrgemeinderat Mering hat in seiner letzten Sitzung beschlossen, dass die Pfarrei sich zu den Unterst\u00fctzern des Nachhaltigkeitsfestes in Mering z\u00e4hlen lassen m\u00f6chte. Der Meringer Pfarrer Prof. Dr. Thomas Schwartz &hellip; Pfarrgemeinderat unterst\u00fctzt ZukunftsMarkt weiterlesen &rarr;","og_url":"https:\/\/mering.info\/?p=235","og_site_name":"Nachhaltiges Mering","article_published_time":"2016-03-15T14:20:57+00:00","article_modified_time":"2016-03-15T22:23:58+00:00","og_image":[{"width":672,"height":315,"url":"https:\/\/mering.info\/wp-content\/uploads\/2016\/03\/Pfarrei-St-Michael_672.jpg","type":"image\/jpeg"}],"author":"Rudolf Kaiserswerth","twitter_card":"summary_large_image","twitter_misc":{"Verfasst von":"Rudolf Kaiserswerth","Gesch\u00e4tzte Lesezeit":"1\u00a0Minute"},"schema":{"@context":"https:\/\/schema.org","@graph":[{"@type":"Article","@id":"https:\/\/mering.info\/?p=235#article","isPartOf":{"@id":"https:\/\/mering.info\/?p=235"},"author":{"name":"Rudolf Kaiserswerth","@id":"https:\/\/mering.info\/#\/schema\/person\/08df38d0c110016beace1117810c1e25"},"headline":"Pfarrgemeinderat unterst\u00fctzt ZukunftsMarkt","datePublished":"2016-03-15T14:20:57+00:00","dateModified":"2016-03-15T22:23:58+00:00","mainEntityOfPage":{"@id":"https:\/\/mering.info\/?p=235"},"wordCount":120,"commentCount":0,"image":{"@id":"https:\/\/mering.info\/?p=235#primaryimage"},"thumbnailUrl":"https:\/\/mering.info\/wp-content\/uploads\/2016\/03\/Pfarrei-St-Michael_672.jpg","keywords":["Pfarrei St. Michael","Pfarrgemeinderat"],"articleSection":["Unterst\u00fctzer"],"inLanguage":"de","potentialAction":[{"@type":"CommentAction","name":"Comment","target":["https:\/\/mering.info\/?p=235#respond"]}]},{"@type":"WebPage","@id":"https:\/\/mering.info\/?p=235","url":"https:\/\/mering.info\/?p=235","name":"Pfarrgemeinderat unterst\u00fctzt ZukunftsMarkt - Nachhaltiges Mering","isPartOf":{"@id":"https:\/\/mering.info\/#website"},"primaryImageOfPage":{"@id":"https:\/\/mering.info\/?p=235#primaryimage"},"image":{"@id":"https:\/\/mering.info\/?p=235#primaryimage"},"thumbnailUrl":"https:\/\/mering.info\/wp-content\/uploads\/2016\/03\/Pfarrei-St-Michael_672.jpg","datePublished":"2016-03-15T14:20:57+00:00","dateModified":"2016-03-15T22:23:58+00:00","author":{"@id":"https:\/\/mering.info\/#\/schema\/person\/08df38d0c110016beace1117810c1e25"},"breadcrumb":{"@id":"https:\/\/mering.info\/?p=235#breadcrumb"},"inLanguage":"de","potentialAction":[{"@type":"ReadAction","target":["https:\/\/mering.info\/?p=235"]}]},{"@type":"ImageObject","inLanguage":"de","@id":"https:\/\/mering.info\/?p=235#primaryimage","url":"https:\/\/mering.info\/wp-content\/uploads\/2016\/03\/Pfarrei-St-Michael_672.jpg","contentUrl":"https:\/\/mering.info\/wp-content\/uploads\/2016\/03\/Pfarrei-St-Michael_672.jpg","width":672,"height":315},{"@type":"BreadcrumbList","@id":"https:\/\/mering.info\/?p=235#breadcrumb","itemListElement":[{"@type":"ListItem","position":1,"name":"Startseite","item":"https:\/\/mering.info\/"},{"@type":"ListItem","position":2,"name":"Pfarrgemeinderat unterst\u00fctzt ZukunftsMarkt"}]},{"@type":"WebSite","@id":"https:\/\/mering.info\/#website","url":"https:\/\/mering.info\/","name":"Nachhaltiges Mering","description":"Zukunftsf\u00e4higes Mering","potentialAction":[{"@type":"SearchAction","target":{"@type":"EntryPoint","urlTemplate":"https:\/\/mering.info\/?s={search_term_string}"},"query-input":{"@type":"PropertyValueSpecification","valueRequired":true,"valueName":"search_term_string"}}],"inLanguage":"de"},{"@type":"Person","@id":"https:\/\/mering.info\/#\/schema\/person\/08df38d0c110016beace1117810c1e25","name":"Rudolf Kaiserswerth","url":"https:\/\/mering.info\/?author=2"}]}},"jetpack_publicize_connections":[],"jetpack_featured_media_url":"https:\/\/mering.info\/wp-content\/uploads\/2016\/03\/Pfarrei-St-Michael_672.jpg","jetpack_sharing_enabled":true,"_links":{"self":[{"href":"https:\/\/mering.info\/index.php?rest_route=\/wp\/v2\/posts\/235","targetHints":{"allow":["GET"]}}],"collection":[{"href":"https:\/\/mering.info\/index.php?rest_route=\/wp\/v2\/posts"}],"about":[{"href":"https:\/\/mering.info\/index.php?rest_route=\/wp\/v2\/types\/post"}],"author":[{"embeddable":true,"href":"https:\/\/mering.info\/index.php?rest_route=\/wp\/v2\/users\/2"}],"replies":[{"embeddable":true,"href":"https:\/\/mering.info\/index.php?rest_route=%2Fwp%2Fv2%2Fcomments&post=235"}],"version-history":[{"count":3,"href":"https:\/\/mering.info\/index.php?rest_route=\/wp\/v2\/posts\/235\/revisions"}],"predecessor-version":[{"id":239,"href":"https:\/\/mering.info\/index.php?rest_route=\/wp\/v2\/posts\/235\/revisions\/239"}],"wp:featuredmedia":[{"embeddable":true,"href":"https:\/\/mering.info\/index.php?rest_route=\/wp\/v2\/media\/244"}],"wp:attachment":[{"href":"https:\/\/mering.info\/index.php?rest_route=%2Fwp%2Fv2%2Fmedia&parent=235"}],"wp:term":[{"taxonomy":"category","embeddable":true,"href":"https:\/\/mering.info\/index.php?rest_route=%2Fwp%2Fv2%2Fcategories&post=235"},{"taxonomy":"post_tag","embeddable":true,"href":"https:\/\/mering.info\/index.php?rest_route=%2Fwp%2Fv2%2Ftags&post=235"}],"curies":[{"name":"wp","href":"https:\/\/api.w.org\/{rel}","templated":true}]}}