{"id":2531,"date":"2019-01-23T20:45:24","date_gmt":"2019-01-23T19:45:24","guid":{"rendered":"http:\/\/mering.info\/?p=2531"},"modified":"2022-10-04T20:23:16","modified_gmt":"2022-10-04T18:23:16","slug":"auftakt-zum-volksbegehren","status":"publish","type":"post","link":"https:\/\/mering.info\/?p=2531","title":{"rendered":"Auftakt zum Volksbegehren"},"content":{"rendered":"<p>Wir vom Meringer <strong>B\u00fcndnis f\u00fcr Nachhaltigkeit <\/strong>unterst\u00fctzten das Volksbegehren \u201a<a href=\"https:\/\/volksbegehren-artenvielfalt.de\/\" target=\"_blank\" rel=\"noopener\"><strong>Artenvielfalt\u00a0 \u2013 Rettet die Bienen!<\/strong><\/a>.<\/p>\n<p><span style=\"color: #ff0000;\"><strong>Die Eintragunsfrist l\u00e4uft vom 31.1. bis 13.2.2019.<\/strong><\/span> In dieser kurzen Zeit m\u00fcssen sich 10 % der bayerischen B\u00fcrger eintragen, was ca. 1 Million Unterschriften entspricht. Alle sind aufgefordert sich einzutragen, damit wir diese nicht gerade kleine H\u00fcrde nehmen k\u00f6nnen.<\/p>\n<p><!--more--><\/p>\n<p><img fetchpriority=\"high\" decoding=\"async\" class=\"alignnone size-full wp-image-2524\" src=\"https:\/\/mering.info\/wp-content\/uploads\/2019\/01\/181218-Header-Volksbegehren-1.jpg\" alt=\"\" width=\"828\" height=\"324\" srcset=\"https:\/\/mering.info\/wp-content\/uploads\/2019\/01\/181218-Header-Volksbegehren-1.jpg 828w, https:\/\/mering.info\/wp-content\/uploads\/2019\/01\/181218-Header-Volksbegehren-1-300x117.jpg 300w, https:\/\/mering.info\/wp-content\/uploads\/2019\/01\/181218-Header-Volksbegehren-1-768x301.jpg 768w\" sizes=\"(max-width: 828px) 100vw, 828px\" \/><\/p>\n<p>Zu diesem Thema zeigen wir in unserem ZukunftsKino als <a href=\"https:\/\/mering.info\/?tribe_events=zukunftskino-2\"><strong>Auftaktveranstaltung mehrere 3D-Filme<\/strong><\/a> von dem Meringer Naturfilmer G\u00fcnter Peschke. Der Abend soll die <strong>Meringer informieren und motivieren, sich in die Listen des Volksbegehrens im Rathaus einzutragen<\/strong>.<\/p>\n<p><strong>Mehr Information sowie auch M\u00f6glichkeiten sich aktiv zum Volksbegehren zu engagieren<\/strong> gibt es auf der <a href=\"https:\/\/volksbegehren-artenvielfalt.de\/\" target=\"_blank\" rel=\"noopener\"><strong>Seite des Volksbegehrens<\/strong><\/a>. Gesucht werden noch <strong>Rathauslotsen<\/strong>, die B\u00fcrger direkt ansprechen und sie bitten ihre Unterschrift im Rathaus zu leisten. Wer Interesse hat, kann sich \u00fcber die Adresse volksbegehren@mering.info melden. Wir kontaktieren Sie dann um die weiteren Details zu besprechen.<\/p>\n<p>Bitte <strong>unterst\u00fctzen Sie das Volksbegehren mit ihrer Unterschrift<\/strong>, damit unsere bayerische Landschaft auch in Zukunft weiter\u00a0 lebens- und liebenswert bleibt. Ein paar Minuten sollte Ihnen das Wert sein.<\/p>\n<p>&nbsp;<\/p>\n","protected":false},"excerpt":{"rendered":"<p>Wir vom Meringer B\u00fcndnis f\u00fcr Nachhaltigkeit unterst\u00fctzten das Volksbegehren \u201aArtenvielfalt\u00a0 \u2013 Rettet die Bienen!. Die Eintragunsfrist l\u00e4uft vom 31.1. bis 13.2.2019. In dieser kurzen Zeit m\u00fcssen sich 10 % der &hellip; <a href=\"https:\/\/mering.info\/?p=2531\" class=\"more-link\"><span class=\"screen-reader-text\">Auftakt zum Volksbegehren<\/span> weiterlesen <span class=\"meta-nav\">&rarr;<\/span><\/a><\/p>\n","protected":false},"author":2,"featured_media":2523,"comment_status":"open","ping_status":"open","sticky":false,"template":"","format":"standard","meta":{"jetpack_post_was_ever_published":false,"_jetpack_newsletter_access":"","_jetpack_dont_email_post_to_subs":false,"_jetpack_newsletter_tier_id":0,"_jetpack_memberships_contains_paywalled_content":false,"_jetpack_memberships_contains_paid_content":false,"footnotes":"","jetpack_publicize_message":"","jetpack_publicize_feature_enabled":true,"jetpack_social_post_already_shared":true,"jetpack_social_options":{"image_generator_settings":{"template":"highway","default_image_id":0,"font":"","enabled":false},"version":2}},"categories":[71],"tags":[91,144,141,142,127,143],"class_list":["post-2531","post","type-post","status-publish","format-standard","has-post-thumbnail","hentry","category-aktionen","tag-artensterben","tag-artenvielfalt","tag-bienen","tag-insekten","tag-volksbegehren","tag-zukunftskino"],"yoast_head":"<!-- This site is optimized with the Yoast SEO plugin v27.5 - https:\/\/yoast.com\/product\/yoast-seo-wordpress\/ -->\n<title>Auftakt zum Volksbegehren - Nachhaltiges Mering<\/title>\n<meta name=\"robots\" content=\"index, follow, max-snippet:-1, max-image-preview:large, max-video-preview:-1\" \/>\n<link rel=\"canonical\" href=\"https:\/\/mering.info\/?p=2531\" \/>\n<meta property=\"og:locale\" content=\"de_DE\" \/>\n<meta property=\"og:type\" content=\"article\" \/>\n<meta property=\"og:title\" content=\"Auftakt zum Volksbegehren - Nachhaltiges Mering\" \/>\n<meta property=\"og:description\" content=\"Wir vom Meringer B\u00fcndnis f\u00fcr Nachhaltigkeit unterst\u00fctzten das Volksbegehren \u201aArtenvielfalt\u00a0 \u2013 Rettet die Bienen!. Die Eintragunsfrist l\u00e4uft vom 31.1. bis 13.2.2019. In dieser kurzen Zeit m\u00fcssen sich 10 % der &hellip; Auftakt zum Volksbegehren weiterlesen &rarr;\" \/>\n<meta property=\"og:url\" content=\"https:\/\/mering.info\/?p=2531\" \/>\n<meta property=\"og:site_name\" content=\"Nachhaltiges Mering\" \/>\n<meta property=\"article:published_time\" content=\"2019-01-23T19:45:24+00:00\" \/>\n<meta property=\"article:modified_time\" content=\"2022-10-04T18:23:16+00:00\" \/>\n<meta property=\"og:image\" content=\"https:\/\/mering.info\/wp-content\/uploads\/2019\/01\/181218-Header-Volksbegehren_672.jpg\" \/>\n\t<meta property=\"og:image:width\" content=\"672\" \/>\n\t<meta property=\"og:image:height\" content=\"373\" \/>\n\t<meta property=\"og:image:type\" content=\"image\/jpeg\" \/>\n<meta name=\"author\" content=\"Rudolf Kaiserswerth\" \/>\n<meta name=\"twitter:card\" content=\"summary_large_image\" \/>\n<meta name=\"twitter:label1\" content=\"Verfasst von\" \/>\n\t<meta name=\"twitter:data1\" content=\"Rudolf Kaiserswerth\" \/>\n\t<meta name=\"twitter:label2\" content=\"Gesch\u00e4tzte Lesezeit\" \/>\n\t<meta name=\"twitter:data2\" content=\"2\u00a0Minuten\" \/>\n<script type=\"application\/ld+json\" class=\"yoast-schema-graph\">{\"@context\":\"https:\\\/\\\/schema.org\",\"@graph\":[{\"@type\":\"Article\",\"@id\":\"https:\\\/\\\/mering.info\\\/?p=2531#article\",\"isPartOf\":{\"@id\":\"https:\\\/\\\/mering.info\\\/?p=2531\"},\"author\":{\"name\":\"Rudolf Kaiserswerth\",\"@id\":\"https:\\\/\\\/mering.info\\\/#\\\/schema\\\/person\\\/08df38d0c110016beace1117810c1e25\"},\"headline\":\"Auftakt zum Volksbegehren\",\"datePublished\":\"2019-01-23T19:45:24+00:00\",\"dateModified\":\"2022-10-04T18:23:16+00:00\",\"mainEntityOfPage\":{\"@id\":\"https:\\\/\\\/mering.info\\\/?p=2531\"},\"wordCount\":183,\"commentCount\":1,\"image\":{\"@id\":\"https:\\\/\\\/mering.info\\\/?p=2531#primaryimage\"},\"thumbnailUrl\":\"https:\\\/\\\/mering.info\\\/wp-content\\\/uploads\\\/2019\\\/01\\\/181218-Header-Volksbegehren_672.jpg\",\"keywords\":[\"Artensterben\",\"Artenvielfalt\",\"Bienen\",\"Insekten\",\"Volksbegehren\",\"ZukunftsKino\"],\"articleSection\":[\"Aktionen\"],\"inLanguage\":\"de\",\"potentialAction\":[{\"@type\":\"CommentAction\",\"name\":\"Comment\",\"target\":[\"https:\\\/\\\/mering.info\\\/?p=2531#respond\"]}]},{\"@type\":\"WebPage\",\"@id\":\"https:\\\/\\\/mering.info\\\/?p=2531\",\"url\":\"https:\\\/\\\/mering.info\\\/?p=2531\",\"name\":\"Auftakt zum Volksbegehren - Nachhaltiges Mering\",\"isPartOf\":{\"@id\":\"https:\\\/\\\/mering.info\\\/#website\"},\"primaryImageOfPage\":{\"@id\":\"https:\\\/\\\/mering.info\\\/?p=2531#primaryimage\"},\"image\":{\"@id\":\"https:\\\/\\\/mering.info\\\/?p=2531#primaryimage\"},\"thumbnailUrl\":\"https:\\\/\\\/mering.info\\\/wp-content\\\/uploads\\\/2019\\\/01\\\/181218-Header-Volksbegehren_672.jpg\",\"datePublished\":\"2019-01-23T19:45:24+00:00\",\"dateModified\":\"2022-10-04T18:23:16+00:00\",\"author\":{\"@id\":\"https:\\\/\\\/mering.info\\\/#\\\/schema\\\/person\\\/08df38d0c110016beace1117810c1e25\"},\"breadcrumb\":{\"@id\":\"https:\\\/\\\/mering.info\\\/?p=2531#breadcrumb\"},\"inLanguage\":\"de\",\"potentialAction\":[{\"@type\":\"ReadAction\",\"target\":[\"https:\\\/\\\/mering.info\\\/?p=2531\"]}]},{\"@type\":\"ImageObject\",\"inLanguage\":\"de\",\"@id\":\"https:\\\/\\\/mering.info\\\/?p=2531#primaryimage\",\"url\":\"https:\\\/\\\/mering.info\\\/wp-content\\\/uploads\\\/2019\\\/01\\\/181218-Header-Volksbegehren_672.jpg\",\"contentUrl\":\"https:\\\/\\\/mering.info\\\/wp-content\\\/uploads\\\/2019\\\/01\\\/181218-Header-Volksbegehren_672.jpg\",\"width\":672,\"height\":373},{\"@type\":\"BreadcrumbList\",\"@id\":\"https:\\\/\\\/mering.info\\\/?p=2531#breadcrumb\",\"itemListElement\":[{\"@type\":\"ListItem\",\"position\":1,\"name\":\"Startseite\",\"item\":\"https:\\\/\\\/mering.info\\\/\"},{\"@type\":\"ListItem\",\"position\":2,\"name\":\"Auftakt zum Volksbegehren\"}]},{\"@type\":\"WebSite\",\"@id\":\"https:\\\/\\\/mering.info\\\/#website\",\"url\":\"https:\\\/\\\/mering.info\\\/\",\"name\":\"Nachhaltiges Mering\",\"description\":\"Zukunftsf\u00e4higes Mering\",\"potentialAction\":[{\"@type\":\"SearchAction\",\"target\":{\"@type\":\"EntryPoint\",\"urlTemplate\":\"https:\\\/\\\/mering.info\\\/?s={search_term_string}\"},\"query-input\":{\"@type\":\"PropertyValueSpecification\",\"valueRequired\":true,\"valueName\":\"search_term_string\"}}],\"inLanguage\":\"de\"},{\"@type\":\"Person\",\"@id\":\"https:\\\/\\\/mering.info\\\/#\\\/schema\\\/person\\\/08df38d0c110016beace1117810c1e25\",\"name\":\"Rudolf Kaiserswerth\",\"url\":\"https:\\\/\\\/mering.info\\\/?author=2\"}]}<\/script>\n<!-- \/ Yoast SEO plugin. -->","yoast_head_json":{"title":"Auftakt zum Volksbegehren - Nachhaltiges Mering","robots":{"index":"index","follow":"follow","max-snippet":"max-snippet:-1","max-image-preview":"max-image-preview:large","max-video-preview":"max-video-preview:-1"},"canonical":"https:\/\/mering.info\/?p=2531","og_locale":"de_DE","og_type":"article","og_title":"Auftakt zum Volksbegehren - Nachhaltiges Mering","og_description":"Wir vom Meringer B\u00fcndnis f\u00fcr Nachhaltigkeit unterst\u00fctzten das Volksbegehren \u201aArtenvielfalt\u00a0 \u2013 Rettet die Bienen!. Die Eintragunsfrist l\u00e4uft vom 31.1. bis 13.2.2019. In dieser kurzen Zeit m\u00fcssen sich 10 % der &hellip; Auftakt zum Volksbegehren weiterlesen &rarr;","og_url":"https:\/\/mering.info\/?p=2531","og_site_name":"Nachhaltiges Mering","article_published_time":"2019-01-23T19:45:24+00:00","article_modified_time":"2022-10-04T18:23:16+00:00","og_image":[{"width":672,"height":373,"url":"https:\/\/mering.info\/wp-content\/uploads\/2019\/01\/181218-Header-Volksbegehren_672.jpg","type":"image\/jpeg"}],"author":"Rudolf Kaiserswerth","twitter_card":"summary_large_image","twitter_misc":{"Verfasst von":"Rudolf Kaiserswerth","Gesch\u00e4tzte Lesezeit":"2\u00a0Minuten"},"schema":{"@context":"https:\/\/schema.org","@graph":[{"@type":"Article","@id":"https:\/\/mering.info\/?p=2531#article","isPartOf":{"@id":"https:\/\/mering.info\/?p=2531"},"author":{"name":"Rudolf Kaiserswerth","@id":"https:\/\/mering.info\/#\/schema\/person\/08df38d0c110016beace1117810c1e25"},"headline":"Auftakt zum Volksbegehren","datePublished":"2019-01-23T19:45:24+00:00","dateModified":"2022-10-04T18:23:16+00:00","mainEntityOfPage":{"@id":"https:\/\/mering.info\/?p=2531"},"wordCount":183,"commentCount":1,"image":{"@id":"https:\/\/mering.info\/?p=2531#primaryimage"},"thumbnailUrl":"https:\/\/mering.info\/wp-content\/uploads\/2019\/01\/181218-Header-Volksbegehren_672.jpg","keywords":["Artensterben","Artenvielfalt","Bienen","Insekten","Volksbegehren","ZukunftsKino"],"articleSection":["Aktionen"],"inLanguage":"de","potentialAction":[{"@type":"CommentAction","name":"Comment","target":["https:\/\/mering.info\/?p=2531#respond"]}]},{"@type":"WebPage","@id":"https:\/\/mering.info\/?p=2531","url":"https:\/\/mering.info\/?p=2531","name":"Auftakt zum Volksbegehren - Nachhaltiges Mering","isPartOf":{"@id":"https:\/\/mering.info\/#website"},"primaryImageOfPage":{"@id":"https:\/\/mering.info\/?p=2531#primaryimage"},"image":{"@id":"https:\/\/mering.info\/?p=2531#primaryimage"},"thumbnailUrl":"https:\/\/mering.info\/wp-content\/uploads\/2019\/01\/181218-Header-Volksbegehren_672.jpg","datePublished":"2019-01-23T19:45:24+00:00","dateModified":"2022-10-04T18:23:16+00:00","author":{"@id":"https:\/\/mering.info\/#\/schema\/person\/08df38d0c110016beace1117810c1e25"},"breadcrumb":{"@id":"https:\/\/mering.info\/?p=2531#breadcrumb"},"inLanguage":"de","potentialAction":[{"@type":"ReadAction","target":["https:\/\/mering.info\/?p=2531"]}]},{"@type":"ImageObject","inLanguage":"de","@id":"https:\/\/mering.info\/?p=2531#primaryimage","url":"https:\/\/mering.info\/wp-content\/uploads\/2019\/01\/181218-Header-Volksbegehren_672.jpg","contentUrl":"https:\/\/mering.info\/wp-content\/uploads\/2019\/01\/181218-Header-Volksbegehren_672.jpg","width":672,"height":373},{"@type":"BreadcrumbList","@id":"https:\/\/mering.info\/?p=2531#breadcrumb","itemListElement":[{"@type":"ListItem","position":1,"name":"Startseite","item":"https:\/\/mering.info\/"},{"@type":"ListItem","position":2,"name":"Auftakt zum Volksbegehren"}]},{"@type":"WebSite","@id":"https:\/\/mering.info\/#website","url":"https:\/\/mering.info\/","name":"Nachhaltiges Mering","description":"Zukunftsf\u00e4higes Mering","potentialAction":[{"@type":"SearchAction","target":{"@type":"EntryPoint","urlTemplate":"https:\/\/mering.info\/?s={search_term_string}"},"query-input":{"@type":"PropertyValueSpecification","valueRequired":true,"valueName":"search_term_string"}}],"inLanguage":"de"},{"@type":"Person","@id":"https:\/\/mering.info\/#\/schema\/person\/08df38d0c110016beace1117810c1e25","name":"Rudolf Kaiserswerth","url":"https:\/\/mering.info\/?author=2"}]}},"jetpack_publicize_connections":[],"jetpack_featured_media_url":"https:\/\/mering.info\/wp-content\/uploads\/2019\/01\/181218-Header-Volksbegehren_672.jpg","jetpack_sharing_enabled":true,"_links":{"self":[{"href":"https:\/\/mering.info\/index.php?rest_route=\/wp\/v2\/posts\/2531","targetHints":{"allow":["GET"]}}],"collection":[{"href":"https:\/\/mering.info\/index.php?rest_route=\/wp\/v2\/posts"}],"about":[{"href":"https:\/\/mering.info\/index.php?rest_route=\/wp\/v2\/types\/post"}],"author":[{"embeddable":true,"href":"https:\/\/mering.info\/index.php?rest_route=\/wp\/v2\/users\/2"}],"replies":[{"embeddable":true,"href":"https:\/\/mering.info\/index.php?rest_route=%2Fwp%2Fv2%2Fcomments&post=2531"}],"version-history":[{"count":8,"href":"https:\/\/mering.info\/index.php?rest_route=\/wp\/v2\/posts\/2531\/revisions"}],"predecessor-version":[{"id":2533,"href":"https:\/\/mering.info\/index.php?rest_route=\/wp\/v2\/posts\/2531\/revisions\/2533"}],"wp:featuredmedia":[{"embeddable":true,"href":"https:\/\/mering.info\/index.php?rest_route=\/wp\/v2\/media\/2523"}],"wp:attachment":[{"href":"https:\/\/mering.info\/index.php?rest_route=%2Fwp%2Fv2%2Fmedia&parent=2531"}],"wp:term":[{"taxonomy":"category","embeddable":true,"href":"https:\/\/mering.info\/index.php?rest_route=%2Fwp%2Fv2%2Fcategories&post=2531"},{"taxonomy":"post_tag","embeddable":true,"href":"https:\/\/mering.info\/index.php?rest_route=%2Fwp%2Fv2%2Ftags&post=2531"}],"curies":[{"name":"wp","href":"https:\/\/api.w.org\/{rel}","templated":true}]}}