{"id":3001,"date":"2019-11-12T22:46:11","date_gmt":"2019-11-12T21:46:11","guid":{"rendered":"http:\/\/mering.info\/?p=3001"},"modified":"2019-11-23T12:33:21","modified_gmt":"2019-11-23T11:33:21","slug":"woche-der-abfallvermeidung","status":"publish","type":"post","link":"https:\/\/mering.info\/?p=3001","title":{"rendered":"Woche der Abfallvermeidung"},"content":{"rendered":"<p>Zur europ\u00e4ischen Woche der Abfallvermeidung vom 16.11.-24.11.2019 finden zwei Veranstaltungen in Kooperation mit dem Landratsamt Aichach-Friedberg und unserem B\u00fcndnis f\u00fcr Nachhaltigkeit statt.<\/p>\n<p><b>ZukunftsVortrag<\/b><\/p>\n<p>\u201eWertsch\u00e4tzen statt wegwerfen &#8211; miteinander &amp; voneinander lernen\u201c<\/p>\n<p>Der Vortrag wird von Ulrike Birmoser, Di\u00e4tassistentin vom <a href=\"https:\/\/www.verbraucherservice-bayern.de\/\" target=\"_blank\" rel=\"noopener noreferrer\">VerbraucherService Bayern<\/a> gehalten.<\/p>\n<p>Termin: 18.11.2019 ab 19:00 Uhr<\/p>\n<p>Ort: B\u00fccherei Mering, Bachstra\u00dfe 1<\/p>\n<p>In Bayern werden pro Person und Jahr rund 65 kg Lebensmittel in die Tonne geworfen. Dies hat negative Folgen f\u00fcr den Geldbeutel, die Umwelt, die Wasserressourcen und die Weltmarktpreise. Wir alle sind aufgerufen, schonender mit Ressourcen umzugehen und Respekt vor Lebensmitteln zu entwickeln. Denn noch immer hungern weltweit etwa 1 Milliarde Menschen.<\/p>\n<p>Der Eintritt ist frei!<\/p>\n<p>&nbsp;<\/p>\n<p><b>Abfallberatung am Wochenmarkt Mering<\/b><\/p>\n<ul>\n<li>Beratung zu Plastikalternativen<\/li>\n<li>Ausgabe von Gem\u00fcse-\/Obsts\u00e4ckchen<\/li>\n<li>Tausch von Plastikt\u00fcten in Stofftaschen<\/li>\n<\/ul>\n<p>Es beraten Sie Michaela Stadelmeyer und Johanna Tremmel vom <a href=\"https:\/\/lra-aic-fdb.de\/startseite\" target=\"_blank\" rel=\"noopener noreferrer\">Landratsamt Aichach-Friedberg <\/a><\/p>\n<p><strong>Das Meringer B\u00fcndnis f\u00fcr Nachhaltigkeit bietet zur Vermeidung von Verpackungsm\u00fcll Baumwollbeutel f\u00fcr Obst, Gem\u00fcse und Brot an.<\/strong><\/p>\n<p>F\u00fcr umweltbewusste Meringer, die Wert auf einen m\u00f6glichst verpackungsfreien Einkauf legen, h\u00e4lt das B\u00fcndnis f\u00fcr Nachhaltigkeit Beutel unter dem Motto \u201eZukunftstasche\u201c aus Biobaumwolle bereit. Loses Obst und Gem\u00fcse l\u00e4sst sich darin perfekt an der Kasse abwiegen. Auch Semmeln und Brezen an der B\u00e4ckertheke k\u00f6nnen hygienisch transportiert werden und somit die obligatorische Papiert\u00fcte vermieden werden.<\/p>\n<p>Die Zukunftstasche kann gegen eine Spende mitgenommen werden.<\/p>\n<p>Termin: 22.11.2019 von 9:00-12:00 Uhr<\/p>\n<p>Ort: Wochenmarkt, Marktplatz 1, 86415 Mering<\/p>\n<p>Die Beratung ist kostenlos!<\/p>\n","protected":false},"excerpt":{"rendered":"<p>Zur europ\u00e4ischen Woche der Abfallvermeidung vom 16.11.-24.11.2019 finden zwei Veranstaltungen in Kooperation mit dem Landratsamt Aichach-Friedberg und unserem B\u00fcndnis f\u00fcr Nachhaltigkeit statt. ZukunftsVortrag \u201eWertsch\u00e4tzen statt wegwerfen &#8211; miteinander &amp; voneinander &hellip; <a href=\"https:\/\/mering.info\/?p=3001\" class=\"more-link\"><span class=\"screen-reader-text\">Woche der Abfallvermeidung<\/span> weiterlesen <span class=\"meta-nav\">&rarr;<\/span><\/a><\/p>\n","protected":false},"author":8,"featured_media":0,"comment_status":"open","ping_status":"open","sticky":false,"template":"","format":"standard","meta":{"jetpack_post_was_ever_published":false,"_jetpack_newsletter_access":"","_jetpack_dont_email_post_to_subs":false,"_jetpack_newsletter_tier_id":0,"_jetpack_memberships_contains_paywalled_content":false,"_jetpack_memberships_contains_paid_content":false,"footnotes":"","jetpack_publicize_message":"Woche der Abfallvermeidung","jetpack_publicize_feature_enabled":true,"jetpack_social_post_already_shared":true,"jetpack_social_options":{"image_generator_settings":{"template":"highway","default_image_id":0,"font":"","enabled":false},"version":2}},"categories":[3],"tags":[],"class_list":["post-3001","post","type-post","status-publish","format-standard","hentry","category-allgemeines"],"yoast_head":"<!-- This site is optimized with the Yoast SEO plugin v27.5 - https:\/\/yoast.com\/product\/yoast-seo-wordpress\/ -->\n<title>Woche der Abfallvermeidung - Nachhaltiges Mering<\/title>\n<meta name=\"robots\" content=\"index, follow, max-snippet:-1, max-image-preview:large, max-video-preview:-1\" \/>\n<link rel=\"canonical\" href=\"https:\/\/mering.info\/?p=3001\" \/>\n<meta property=\"og:locale\" content=\"de_DE\" \/>\n<meta property=\"og:type\" content=\"article\" \/>\n<meta property=\"og:title\" content=\"Woche der Abfallvermeidung - Nachhaltiges Mering\" \/>\n<meta property=\"og:description\" content=\"Zur europ\u00e4ischen Woche der Abfallvermeidung vom 16.11.-24.11.2019 finden zwei Veranstaltungen in Kooperation mit dem Landratsamt Aichach-Friedberg und unserem B\u00fcndnis f\u00fcr Nachhaltigkeit statt. ZukunftsVortrag \u201eWertsch\u00e4tzen statt wegwerfen &#8211; miteinander &amp; voneinander &hellip; Woche der Abfallvermeidung weiterlesen &rarr;\" \/>\n<meta property=\"og:url\" content=\"https:\/\/mering.info\/?p=3001\" \/>\n<meta property=\"og:site_name\" content=\"Nachhaltiges Mering\" \/>\n<meta property=\"article:published_time\" content=\"2019-11-12T21:46:11+00:00\" \/>\n<meta property=\"article:modified_time\" content=\"2019-11-23T11:33:21+00:00\" \/>\n<meta name=\"author\" content=\"Jan Sandvoss\" \/>\n<meta name=\"twitter:card\" content=\"summary_large_image\" \/>\n<meta name=\"twitter:label1\" content=\"Verfasst von\" \/>\n\t<meta name=\"twitter:data1\" content=\"Jan Sandvoss\" \/>\n\t<meta name=\"twitter:label2\" content=\"Gesch\u00e4tzte Lesezeit\" \/>\n\t<meta name=\"twitter:data2\" content=\"1\u00a0Minute\" \/>\n<script type=\"application\/ld+json\" class=\"yoast-schema-graph\">{\"@context\":\"https:\\\/\\\/schema.org\",\"@graph\":[{\"@type\":\"Article\",\"@id\":\"https:\\\/\\\/mering.info\\\/?p=3001#article\",\"isPartOf\":{\"@id\":\"https:\\\/\\\/mering.info\\\/?p=3001\"},\"author\":{\"name\":\"Jan Sandvoss\",\"@id\":\"https:\\\/\\\/mering.info\\\/#\\\/schema\\\/person\\\/a48208980186ac6f160775120d4bed8c\"},\"headline\":\"Woche der Abfallvermeidung\",\"datePublished\":\"2019-11-12T21:46:11+00:00\",\"dateModified\":\"2019-11-23T11:33:21+00:00\",\"mainEntityOfPage\":{\"@id\":\"https:\\\/\\\/mering.info\\\/?p=3001\"},\"wordCount\":251,\"commentCount\":0,\"articleSection\":[\"Allgemeines\"],\"inLanguage\":\"de\",\"potentialAction\":[{\"@type\":\"CommentAction\",\"name\":\"Comment\",\"target\":[\"https:\\\/\\\/mering.info\\\/?p=3001#respond\"]}]},{\"@type\":\"WebPage\",\"@id\":\"https:\\\/\\\/mering.info\\\/?p=3001\",\"url\":\"https:\\\/\\\/mering.info\\\/?p=3001\",\"name\":\"Woche der Abfallvermeidung - Nachhaltiges Mering\",\"isPartOf\":{\"@id\":\"https:\\\/\\\/mering.info\\\/#website\"},\"datePublished\":\"2019-11-12T21:46:11+00:00\",\"dateModified\":\"2019-11-23T11:33:21+00:00\",\"author\":{\"@id\":\"https:\\\/\\\/mering.info\\\/#\\\/schema\\\/person\\\/a48208980186ac6f160775120d4bed8c\"},\"breadcrumb\":{\"@id\":\"https:\\\/\\\/mering.info\\\/?p=3001#breadcrumb\"},\"inLanguage\":\"de\",\"potentialAction\":[{\"@type\":\"ReadAction\",\"target\":[\"https:\\\/\\\/mering.info\\\/?p=3001\"]}]},{\"@type\":\"BreadcrumbList\",\"@id\":\"https:\\\/\\\/mering.info\\\/?p=3001#breadcrumb\",\"itemListElement\":[{\"@type\":\"ListItem\",\"position\":1,\"name\":\"Startseite\",\"item\":\"https:\\\/\\\/mering.info\\\/\"},{\"@type\":\"ListItem\",\"position\":2,\"name\":\"Woche der Abfallvermeidung\"}]},{\"@type\":\"WebSite\",\"@id\":\"https:\\\/\\\/mering.info\\\/#website\",\"url\":\"https:\\\/\\\/mering.info\\\/\",\"name\":\"Nachhaltiges Mering\",\"description\":\"Zukunftsf\u00e4higes Mering\",\"potentialAction\":[{\"@type\":\"SearchAction\",\"target\":{\"@type\":\"EntryPoint\",\"urlTemplate\":\"https:\\\/\\\/mering.info\\\/?s={search_term_string}\"},\"query-input\":{\"@type\":\"PropertyValueSpecification\",\"valueRequired\":true,\"valueName\":\"search_term_string\"}}],\"inLanguage\":\"de\"},{\"@type\":\"Person\",\"@id\":\"https:\\\/\\\/mering.info\\\/#\\\/schema\\\/person\\\/a48208980186ac6f160775120d4bed8c\",\"name\":\"Jan Sandvoss\",\"url\":\"https:\\\/\\\/mering.info\\\/?author=8\"}]}<\/script>\n<!-- \/ Yoast SEO plugin. -->","yoast_head_json":{"title":"Woche der Abfallvermeidung - Nachhaltiges Mering","robots":{"index":"index","follow":"follow","max-snippet":"max-snippet:-1","max-image-preview":"max-image-preview:large","max-video-preview":"max-video-preview:-1"},"canonical":"https:\/\/mering.info\/?p=3001","og_locale":"de_DE","og_type":"article","og_title":"Woche der Abfallvermeidung - Nachhaltiges Mering","og_description":"Zur europ\u00e4ischen Woche der Abfallvermeidung vom 16.11.-24.11.2019 finden zwei Veranstaltungen in Kooperation mit dem Landratsamt Aichach-Friedberg und unserem B\u00fcndnis f\u00fcr Nachhaltigkeit statt. ZukunftsVortrag \u201eWertsch\u00e4tzen statt wegwerfen &#8211; miteinander &amp; voneinander &hellip; Woche der Abfallvermeidung weiterlesen &rarr;","og_url":"https:\/\/mering.info\/?p=3001","og_site_name":"Nachhaltiges Mering","article_published_time":"2019-11-12T21:46:11+00:00","article_modified_time":"2019-11-23T11:33:21+00:00","author":"Jan Sandvoss","twitter_card":"summary_large_image","twitter_misc":{"Verfasst von":"Jan Sandvoss","Gesch\u00e4tzte Lesezeit":"1\u00a0Minute"},"schema":{"@context":"https:\/\/schema.org","@graph":[{"@type":"Article","@id":"https:\/\/mering.info\/?p=3001#article","isPartOf":{"@id":"https:\/\/mering.info\/?p=3001"},"author":{"name":"Jan Sandvoss","@id":"https:\/\/mering.info\/#\/schema\/person\/a48208980186ac6f160775120d4bed8c"},"headline":"Woche der Abfallvermeidung","datePublished":"2019-11-12T21:46:11+00:00","dateModified":"2019-11-23T11:33:21+00:00","mainEntityOfPage":{"@id":"https:\/\/mering.info\/?p=3001"},"wordCount":251,"commentCount":0,"articleSection":["Allgemeines"],"inLanguage":"de","potentialAction":[{"@type":"CommentAction","name":"Comment","target":["https:\/\/mering.info\/?p=3001#respond"]}]},{"@type":"WebPage","@id":"https:\/\/mering.info\/?p=3001","url":"https:\/\/mering.info\/?p=3001","name":"Woche der Abfallvermeidung - Nachhaltiges Mering","isPartOf":{"@id":"https:\/\/mering.info\/#website"},"datePublished":"2019-11-12T21:46:11+00:00","dateModified":"2019-11-23T11:33:21+00:00","author":{"@id":"https:\/\/mering.info\/#\/schema\/person\/a48208980186ac6f160775120d4bed8c"},"breadcrumb":{"@id":"https:\/\/mering.info\/?p=3001#breadcrumb"},"inLanguage":"de","potentialAction":[{"@type":"ReadAction","target":["https:\/\/mering.info\/?p=3001"]}]},{"@type":"BreadcrumbList","@id":"https:\/\/mering.info\/?p=3001#breadcrumb","itemListElement":[{"@type":"ListItem","position":1,"name":"Startseite","item":"https:\/\/mering.info\/"},{"@type":"ListItem","position":2,"name":"Woche der Abfallvermeidung"}]},{"@type":"WebSite","@id":"https:\/\/mering.info\/#website","url":"https:\/\/mering.info\/","name":"Nachhaltiges Mering","description":"Zukunftsf\u00e4higes Mering","potentialAction":[{"@type":"SearchAction","target":{"@type":"EntryPoint","urlTemplate":"https:\/\/mering.info\/?s={search_term_string}"},"query-input":{"@type":"PropertyValueSpecification","valueRequired":true,"valueName":"search_term_string"}}],"inLanguage":"de"},{"@type":"Person","@id":"https:\/\/mering.info\/#\/schema\/person\/a48208980186ac6f160775120d4bed8c","name":"Jan Sandvoss","url":"https:\/\/mering.info\/?author=8"}]}},"jetpack_publicize_connections":[],"jetpack_featured_media_url":"","jetpack_sharing_enabled":true,"_links":{"self":[{"href":"https:\/\/mering.info\/index.php?rest_route=\/wp\/v2\/posts\/3001","targetHints":{"allow":["GET"]}}],"collection":[{"href":"https:\/\/mering.info\/index.php?rest_route=\/wp\/v2\/posts"}],"about":[{"href":"https:\/\/mering.info\/index.php?rest_route=\/wp\/v2\/types\/post"}],"author":[{"embeddable":true,"href":"https:\/\/mering.info\/index.php?rest_route=\/wp\/v2\/users\/8"}],"replies":[{"embeddable":true,"href":"https:\/\/mering.info\/index.php?rest_route=%2Fwp%2Fv2%2Fcomments&post=3001"}],"version-history":[{"count":2,"href":"https:\/\/mering.info\/index.php?rest_route=\/wp\/v2\/posts\/3001\/revisions"}],"predecessor-version":[{"id":3007,"href":"https:\/\/mering.info\/index.php?rest_route=\/wp\/v2\/posts\/3001\/revisions\/3007"}],"wp:attachment":[{"href":"https:\/\/mering.info\/index.php?rest_route=%2Fwp%2Fv2%2Fmedia&parent=3001"}],"wp:term":[{"taxonomy":"category","embeddable":true,"href":"https:\/\/mering.info\/index.php?rest_route=%2Fwp%2Fv2%2Fcategories&post=3001"},{"taxonomy":"post_tag","embeddable":true,"href":"https:\/\/mering.info\/index.php?rest_route=%2Fwp%2Fv2%2Ftags&post=3001"}],"curies":[{"name":"wp","href":"https:\/\/api.w.org\/{rel}","templated":true}]}}