{"id":3154,"date":"2020-07-14T21:26:52","date_gmt":"2020-07-14T19:26:52","guid":{"rendered":"http:\/\/mering.info\/?p=3154"},"modified":"2021-06-26T16:37:40","modified_gmt":"2021-06-26T14:37:40","slug":"buendnis-fuer-nachhaltigkeit-erfreut-ueber-unverpackt-laden-der-erlbaeck-in-mering-st-afra","status":"publish","type":"post","link":"https:\/\/mering.info\/?p=3154","title":{"rendered":"&#8222;B\u00fcndnis f\u00fcr Nachhaltigkeit&#8220; erfreut \u00fcber Unverpackt-Laden &#8222;Der Erlb\u00e4ck&#8220; in Mering-St. Afra"},"content":{"rendered":"<p>Direkt kurz nach der Er\u00f6ffnung waren die Aktiven vom \u201eB\u00fcndnis f\u00fcr Nachhaltigkeit\u201c Micon Kreft und Michael Dudella im neuen Unverpackt-Laden, Mering-St. Afra, Marienplatz 1. Sie gratulierten Sigrun Schl\u00fcter (Bildmitte) und zeigten sich \u00fcber ihr Engagement sehr erfreut. Ein breites Sortiment an unverpackten Lebensmitteln, Kosmetikartikeln oder Backwaren ist dort zu erwerben. Auch die ZukunftsTasche ist im &#8222;Erlb\u00e4ck&#8220; gegen eine Spende erh\u00e4ltlich. Wer einen Blick in den sch\u00f6nen gestalteten Laden werfen m\u00f6chte hat dazu Dienstag bis Samstag die Gelegenheit.<\/p>\n<p><img fetchpriority=\"high\" decoding=\"async\" class=\"alignnone size-medium wp-image-3156\" src=\"https:\/\/mering.info\/wp-content\/uploads\/2020\/07\/Unverpackt-St-Afra-1_verkleinert-300x225.jpg\" alt=\"\" width=\"300\" height=\"225\" srcset=\"https:\/\/mering.info\/wp-content\/uploads\/2020\/07\/Unverpackt-St-Afra-1_verkleinert-300x225.jpg 300w, https:\/\/mering.info\/wp-content\/uploads\/2020\/07\/Unverpackt-St-Afra-1_verkleinert-768x576.jpg 768w, https:\/\/mering.info\/wp-content\/uploads\/2020\/07\/Unverpackt-St-Afra-1_verkleinert.jpg 933w\" sizes=\"(max-width: 300px) 100vw, 300px\" \/><\/p>\n<p>Sehr gespannt erwartet man vom &#8222;B\u00fcndnis f\u00fcr Nachhaltigkeit&#8220; auch das Unverpackt Sortiment, demn\u00e4chst in der &#8222;Seelenzeit&#8220; in Mering.<\/p>\n<p>&nbsp;<\/p>\n","protected":false},"excerpt":{"rendered":"<p>Direkt kurz nach der Er\u00f6ffnung waren die Aktiven vom \u201eB\u00fcndnis f\u00fcr Nachhaltigkeit\u201c Micon Kreft und Michael Dudella im neuen Unverpackt-Laden, Mering-St. Afra, Marienplatz 1. Sie gratulierten Sigrun Schl\u00fcter (Bildmitte) und &hellip; <a href=\"https:\/\/mering.info\/?p=3154\" class=\"more-link\"><span class=\"screen-reader-text\">&#8222;B\u00fcndnis f\u00fcr Nachhaltigkeit&#8220; erfreut \u00fcber Unverpackt-Laden &#8222;Der Erlb\u00e4ck&#8220; in Mering-St. Afra<\/span> weiterlesen <span class=\"meta-nav\">&rarr;<\/span><\/a><\/p>\n","protected":false},"author":8,"featured_media":3157,"comment_status":"open","ping_status":"open","sticky":false,"template":"","format":"standard","meta":{"jetpack_post_was_ever_published":false,"_jetpack_newsletter_access":"","_jetpack_dont_email_post_to_subs":false,"_jetpack_newsletter_tier_id":0,"_jetpack_memberships_contains_paywalled_content":false,"_jetpack_memberships_contains_paid_content":false,"footnotes":"","jetpack_publicize_message":"","jetpack_publicize_feature_enabled":true,"jetpack_social_post_already_shared":true,"jetpack_social_options":{"image_generator_settings":{"template":"highway","default_image_id":0,"font":"","enabled":false},"version":2}},"categories":[65,68,67],"tags":[46,163],"class_list":["post-3154","post","type-post","status-publish","format-standard","has-post-thumbnail","hentry","category-lebensmittel","category-oekologisch","category-regional","tag-lebensmittel","tag-unverpack"],"yoast_head":"<!-- This site is optimized with the Yoast SEO plugin v27.5 - https:\/\/yoast.com\/product\/yoast-seo-wordpress\/ -->\n<title>&quot;B\u00fcndnis f\u00fcr Nachhaltigkeit&quot; erfreut \u00fcber Unverpackt-Laden &quot;Der Erlb\u00e4ck&quot; in Mering-St. Afra - Nachhaltiges Mering<\/title>\n<meta name=\"robots\" content=\"index, follow, max-snippet:-1, max-image-preview:large, max-video-preview:-1\" \/>\n<link rel=\"canonical\" href=\"https:\/\/mering.info\/?p=3154\" \/>\n<meta property=\"og:locale\" content=\"de_DE\" \/>\n<meta property=\"og:type\" content=\"article\" \/>\n<meta property=\"og:title\" content=\"&quot;B\u00fcndnis f\u00fcr Nachhaltigkeit&quot; erfreut \u00fcber Unverpackt-Laden &quot;Der Erlb\u00e4ck&quot; in Mering-St. Afra - Nachhaltiges Mering\" \/>\n<meta property=\"og:description\" content=\"Direkt kurz nach der Er\u00f6ffnung waren die Aktiven vom \u201eB\u00fcndnis f\u00fcr Nachhaltigkeit\u201c Micon Kreft und Michael Dudella im neuen Unverpackt-Laden, Mering-St. Afra, Marienplatz 1. Sie gratulierten Sigrun Schl\u00fcter (Bildmitte) und &hellip; &#8222;B\u00fcndnis f\u00fcr Nachhaltigkeit&#8220; erfreut \u00fcber Unverpackt-Laden &#8222;Der Erlb\u00e4ck&#8220; in Mering-St. Afra weiterlesen &rarr;\" \/>\n<meta property=\"og:url\" content=\"https:\/\/mering.info\/?p=3154\" \/>\n<meta property=\"og:site_name\" content=\"Nachhaltiges Mering\" \/>\n<meta property=\"article:published_time\" content=\"2020-07-14T19:26:52+00:00\" \/>\n<meta property=\"article:modified_time\" content=\"2021-06-26T14:37:40+00:00\" \/>\n<meta property=\"og:image\" content=\"https:\/\/mering.info\/wp-content\/uploads\/2020\/07\/Unverpackt-St-Afra-2_verkleinert.jpg\" \/>\n\t<meta property=\"og:image:width\" content=\"933\" \/>\n\t<meta property=\"og:image:height\" content=\"700\" \/>\n\t<meta property=\"og:image:type\" content=\"image\/jpeg\" \/>\n<meta name=\"author\" content=\"Jan Sandvoss\" \/>\n<meta name=\"twitter:card\" content=\"summary_large_image\" \/>\n<meta name=\"twitter:label1\" content=\"Verfasst von\" \/>\n\t<meta name=\"twitter:data1\" content=\"Jan Sandvoss\" \/>\n\t<meta name=\"twitter:label2\" content=\"Gesch\u00e4tzte Lesezeit\" \/>\n\t<meta name=\"twitter:data2\" content=\"1\u00a0Minute\" \/>\n<script type=\"application\/ld+json\" class=\"yoast-schema-graph\">{\"@context\":\"https:\\\/\\\/schema.org\",\"@graph\":[{\"@type\":\"Article\",\"@id\":\"https:\\\/\\\/mering.info\\\/?p=3154#article\",\"isPartOf\":{\"@id\":\"https:\\\/\\\/mering.info\\\/?p=3154\"},\"author\":{\"name\":\"Jan Sandvoss\",\"@id\":\"https:\\\/\\\/mering.info\\\/#\\\/schema\\\/person\\\/a48208980186ac6f160775120d4bed8c\"},\"headline\":\"&#8222;B\u00fcndnis f\u00fcr Nachhaltigkeit&#8220; erfreut \u00fcber Unverpackt-Laden &#8222;Der Erlb\u00e4ck&#8220; in Mering-St. Afra\",\"datePublished\":\"2020-07-14T19:26:52+00:00\",\"dateModified\":\"2021-06-26T14:37:40+00:00\",\"mainEntityOfPage\":{\"@id\":\"https:\\\/\\\/mering.info\\\/?p=3154\"},\"wordCount\":120,\"commentCount\":0,\"image\":{\"@id\":\"https:\\\/\\\/mering.info\\\/?p=3154#primaryimage\"},\"thumbnailUrl\":\"https:\\\/\\\/mering.info\\\/wp-content\\\/uploads\\\/2020\\\/07\\\/Unverpackt-St-Afra-2_verkleinert.jpg\",\"keywords\":[\"Lebensmittel\",\"Unverpack\"],\"articleSection\":[\"Lebensmittel\",\"\u00f6kologisch\",\"regional\"],\"inLanguage\":\"de\",\"potentialAction\":[{\"@type\":\"CommentAction\",\"name\":\"Comment\",\"target\":[\"https:\\\/\\\/mering.info\\\/?p=3154#respond\"]}]},{\"@type\":\"WebPage\",\"@id\":\"https:\\\/\\\/mering.info\\\/?p=3154\",\"url\":\"https:\\\/\\\/mering.info\\\/?p=3154\",\"name\":\"\\\"B\u00fcndnis f\u00fcr Nachhaltigkeit\\\" erfreut \u00fcber Unverpackt-Laden \\\"Der Erlb\u00e4ck\\\" in Mering-St. Afra - Nachhaltiges Mering\",\"isPartOf\":{\"@id\":\"https:\\\/\\\/mering.info\\\/#website\"},\"primaryImageOfPage\":{\"@id\":\"https:\\\/\\\/mering.info\\\/?p=3154#primaryimage\"},\"image\":{\"@id\":\"https:\\\/\\\/mering.info\\\/?p=3154#primaryimage\"},\"thumbnailUrl\":\"https:\\\/\\\/mering.info\\\/wp-content\\\/uploads\\\/2020\\\/07\\\/Unverpackt-St-Afra-2_verkleinert.jpg\",\"datePublished\":\"2020-07-14T19:26:52+00:00\",\"dateModified\":\"2021-06-26T14:37:40+00:00\",\"author\":{\"@id\":\"https:\\\/\\\/mering.info\\\/#\\\/schema\\\/person\\\/a48208980186ac6f160775120d4bed8c\"},\"breadcrumb\":{\"@id\":\"https:\\\/\\\/mering.info\\\/?p=3154#breadcrumb\"},\"inLanguage\":\"de\",\"potentialAction\":[{\"@type\":\"ReadAction\",\"target\":[\"https:\\\/\\\/mering.info\\\/?p=3154\"]}]},{\"@type\":\"ImageObject\",\"inLanguage\":\"de\",\"@id\":\"https:\\\/\\\/mering.info\\\/?p=3154#primaryimage\",\"url\":\"https:\\\/\\\/mering.info\\\/wp-content\\\/uploads\\\/2020\\\/07\\\/Unverpackt-St-Afra-2_verkleinert.jpg\",\"contentUrl\":\"https:\\\/\\\/mering.info\\\/wp-content\\\/uploads\\\/2020\\\/07\\\/Unverpackt-St-Afra-2_verkleinert.jpg\",\"width\":933,\"height\":700},{\"@type\":\"BreadcrumbList\",\"@id\":\"https:\\\/\\\/mering.info\\\/?p=3154#breadcrumb\",\"itemListElement\":[{\"@type\":\"ListItem\",\"position\":1,\"name\":\"Startseite\",\"item\":\"https:\\\/\\\/mering.info\\\/\"},{\"@type\":\"ListItem\",\"position\":2,\"name\":\"&#8222;B\u00fcndnis f\u00fcr Nachhaltigkeit&#8220; erfreut \u00fcber Unverpackt-Laden &#8222;Der Erlb\u00e4ck&#8220; in Mering-St. Afra\"}]},{\"@type\":\"WebSite\",\"@id\":\"https:\\\/\\\/mering.info\\\/#website\",\"url\":\"https:\\\/\\\/mering.info\\\/\",\"name\":\"Nachhaltiges Mering\",\"description\":\"Zukunftsf\u00e4higes Mering\",\"potentialAction\":[{\"@type\":\"SearchAction\",\"target\":{\"@type\":\"EntryPoint\",\"urlTemplate\":\"https:\\\/\\\/mering.info\\\/?s={search_term_string}\"},\"query-input\":{\"@type\":\"PropertyValueSpecification\",\"valueRequired\":true,\"valueName\":\"search_term_string\"}}],\"inLanguage\":\"de\"},{\"@type\":\"Person\",\"@id\":\"https:\\\/\\\/mering.info\\\/#\\\/schema\\\/person\\\/a48208980186ac6f160775120d4bed8c\",\"name\":\"Jan Sandvoss\",\"url\":\"https:\\\/\\\/mering.info\\\/?author=8\"}]}<\/script>\n<!-- \/ Yoast SEO plugin. -->","yoast_head_json":{"title":"\"B\u00fcndnis f\u00fcr Nachhaltigkeit\" erfreut \u00fcber Unverpackt-Laden \"Der Erlb\u00e4ck\" in Mering-St. Afra - Nachhaltiges Mering","robots":{"index":"index","follow":"follow","max-snippet":"max-snippet:-1","max-image-preview":"max-image-preview:large","max-video-preview":"max-video-preview:-1"},"canonical":"https:\/\/mering.info\/?p=3154","og_locale":"de_DE","og_type":"article","og_title":"\"B\u00fcndnis f\u00fcr Nachhaltigkeit\" erfreut \u00fcber Unverpackt-Laden \"Der Erlb\u00e4ck\" in Mering-St. Afra - Nachhaltiges Mering","og_description":"Direkt kurz nach der Er\u00f6ffnung waren die Aktiven vom \u201eB\u00fcndnis f\u00fcr Nachhaltigkeit\u201c Micon Kreft und Michael Dudella im neuen Unverpackt-Laden, Mering-St. Afra, Marienplatz 1. Sie gratulierten Sigrun Schl\u00fcter (Bildmitte) und &hellip; &#8222;B\u00fcndnis f\u00fcr Nachhaltigkeit&#8220; erfreut \u00fcber Unverpackt-Laden &#8222;Der Erlb\u00e4ck&#8220; in Mering-St. Afra weiterlesen &rarr;","og_url":"https:\/\/mering.info\/?p=3154","og_site_name":"Nachhaltiges Mering","article_published_time":"2020-07-14T19:26:52+00:00","article_modified_time":"2021-06-26T14:37:40+00:00","og_image":[{"width":933,"height":700,"url":"https:\/\/mering.info\/wp-content\/uploads\/2020\/07\/Unverpackt-St-Afra-2_verkleinert.jpg","type":"image\/jpeg"}],"author":"Jan Sandvoss","twitter_card":"summary_large_image","twitter_misc":{"Verfasst von":"Jan Sandvoss","Gesch\u00e4tzte Lesezeit":"1\u00a0Minute"},"schema":{"@context":"https:\/\/schema.org","@graph":[{"@type":"Article","@id":"https:\/\/mering.info\/?p=3154#article","isPartOf":{"@id":"https:\/\/mering.info\/?p=3154"},"author":{"name":"Jan Sandvoss","@id":"https:\/\/mering.info\/#\/schema\/person\/a48208980186ac6f160775120d4bed8c"},"headline":"&#8222;B\u00fcndnis f\u00fcr Nachhaltigkeit&#8220; erfreut \u00fcber Unverpackt-Laden &#8222;Der Erlb\u00e4ck&#8220; in Mering-St. Afra","datePublished":"2020-07-14T19:26:52+00:00","dateModified":"2021-06-26T14:37:40+00:00","mainEntityOfPage":{"@id":"https:\/\/mering.info\/?p=3154"},"wordCount":120,"commentCount":0,"image":{"@id":"https:\/\/mering.info\/?p=3154#primaryimage"},"thumbnailUrl":"https:\/\/mering.info\/wp-content\/uploads\/2020\/07\/Unverpackt-St-Afra-2_verkleinert.jpg","keywords":["Lebensmittel","Unverpack"],"articleSection":["Lebensmittel","\u00f6kologisch","regional"],"inLanguage":"de","potentialAction":[{"@type":"CommentAction","name":"Comment","target":["https:\/\/mering.info\/?p=3154#respond"]}]},{"@type":"WebPage","@id":"https:\/\/mering.info\/?p=3154","url":"https:\/\/mering.info\/?p=3154","name":"\"B\u00fcndnis f\u00fcr Nachhaltigkeit\" erfreut \u00fcber Unverpackt-Laden \"Der Erlb\u00e4ck\" in Mering-St. Afra - Nachhaltiges Mering","isPartOf":{"@id":"https:\/\/mering.info\/#website"},"primaryImageOfPage":{"@id":"https:\/\/mering.info\/?p=3154#primaryimage"},"image":{"@id":"https:\/\/mering.info\/?p=3154#primaryimage"},"thumbnailUrl":"https:\/\/mering.info\/wp-content\/uploads\/2020\/07\/Unverpackt-St-Afra-2_verkleinert.jpg","datePublished":"2020-07-14T19:26:52+00:00","dateModified":"2021-06-26T14:37:40+00:00","author":{"@id":"https:\/\/mering.info\/#\/schema\/person\/a48208980186ac6f160775120d4bed8c"},"breadcrumb":{"@id":"https:\/\/mering.info\/?p=3154#breadcrumb"},"inLanguage":"de","potentialAction":[{"@type":"ReadAction","target":["https:\/\/mering.info\/?p=3154"]}]},{"@type":"ImageObject","inLanguage":"de","@id":"https:\/\/mering.info\/?p=3154#primaryimage","url":"https:\/\/mering.info\/wp-content\/uploads\/2020\/07\/Unverpackt-St-Afra-2_verkleinert.jpg","contentUrl":"https:\/\/mering.info\/wp-content\/uploads\/2020\/07\/Unverpackt-St-Afra-2_verkleinert.jpg","width":933,"height":700},{"@type":"BreadcrumbList","@id":"https:\/\/mering.info\/?p=3154#breadcrumb","itemListElement":[{"@type":"ListItem","position":1,"name":"Startseite","item":"https:\/\/mering.info\/"},{"@type":"ListItem","position":2,"name":"&#8222;B\u00fcndnis f\u00fcr Nachhaltigkeit&#8220; erfreut \u00fcber Unverpackt-Laden &#8222;Der Erlb\u00e4ck&#8220; in Mering-St. Afra"}]},{"@type":"WebSite","@id":"https:\/\/mering.info\/#website","url":"https:\/\/mering.info\/","name":"Nachhaltiges Mering","description":"Zukunftsf\u00e4higes Mering","potentialAction":[{"@type":"SearchAction","target":{"@type":"EntryPoint","urlTemplate":"https:\/\/mering.info\/?s={search_term_string}"},"query-input":{"@type":"PropertyValueSpecification","valueRequired":true,"valueName":"search_term_string"}}],"inLanguage":"de"},{"@type":"Person","@id":"https:\/\/mering.info\/#\/schema\/person\/a48208980186ac6f160775120d4bed8c","name":"Jan Sandvoss","url":"https:\/\/mering.info\/?author=8"}]}},"jetpack_publicize_connections":[],"jetpack_featured_media_url":"https:\/\/mering.info\/wp-content\/uploads\/2020\/07\/Unverpackt-St-Afra-2_verkleinert.jpg","jetpack_sharing_enabled":true,"_links":{"self":[{"href":"https:\/\/mering.info\/index.php?rest_route=\/wp\/v2\/posts\/3154","targetHints":{"allow":["GET"]}}],"collection":[{"href":"https:\/\/mering.info\/index.php?rest_route=\/wp\/v2\/posts"}],"about":[{"href":"https:\/\/mering.info\/index.php?rest_route=\/wp\/v2\/types\/post"}],"author":[{"embeddable":true,"href":"https:\/\/mering.info\/index.php?rest_route=\/wp\/v2\/users\/8"}],"replies":[{"embeddable":true,"href":"https:\/\/mering.info\/index.php?rest_route=%2Fwp%2Fv2%2Fcomments&post=3154"}],"version-history":[{"count":10,"href":"https:\/\/mering.info\/index.php?rest_route=\/wp\/v2\/posts\/3154\/revisions"}],"predecessor-version":[{"id":3545,"href":"https:\/\/mering.info\/index.php?rest_route=\/wp\/v2\/posts\/3154\/revisions\/3545"}],"wp:featuredmedia":[{"embeddable":true,"href":"https:\/\/mering.info\/index.php?rest_route=\/wp\/v2\/media\/3157"}],"wp:attachment":[{"href":"https:\/\/mering.info\/index.php?rest_route=%2Fwp%2Fv2%2Fmedia&parent=3154"}],"wp:term":[{"taxonomy":"category","embeddable":true,"href":"https:\/\/mering.info\/index.php?rest_route=%2Fwp%2Fv2%2Fcategories&post=3154"},{"taxonomy":"post_tag","embeddable":true,"href":"https:\/\/mering.info\/index.php?rest_route=%2Fwp%2Fv2%2Ftags&post=3154"}],"curies":[{"name":"wp","href":"https:\/\/api.w.org\/{rel}","templated":true}]}}