{"id":3180,"date":"2020-07-21T20:25:05","date_gmt":"2020-07-21T18:25:05","guid":{"rendered":"http:\/\/mering.info\/?p=3180"},"modified":"2020-07-21T20:25:05","modified_gmt":"2020-07-21T18:25:05","slug":"buendnis-fuer-nachhaltigkeit-startet-steuerungsgruppe-fair-trade-town-mering","status":"publish","type":"post","link":"https:\/\/mering.info\/?p=3180","title":{"rendered":"B\u00fcndnis f\u00fcr Nachhaltigkeit startet Steuerungsgruppe Fair Trade Town Mering"},"content":{"rendered":"<p>Steuerungsgruppe \u201eFair Trade Gemeinde&#8220; Mering startet<\/p>\n<p>Auf Einladung des \u201eB\u00fcndnis f\u00fcr Nachhaltigkeit Mering\u201c trafen sich in der Meringer Mehrzweckhalle interessierte Personen am Thema \u201eFair Trade Town\u201c. Darunter waren Vertreter aus der Politik, B\u00fcrger, Gesch\u00e4ftswelt, wie Edeka Kowalski und der Bioladen Natufit, den Vereinen Turnverein TV Mering, Interkulturelle Verein IKM, Arbeiterwohlfahrt AWO, sowie Vertreter des kirchlichen Lebens. Ute Michallik-Herbein stellte als Referentin der Fair-Trade-Stadt Augsburg die Kriterien einer Fair-Trade-Gemeinde vor. Michael Dudella und J\u00f6rg H\u00e4berle vom \u201eB\u00fcndnis f\u00fcr Nachhaltgkeit Mering\u201c<br \/>\nzeigten sich optimistisch, dass Mering die Kriterien leicht umsetzen kann. So w\u00e4ren Voraussetzungen wie eine bestimmte Anzahl Cafes oder Gesch\u00e4fte, die fair gehandelte Waren anbietet, quasi schon erf\u00fcllt. Petra von Thienen ist als Bindeglied zwischen dem B\u00fcndnis und Gemeinderat damit beauftragt, das Thema auf die Agenda des<br \/>\nGemeinderates zu bringen. <!--more-->Ziel ist letztendlich ein Beschluss des Gemeinderates, einen Antrag zu stellen der zu einer Auszeichnung als Fair-Trade-Gemeinde in Aussicht stellt. Die Koordination und Vorarbeiten f\u00fcr dieses Ziel \u00fcbernimmt eine Steuerungsgruppe. Einige der Interessierten haben bereits ihr Interesse signalisiert in der Steuerungsgruppe mitzuarbeiten. Hauptarbeit wird dabei der Dialog zu Schulen, Kirchen, Vereinen, Gesch\u00e4ften, Firmen, und Gastronomiebetrieben sein, um eine Umsetzung der Fair-Trade-Aktivit\u00e4ten zu erreichen. Bis Sommer n\u00e4chsten Jahres m\u00f6chte man die Fair-Trade-Auszeichnung f\u00fcr Mering gerne erreichen. So w\u00e4re f\u00fcr die Aktiven des \u201eB\u00fcndnis f\u00fcr Nachhaltigkeit\u201c der vierte ZukunftsMarkt am Sonntag, 27. Juni 2021 ein idealer Zeitpunkt der Sigel-\u00dcbergabe. Wer noch Interesse an der Mitarbeit in der Steuerungsgruppe hat, kann sich gerne bei Michael Dudella unter der Mailadresse michael.dudella@kab-augsburg.org oder unter 0151-72831535 melden.<\/p>\n","protected":false},"excerpt":{"rendered":"<p>Steuerungsgruppe \u201eFair Trade Gemeinde&#8220; Mering startet Auf Einladung des \u201eB\u00fcndnis f\u00fcr Nachhaltigkeit Mering\u201c trafen sich in der Meringer Mehrzweckhalle interessierte Personen am Thema \u201eFair Trade Town\u201c. Darunter waren Vertreter aus &hellip; <a href=\"https:\/\/mering.info\/?p=3180\" class=\"more-link\"><span class=\"screen-reader-text\">B\u00fcndnis f\u00fcr Nachhaltigkeit startet Steuerungsgruppe Fair Trade Town Mering<\/span> weiterlesen <span class=\"meta-nav\">&rarr;<\/span><\/a><\/p>\n","protected":false},"author":8,"featured_media":3169,"comment_status":"open","ping_status":"open","sticky":false,"template":"","format":"standard","meta":{"jetpack_post_was_ever_published":false,"_jetpack_newsletter_access":"","_jetpack_dont_email_post_to_subs":false,"_jetpack_newsletter_tier_id":0,"_jetpack_memberships_contains_paywalled_content":false,"_jetpack_memberships_contains_paid_content":false,"footnotes":"","jetpack_publicize_message":"B\u00fcndnis f\u00fcr Nachhaltigkeit startet Steuerungsgruppe Fair Trade Town Mering","jetpack_publicize_feature_enabled":true,"jetpack_social_post_already_shared":true,"jetpack_social_options":{"image_generator_settings":{"template":"highway","default_image_id":0,"font":"","enabled":false},"version":2}},"categories":[69,67],"tags":[164],"class_list":["post-3180","post","type-post","status-publish","format-standard","has-post-thumbnail","hentry","category-fair","category-regional","tag-fair-trade-gemeinde"],"yoast_head":"<!-- This site is optimized with the Yoast SEO plugin v27.5 - https:\/\/yoast.com\/product\/yoast-seo-wordpress\/ -->\n<title>B\u00fcndnis f\u00fcr Nachhaltigkeit startet Steuerungsgruppe Fair Trade Town Mering - Nachhaltiges Mering<\/title>\n<meta name=\"robots\" content=\"index, follow, max-snippet:-1, max-image-preview:large, max-video-preview:-1\" \/>\n<link rel=\"canonical\" href=\"https:\/\/mering.info\/?p=3180\" \/>\n<meta property=\"og:locale\" content=\"de_DE\" \/>\n<meta property=\"og:type\" content=\"article\" \/>\n<meta property=\"og:title\" content=\"B\u00fcndnis f\u00fcr Nachhaltigkeit startet Steuerungsgruppe Fair Trade Town Mering - Nachhaltiges Mering\" \/>\n<meta property=\"og:description\" content=\"Steuerungsgruppe \u201eFair Trade Gemeinde&#8220; Mering startet Auf Einladung des \u201eB\u00fcndnis f\u00fcr Nachhaltigkeit Mering\u201c trafen sich in der Meringer Mehrzweckhalle interessierte Personen am Thema \u201eFair Trade Town\u201c. Darunter waren Vertreter aus &hellip; B\u00fcndnis f\u00fcr Nachhaltigkeit startet Steuerungsgruppe Fair Trade Town Mering weiterlesen &rarr;\" \/>\n<meta property=\"og:url\" content=\"https:\/\/mering.info\/?p=3180\" \/>\n<meta property=\"og:site_name\" content=\"Nachhaltiges Mering\" \/>\n<meta property=\"article:published_time\" content=\"2020-07-21T18:25:05+00:00\" \/>\n<meta property=\"og:image\" content=\"https:\/\/mering.info\/wp-content\/uploads\/2020\/07\/Steuerungsgruppe-Fair-Trade-Town-Mering_verkleinert.jpg\" \/>\n\t<meta property=\"og:image:width\" content=\"1024\" \/>\n\t<meta property=\"og:image:height\" content=\"575\" \/>\n\t<meta property=\"og:image:type\" content=\"image\/jpeg\" \/>\n<meta name=\"author\" content=\"Jan Sandvoss\" \/>\n<meta name=\"twitter:card\" content=\"summary_large_image\" \/>\n<meta name=\"twitter:label1\" content=\"Verfasst von\" \/>\n\t<meta name=\"twitter:data1\" content=\"Jan Sandvoss\" \/>\n\t<meta name=\"twitter:label2\" content=\"Gesch\u00e4tzte Lesezeit\" \/>\n\t<meta name=\"twitter:data2\" content=\"1\u00a0Minute\" \/>\n<script type=\"application\/ld+json\" class=\"yoast-schema-graph\">{\"@context\":\"https:\\\/\\\/schema.org\",\"@graph\":[{\"@type\":\"Article\",\"@id\":\"https:\\\/\\\/mering.info\\\/?p=3180#article\",\"isPartOf\":{\"@id\":\"https:\\\/\\\/mering.info\\\/?p=3180\"},\"author\":{\"name\":\"Jan Sandvoss\",\"@id\":\"https:\\\/\\\/mering.info\\\/#\\\/schema\\\/person\\\/a48208980186ac6f160775120d4bed8c\"},\"headline\":\"B\u00fcndnis f\u00fcr Nachhaltigkeit startet Steuerungsgruppe Fair Trade Town Mering\",\"datePublished\":\"2020-07-21T18:25:05+00:00\",\"mainEntityOfPage\":{\"@id\":\"https:\\\/\\\/mering.info\\\/?p=3180\"},\"wordCount\":285,\"commentCount\":0,\"image\":{\"@id\":\"https:\\\/\\\/mering.info\\\/?p=3180#primaryimage\"},\"thumbnailUrl\":\"https:\\\/\\\/mering.info\\\/wp-content\\\/uploads\\\/2020\\\/07\\\/Steuerungsgruppe-Fair-Trade-Town-Mering_verkleinert.jpg\",\"keywords\":[\"Fair Trade Gemeinde\"],\"articleSection\":[\"fair\",\"regional\"],\"inLanguage\":\"de\",\"potentialAction\":[{\"@type\":\"CommentAction\",\"name\":\"Comment\",\"target\":[\"https:\\\/\\\/mering.info\\\/?p=3180#respond\"]}]},{\"@type\":\"WebPage\",\"@id\":\"https:\\\/\\\/mering.info\\\/?p=3180\",\"url\":\"https:\\\/\\\/mering.info\\\/?p=3180\",\"name\":\"B\u00fcndnis f\u00fcr Nachhaltigkeit startet Steuerungsgruppe Fair Trade Town Mering - Nachhaltiges Mering\",\"isPartOf\":{\"@id\":\"https:\\\/\\\/mering.info\\\/#website\"},\"primaryImageOfPage\":{\"@id\":\"https:\\\/\\\/mering.info\\\/?p=3180#primaryimage\"},\"image\":{\"@id\":\"https:\\\/\\\/mering.info\\\/?p=3180#primaryimage\"},\"thumbnailUrl\":\"https:\\\/\\\/mering.info\\\/wp-content\\\/uploads\\\/2020\\\/07\\\/Steuerungsgruppe-Fair-Trade-Town-Mering_verkleinert.jpg\",\"datePublished\":\"2020-07-21T18:25:05+00:00\",\"author\":{\"@id\":\"https:\\\/\\\/mering.info\\\/#\\\/schema\\\/person\\\/a48208980186ac6f160775120d4bed8c\"},\"breadcrumb\":{\"@id\":\"https:\\\/\\\/mering.info\\\/?p=3180#breadcrumb\"},\"inLanguage\":\"de\",\"potentialAction\":[{\"@type\":\"ReadAction\",\"target\":[\"https:\\\/\\\/mering.info\\\/?p=3180\"]}]},{\"@type\":\"ImageObject\",\"inLanguage\":\"de\",\"@id\":\"https:\\\/\\\/mering.info\\\/?p=3180#primaryimage\",\"url\":\"https:\\\/\\\/mering.info\\\/wp-content\\\/uploads\\\/2020\\\/07\\\/Steuerungsgruppe-Fair-Trade-Town-Mering_verkleinert.jpg\",\"contentUrl\":\"https:\\\/\\\/mering.info\\\/wp-content\\\/uploads\\\/2020\\\/07\\\/Steuerungsgruppe-Fair-Trade-Town-Mering_verkleinert.jpg\",\"width\":1024,\"height\":575},{\"@type\":\"BreadcrumbList\",\"@id\":\"https:\\\/\\\/mering.info\\\/?p=3180#breadcrumb\",\"itemListElement\":[{\"@type\":\"ListItem\",\"position\":1,\"name\":\"Startseite\",\"item\":\"https:\\\/\\\/mering.info\\\/\"},{\"@type\":\"ListItem\",\"position\":2,\"name\":\"B\u00fcndnis f\u00fcr Nachhaltigkeit startet Steuerungsgruppe Fair Trade Town Mering\"}]},{\"@type\":\"WebSite\",\"@id\":\"https:\\\/\\\/mering.info\\\/#website\",\"url\":\"https:\\\/\\\/mering.info\\\/\",\"name\":\"Nachhaltiges Mering\",\"description\":\"Zukunftsf\u00e4higes Mering\",\"potentialAction\":[{\"@type\":\"SearchAction\",\"target\":{\"@type\":\"EntryPoint\",\"urlTemplate\":\"https:\\\/\\\/mering.info\\\/?s={search_term_string}\"},\"query-input\":{\"@type\":\"PropertyValueSpecification\",\"valueRequired\":true,\"valueName\":\"search_term_string\"}}],\"inLanguage\":\"de\"},{\"@type\":\"Person\",\"@id\":\"https:\\\/\\\/mering.info\\\/#\\\/schema\\\/person\\\/a48208980186ac6f160775120d4bed8c\",\"name\":\"Jan Sandvoss\",\"url\":\"https:\\\/\\\/mering.info\\\/?author=8\"}]}<\/script>\n<!-- \/ Yoast SEO plugin. -->","yoast_head_json":{"title":"B\u00fcndnis f\u00fcr Nachhaltigkeit startet Steuerungsgruppe Fair Trade Town Mering - Nachhaltiges Mering","robots":{"index":"index","follow":"follow","max-snippet":"max-snippet:-1","max-image-preview":"max-image-preview:large","max-video-preview":"max-video-preview:-1"},"canonical":"https:\/\/mering.info\/?p=3180","og_locale":"de_DE","og_type":"article","og_title":"B\u00fcndnis f\u00fcr Nachhaltigkeit startet Steuerungsgruppe Fair Trade Town Mering - Nachhaltiges Mering","og_description":"Steuerungsgruppe \u201eFair Trade Gemeinde&#8220; Mering startet Auf Einladung des \u201eB\u00fcndnis f\u00fcr Nachhaltigkeit Mering\u201c trafen sich in der Meringer Mehrzweckhalle interessierte Personen am Thema \u201eFair Trade Town\u201c. Darunter waren Vertreter aus &hellip; B\u00fcndnis f\u00fcr Nachhaltigkeit startet Steuerungsgruppe Fair Trade Town Mering weiterlesen &rarr;","og_url":"https:\/\/mering.info\/?p=3180","og_site_name":"Nachhaltiges Mering","article_published_time":"2020-07-21T18:25:05+00:00","og_image":[{"width":1024,"height":575,"url":"https:\/\/mering.info\/wp-content\/uploads\/2020\/07\/Steuerungsgruppe-Fair-Trade-Town-Mering_verkleinert.jpg","type":"image\/jpeg"}],"author":"Jan Sandvoss","twitter_card":"summary_large_image","twitter_misc":{"Verfasst von":"Jan Sandvoss","Gesch\u00e4tzte Lesezeit":"1\u00a0Minute"},"schema":{"@context":"https:\/\/schema.org","@graph":[{"@type":"Article","@id":"https:\/\/mering.info\/?p=3180#article","isPartOf":{"@id":"https:\/\/mering.info\/?p=3180"},"author":{"name":"Jan Sandvoss","@id":"https:\/\/mering.info\/#\/schema\/person\/a48208980186ac6f160775120d4bed8c"},"headline":"B\u00fcndnis f\u00fcr Nachhaltigkeit startet Steuerungsgruppe Fair Trade Town Mering","datePublished":"2020-07-21T18:25:05+00:00","mainEntityOfPage":{"@id":"https:\/\/mering.info\/?p=3180"},"wordCount":285,"commentCount":0,"image":{"@id":"https:\/\/mering.info\/?p=3180#primaryimage"},"thumbnailUrl":"https:\/\/mering.info\/wp-content\/uploads\/2020\/07\/Steuerungsgruppe-Fair-Trade-Town-Mering_verkleinert.jpg","keywords":["Fair Trade Gemeinde"],"articleSection":["fair","regional"],"inLanguage":"de","potentialAction":[{"@type":"CommentAction","name":"Comment","target":["https:\/\/mering.info\/?p=3180#respond"]}]},{"@type":"WebPage","@id":"https:\/\/mering.info\/?p=3180","url":"https:\/\/mering.info\/?p=3180","name":"B\u00fcndnis f\u00fcr Nachhaltigkeit startet Steuerungsgruppe Fair Trade Town Mering - Nachhaltiges Mering","isPartOf":{"@id":"https:\/\/mering.info\/#website"},"primaryImageOfPage":{"@id":"https:\/\/mering.info\/?p=3180#primaryimage"},"image":{"@id":"https:\/\/mering.info\/?p=3180#primaryimage"},"thumbnailUrl":"https:\/\/mering.info\/wp-content\/uploads\/2020\/07\/Steuerungsgruppe-Fair-Trade-Town-Mering_verkleinert.jpg","datePublished":"2020-07-21T18:25:05+00:00","author":{"@id":"https:\/\/mering.info\/#\/schema\/person\/a48208980186ac6f160775120d4bed8c"},"breadcrumb":{"@id":"https:\/\/mering.info\/?p=3180#breadcrumb"},"inLanguage":"de","potentialAction":[{"@type":"ReadAction","target":["https:\/\/mering.info\/?p=3180"]}]},{"@type":"ImageObject","inLanguage":"de","@id":"https:\/\/mering.info\/?p=3180#primaryimage","url":"https:\/\/mering.info\/wp-content\/uploads\/2020\/07\/Steuerungsgruppe-Fair-Trade-Town-Mering_verkleinert.jpg","contentUrl":"https:\/\/mering.info\/wp-content\/uploads\/2020\/07\/Steuerungsgruppe-Fair-Trade-Town-Mering_verkleinert.jpg","width":1024,"height":575},{"@type":"BreadcrumbList","@id":"https:\/\/mering.info\/?p=3180#breadcrumb","itemListElement":[{"@type":"ListItem","position":1,"name":"Startseite","item":"https:\/\/mering.info\/"},{"@type":"ListItem","position":2,"name":"B\u00fcndnis f\u00fcr Nachhaltigkeit startet Steuerungsgruppe Fair Trade Town Mering"}]},{"@type":"WebSite","@id":"https:\/\/mering.info\/#website","url":"https:\/\/mering.info\/","name":"Nachhaltiges Mering","description":"Zukunftsf\u00e4higes Mering","potentialAction":[{"@type":"SearchAction","target":{"@type":"EntryPoint","urlTemplate":"https:\/\/mering.info\/?s={search_term_string}"},"query-input":{"@type":"PropertyValueSpecification","valueRequired":true,"valueName":"search_term_string"}}],"inLanguage":"de"},{"@type":"Person","@id":"https:\/\/mering.info\/#\/schema\/person\/a48208980186ac6f160775120d4bed8c","name":"Jan Sandvoss","url":"https:\/\/mering.info\/?author=8"}]}},"jetpack_publicize_connections":[],"jetpack_featured_media_url":"https:\/\/mering.info\/wp-content\/uploads\/2020\/07\/Steuerungsgruppe-Fair-Trade-Town-Mering_verkleinert.jpg","jetpack_sharing_enabled":true,"_links":{"self":[{"href":"https:\/\/mering.info\/index.php?rest_route=\/wp\/v2\/posts\/3180","targetHints":{"allow":["GET"]}}],"collection":[{"href":"https:\/\/mering.info\/index.php?rest_route=\/wp\/v2\/posts"}],"about":[{"href":"https:\/\/mering.info\/index.php?rest_route=\/wp\/v2\/types\/post"}],"author":[{"embeddable":true,"href":"https:\/\/mering.info\/index.php?rest_route=\/wp\/v2\/users\/8"}],"replies":[{"embeddable":true,"href":"https:\/\/mering.info\/index.php?rest_route=%2Fwp%2Fv2%2Fcomments&post=3180"}],"version-history":[{"count":2,"href":"https:\/\/mering.info\/index.php?rest_route=\/wp\/v2\/posts\/3180\/revisions"}],"predecessor-version":[{"id":3182,"href":"https:\/\/mering.info\/index.php?rest_route=\/wp\/v2\/posts\/3180\/revisions\/3182"}],"wp:featuredmedia":[{"embeddable":true,"href":"https:\/\/mering.info\/index.php?rest_route=\/wp\/v2\/media\/3169"}],"wp:attachment":[{"href":"https:\/\/mering.info\/index.php?rest_route=%2Fwp%2Fv2%2Fmedia&parent=3180"}],"wp:term":[{"taxonomy":"category","embeddable":true,"href":"https:\/\/mering.info\/index.php?rest_route=%2Fwp%2Fv2%2Fcategories&post=3180"},{"taxonomy":"post_tag","embeddable":true,"href":"https:\/\/mering.info\/index.php?rest_route=%2Fwp%2Fv2%2Ftags&post=3180"}],"curies":[{"name":"wp","href":"https:\/\/api.w.org\/{rel}","templated":true}]}}