{"id":3244,"date":"2020-10-08T21:38:09","date_gmt":"2020-10-08T19:38:09","guid":{"rendered":"http:\/\/mering.info\/?p=3244"},"modified":"2023-05-28T12:28:56","modified_gmt":"2023-05-28T10:28:56","slug":"lob-fuer-aktive-aus-unserem-buendnis-nachhaltiges-mering-breites-angebot-ergibt-interessante-gespraeche-am-infostand","status":"publish","type":"post","link":"https:\/\/mering.info\/?p=3244","title":{"rendered":"Unsere Aktiven beim Forum Z auf Schloss Blumenthal"},"content":{"rendered":"<figure id=\"attachment_3243\" aria-describedby=\"caption-attachment-3243\" style=\"width: 1024px\" class=\"wp-caption aligncenter\"><img fetchpriority=\"high\" decoding=\"async\" class=\"wp-image-3243 size-full\" src=\"https:\/\/mering.info\/wp-content\/uploads\/2020\/10\/k-Meringnachhaltig.jpg\" alt=\"\" width=\"1024\" height=\"768\" srcset=\"https:\/\/mering.info\/wp-content\/uploads\/2020\/10\/k-Meringnachhaltig.jpg 1024w, https:\/\/mering.info\/wp-content\/uploads\/2020\/10\/k-Meringnachhaltig-300x225.jpg 300w, https:\/\/mering.info\/wp-content\/uploads\/2020\/10\/k-Meringnachhaltig-768x576.jpg 768w\" sizes=\"(max-width: 1024px) 100vw, 1024px\" \/><figcaption id=\"caption-attachment-3243\" class=\"wp-caption-text\">(v.l.n.r.) Barbara H\u00e4berle, Petra von Thienen, Michael Dudella, Doris Gerlach und J\u00f6rg H\u00e4berle waren f\u00fcr das B\u00fcndnis f\u00fcr Nachhaltigkeit auf Schloss Blumenthal vertreten. Bild \u00a9 Brigitte Glas<\/figcaption><\/figure>\n<p>Auf Schloss Blumenthal waren Aktive des \u201eB\u00fcndnis f\u00fcr Nachhaltigkeit Mering\u201c mit einem Infostand vertreten. Dort fand unter dem Thema \u201eDialog unter B\u00e4umen\u201c das Forum Z und der \u201eTag der offenen T\u00fcre\u201c von Schloss Blumenthal statt.<\/p>\n<p>\u201eEs waren immer wieder interessierte Personen am Stand, die schon von unserer Arbeit in Mering und der Region geh\u00f6rt haben\u201c, so J\u00f6rg H\u00e4berle erfreut. Besonders mit dem ZukunftsMarkt, unserem gro\u00dfen Nachhaltigkeitsfest, hat das B\u00fcndnis einen gro\u00dfen Bekanntheitsgrad erreicht. Die Besucher an diesem Tag kamen nicht nur aus dem Landkreis Aichach-Friedberg, sondern beispielsweise auch aus Donauw\u00f6rth oder Augsburg.<!--more--><\/p>\n<p>Michael Dudella findet es auch immer wieder sch\u00f6n, dass Leute aus anderen Orte \u00fcber unser \u201eB\u00fcndnis\u201c mehr erfahren m\u00f6chten, und uns vom Team als Referenten in ihre Stadt einladen. Petra von Thienen konnte mit den Besuchern interessante Gespr\u00e4che \u00fcber das Thema Fairtrade f\u00fchren. Hier hatte das B\u00fcndnis den Anschub gegeben, dass Mering sich um das Label Fairtrade-Town bewerben wird. Als Kreisr\u00e4tin ist es ihr pers\u00f6nliches Ziel, Aichach-Friedberg zum Fairtrade-Landkreis zu machen. Doris Gerlach, die ebenfalls seit der Gr\u00fcndung des \u201eB\u00fcndnis f\u00fcr Nachhaltigkeit\u201c in Mering dabei ist, findet die Zusammenarbeit zwischen den verschiedenen Vertretern im B\u00fcndnis beispielsweise der Gr\u00fcnen, des BUND Naturschutz und der Kirche sehr wertvoll. Auch Barbara H\u00e4berle aus Mering unterst\u00fctze den Infostand und war \u00fcber die Resonanz erfreut. Gemeinsam hat man so schon einiges in puncto Nachhaltigkeit in Mering erreicht.<\/p>\n","protected":false},"excerpt":{"rendered":"<p>Auf Schloss Blumenthal waren Aktive des \u201eB\u00fcndnis f\u00fcr Nachhaltigkeit Mering\u201c mit einem Infostand vertreten. Dort fand unter dem Thema \u201eDialog unter B\u00e4umen\u201c das Forum Z und der \u201eTag der offenen &hellip; <a href=\"https:\/\/mering.info\/?p=3244\" class=\"more-link\"><span class=\"screen-reader-text\">Unsere Aktiven beim Forum Z auf Schloss Blumenthal<\/span> weiterlesen <span class=\"meta-nav\">&rarr;<\/span><\/a><\/p>\n","protected":false},"author":8,"featured_media":0,"comment_status":"open","ping_status":"open","sticky":false,"template":"","format":"standard","meta":{"jetpack_post_was_ever_published":false,"_jetpack_newsletter_access":"","_jetpack_dont_email_post_to_subs":false,"_jetpack_newsletter_tier_id":0,"_jetpack_memberships_contains_paywalled_content":false,"_jetpack_memberships_contains_paid_content":false,"footnotes":"","jetpack_publicize_message":"","jetpack_publicize_feature_enabled":true,"jetpack_social_post_already_shared":true,"jetpack_social_options":{"image_generator_settings":{"template":"highway","default_image_id":0,"font":"","enabled":false},"version":2}},"categories":[71],"tags":[7],"class_list":["post-3244","post","type-post","status-publish","format-standard","hentry","category-aktionen","tag-veranstaltung"],"yoast_head":"<!-- This site is optimized with the Yoast SEO plugin v27.5 - https:\/\/yoast.com\/product\/yoast-seo-wordpress\/ -->\n<title>Unsere Aktiven beim Forum Z auf Schloss Blumenthal - Nachhaltiges Mering<\/title>\n<meta name=\"robots\" content=\"index, follow, max-snippet:-1, max-image-preview:large, max-video-preview:-1\" \/>\n<link rel=\"canonical\" href=\"https:\/\/mering.info\/?p=3244\" \/>\n<meta property=\"og:locale\" content=\"de_DE\" \/>\n<meta property=\"og:type\" content=\"article\" \/>\n<meta property=\"og:title\" content=\"Unsere Aktiven beim Forum Z auf Schloss Blumenthal - Nachhaltiges Mering\" \/>\n<meta property=\"og:description\" content=\"Auf Schloss Blumenthal waren Aktive des \u201eB\u00fcndnis f\u00fcr Nachhaltigkeit Mering\u201c mit einem Infostand vertreten. Dort fand unter dem Thema \u201eDialog unter B\u00e4umen\u201c das Forum Z und der \u201eTag der offenen &hellip; Unsere Aktiven beim Forum Z auf Schloss Blumenthal weiterlesen &rarr;\" \/>\n<meta property=\"og:url\" content=\"https:\/\/mering.info\/?p=3244\" \/>\n<meta property=\"og:site_name\" content=\"Nachhaltiges Mering\" \/>\n<meta property=\"article:published_time\" content=\"2020-10-08T19:38:09+00:00\" \/>\n<meta property=\"article:modified_time\" content=\"2023-05-28T10:28:56+00:00\" \/>\n<meta property=\"og:image\" content=\"http:\/\/mering.info\/wp-content\/uploads\/2020\/10\/k-Meringnachhaltig.jpg\" \/>\n<meta name=\"author\" content=\"Jan Sandvoss\" \/>\n<meta name=\"twitter:card\" content=\"summary_large_image\" \/>\n<meta name=\"twitter:label1\" content=\"Verfasst von\" \/>\n\t<meta name=\"twitter:data1\" content=\"Jan Sandvoss\" \/>\n\t<meta name=\"twitter:label2\" content=\"Gesch\u00e4tzte Lesezeit\" \/>\n\t<meta name=\"twitter:data2\" content=\"2\u00a0Minuten\" \/>\n<script type=\"application\/ld+json\" class=\"yoast-schema-graph\">{\"@context\":\"https:\\\/\\\/schema.org\",\"@graph\":[{\"@type\":\"Article\",\"@id\":\"https:\\\/\\\/mering.info\\\/?p=3244#article\",\"isPartOf\":{\"@id\":\"https:\\\/\\\/mering.info\\\/?p=3244\"},\"author\":{\"name\":\"Jan Sandvoss\",\"@id\":\"https:\\\/\\\/mering.info\\\/#\\\/schema\\\/person\\\/a48208980186ac6f160775120d4bed8c\"},\"headline\":\"Unsere Aktiven beim Forum Z auf Schloss Blumenthal\",\"datePublished\":\"2020-10-08T19:38:09+00:00\",\"dateModified\":\"2023-05-28T10:28:56+00:00\",\"mainEntityOfPage\":{\"@id\":\"https:\\\/\\\/mering.info\\\/?p=3244\"},\"wordCount\":300,\"commentCount\":0,\"image\":{\"@id\":\"https:\\\/\\\/mering.info\\\/?p=3244#primaryimage\"},\"thumbnailUrl\":\"http:\\\/\\\/mering.info\\\/wp-content\\\/uploads\\\/2020\\\/10\\\/k-Meringnachhaltig.jpg\",\"keywords\":[\"Veranstaltung\"],\"articleSection\":[\"Aktionen\"],\"inLanguage\":\"de\",\"potentialAction\":[{\"@type\":\"CommentAction\",\"name\":\"Comment\",\"target\":[\"https:\\\/\\\/mering.info\\\/?p=3244#respond\"]}]},{\"@type\":\"WebPage\",\"@id\":\"https:\\\/\\\/mering.info\\\/?p=3244\",\"url\":\"https:\\\/\\\/mering.info\\\/?p=3244\",\"name\":\"Unsere Aktiven beim Forum Z auf Schloss Blumenthal - Nachhaltiges Mering\",\"isPartOf\":{\"@id\":\"https:\\\/\\\/mering.info\\\/#website\"},\"primaryImageOfPage\":{\"@id\":\"https:\\\/\\\/mering.info\\\/?p=3244#primaryimage\"},\"image\":{\"@id\":\"https:\\\/\\\/mering.info\\\/?p=3244#primaryimage\"},\"thumbnailUrl\":\"http:\\\/\\\/mering.info\\\/wp-content\\\/uploads\\\/2020\\\/10\\\/k-Meringnachhaltig.jpg\",\"datePublished\":\"2020-10-08T19:38:09+00:00\",\"dateModified\":\"2023-05-28T10:28:56+00:00\",\"author\":{\"@id\":\"https:\\\/\\\/mering.info\\\/#\\\/schema\\\/person\\\/a48208980186ac6f160775120d4bed8c\"},\"breadcrumb\":{\"@id\":\"https:\\\/\\\/mering.info\\\/?p=3244#breadcrumb\"},\"inLanguage\":\"de\",\"potentialAction\":[{\"@type\":\"ReadAction\",\"target\":[\"https:\\\/\\\/mering.info\\\/?p=3244\"]}]},{\"@type\":\"ImageObject\",\"inLanguage\":\"de\",\"@id\":\"https:\\\/\\\/mering.info\\\/?p=3244#primaryimage\",\"url\":\"http:\\\/\\\/mering.info\\\/wp-content\\\/uploads\\\/2020\\\/10\\\/k-Meringnachhaltig.jpg\",\"contentUrl\":\"http:\\\/\\\/mering.info\\\/wp-content\\\/uploads\\\/2020\\\/10\\\/k-Meringnachhaltig.jpg\"},{\"@type\":\"BreadcrumbList\",\"@id\":\"https:\\\/\\\/mering.info\\\/?p=3244#breadcrumb\",\"itemListElement\":[{\"@type\":\"ListItem\",\"position\":1,\"name\":\"Startseite\",\"item\":\"https:\\\/\\\/mering.info\\\/\"},{\"@type\":\"ListItem\",\"position\":2,\"name\":\"Unsere Aktiven beim Forum Z auf Schloss Blumenthal\"}]},{\"@type\":\"WebSite\",\"@id\":\"https:\\\/\\\/mering.info\\\/#website\",\"url\":\"https:\\\/\\\/mering.info\\\/\",\"name\":\"Nachhaltiges Mering\",\"description\":\"Zukunftsf\u00e4higes Mering\",\"potentialAction\":[{\"@type\":\"SearchAction\",\"target\":{\"@type\":\"EntryPoint\",\"urlTemplate\":\"https:\\\/\\\/mering.info\\\/?s={search_term_string}\"},\"query-input\":{\"@type\":\"PropertyValueSpecification\",\"valueRequired\":true,\"valueName\":\"search_term_string\"}}],\"inLanguage\":\"de\"},{\"@type\":\"Person\",\"@id\":\"https:\\\/\\\/mering.info\\\/#\\\/schema\\\/person\\\/a48208980186ac6f160775120d4bed8c\",\"name\":\"Jan Sandvoss\",\"url\":\"https:\\\/\\\/mering.info\\\/?author=8\"}]}<\/script>\n<!-- \/ Yoast SEO plugin. -->","yoast_head_json":{"title":"Unsere Aktiven beim Forum Z auf Schloss Blumenthal - Nachhaltiges Mering","robots":{"index":"index","follow":"follow","max-snippet":"max-snippet:-1","max-image-preview":"max-image-preview:large","max-video-preview":"max-video-preview:-1"},"canonical":"https:\/\/mering.info\/?p=3244","og_locale":"de_DE","og_type":"article","og_title":"Unsere Aktiven beim Forum Z auf Schloss Blumenthal - Nachhaltiges Mering","og_description":"Auf Schloss Blumenthal waren Aktive des \u201eB\u00fcndnis f\u00fcr Nachhaltigkeit Mering\u201c mit einem Infostand vertreten. Dort fand unter dem Thema \u201eDialog unter B\u00e4umen\u201c das Forum Z und der \u201eTag der offenen &hellip; Unsere Aktiven beim Forum Z auf Schloss Blumenthal weiterlesen &rarr;","og_url":"https:\/\/mering.info\/?p=3244","og_site_name":"Nachhaltiges Mering","article_published_time":"2020-10-08T19:38:09+00:00","article_modified_time":"2023-05-28T10:28:56+00:00","og_image":[{"url":"http:\/\/mering.info\/wp-content\/uploads\/2020\/10\/k-Meringnachhaltig.jpg","type":"","width":"","height":""}],"author":"Jan Sandvoss","twitter_card":"summary_large_image","twitter_misc":{"Verfasst von":"Jan Sandvoss","Gesch\u00e4tzte Lesezeit":"2\u00a0Minuten"},"schema":{"@context":"https:\/\/schema.org","@graph":[{"@type":"Article","@id":"https:\/\/mering.info\/?p=3244#article","isPartOf":{"@id":"https:\/\/mering.info\/?p=3244"},"author":{"name":"Jan Sandvoss","@id":"https:\/\/mering.info\/#\/schema\/person\/a48208980186ac6f160775120d4bed8c"},"headline":"Unsere Aktiven beim Forum Z auf Schloss Blumenthal","datePublished":"2020-10-08T19:38:09+00:00","dateModified":"2023-05-28T10:28:56+00:00","mainEntityOfPage":{"@id":"https:\/\/mering.info\/?p=3244"},"wordCount":300,"commentCount":0,"image":{"@id":"https:\/\/mering.info\/?p=3244#primaryimage"},"thumbnailUrl":"http:\/\/mering.info\/wp-content\/uploads\/2020\/10\/k-Meringnachhaltig.jpg","keywords":["Veranstaltung"],"articleSection":["Aktionen"],"inLanguage":"de","potentialAction":[{"@type":"CommentAction","name":"Comment","target":["https:\/\/mering.info\/?p=3244#respond"]}]},{"@type":"WebPage","@id":"https:\/\/mering.info\/?p=3244","url":"https:\/\/mering.info\/?p=3244","name":"Unsere Aktiven beim Forum Z auf Schloss Blumenthal - Nachhaltiges Mering","isPartOf":{"@id":"https:\/\/mering.info\/#website"},"primaryImageOfPage":{"@id":"https:\/\/mering.info\/?p=3244#primaryimage"},"image":{"@id":"https:\/\/mering.info\/?p=3244#primaryimage"},"thumbnailUrl":"http:\/\/mering.info\/wp-content\/uploads\/2020\/10\/k-Meringnachhaltig.jpg","datePublished":"2020-10-08T19:38:09+00:00","dateModified":"2023-05-28T10:28:56+00:00","author":{"@id":"https:\/\/mering.info\/#\/schema\/person\/a48208980186ac6f160775120d4bed8c"},"breadcrumb":{"@id":"https:\/\/mering.info\/?p=3244#breadcrumb"},"inLanguage":"de","potentialAction":[{"@type":"ReadAction","target":["https:\/\/mering.info\/?p=3244"]}]},{"@type":"ImageObject","inLanguage":"de","@id":"https:\/\/mering.info\/?p=3244#primaryimage","url":"http:\/\/mering.info\/wp-content\/uploads\/2020\/10\/k-Meringnachhaltig.jpg","contentUrl":"http:\/\/mering.info\/wp-content\/uploads\/2020\/10\/k-Meringnachhaltig.jpg"},{"@type":"BreadcrumbList","@id":"https:\/\/mering.info\/?p=3244#breadcrumb","itemListElement":[{"@type":"ListItem","position":1,"name":"Startseite","item":"https:\/\/mering.info\/"},{"@type":"ListItem","position":2,"name":"Unsere Aktiven beim Forum Z auf Schloss Blumenthal"}]},{"@type":"WebSite","@id":"https:\/\/mering.info\/#website","url":"https:\/\/mering.info\/","name":"Nachhaltiges Mering","description":"Zukunftsf\u00e4higes Mering","potentialAction":[{"@type":"SearchAction","target":{"@type":"EntryPoint","urlTemplate":"https:\/\/mering.info\/?s={search_term_string}"},"query-input":{"@type":"PropertyValueSpecification","valueRequired":true,"valueName":"search_term_string"}}],"inLanguage":"de"},{"@type":"Person","@id":"https:\/\/mering.info\/#\/schema\/person\/a48208980186ac6f160775120d4bed8c","name":"Jan Sandvoss","url":"https:\/\/mering.info\/?author=8"}]}},"jetpack_publicize_connections":[],"jetpack_featured_media_url":"","jetpack_sharing_enabled":true,"_links":{"self":[{"href":"https:\/\/mering.info\/index.php?rest_route=\/wp\/v2\/posts\/3244","targetHints":{"allow":["GET"]}}],"collection":[{"href":"https:\/\/mering.info\/index.php?rest_route=\/wp\/v2\/posts"}],"about":[{"href":"https:\/\/mering.info\/index.php?rest_route=\/wp\/v2\/types\/post"}],"author":[{"embeddable":true,"href":"https:\/\/mering.info\/index.php?rest_route=\/wp\/v2\/users\/8"}],"replies":[{"embeddable":true,"href":"https:\/\/mering.info\/index.php?rest_route=%2Fwp%2Fv2%2Fcomments&post=3244"}],"version-history":[{"count":8,"href":"https:\/\/mering.info\/index.php?rest_route=\/wp\/v2\/posts\/3244\/revisions"}],"predecessor-version":[{"id":3252,"href":"https:\/\/mering.info\/index.php?rest_route=\/wp\/v2\/posts\/3244\/revisions\/3252"}],"wp:attachment":[{"href":"https:\/\/mering.info\/index.php?rest_route=%2Fwp%2Fv2%2Fmedia&parent=3244"}],"wp:term":[{"taxonomy":"category","embeddable":true,"href":"https:\/\/mering.info\/index.php?rest_route=%2Fwp%2Fv2%2Fcategories&post=3244"},{"taxonomy":"post_tag","embeddable":true,"href":"https:\/\/mering.info\/index.php?rest_route=%2Fwp%2Fv2%2Ftags&post=3244"}],"curies":[{"name":"wp","href":"https:\/\/api.w.org\/{rel}","templated":true}]}}