{"id":3298,"date":"2020-12-07T22:26:51","date_gmt":"2020-12-07T21:26:51","guid":{"rendered":"http:\/\/mering.info\/?p=3298"},"modified":"2021-03-17T22:22:22","modified_gmt":"2021-03-17T21:22:22","slug":"mering-wird-fairtrade-gemeinde-gemeinsam-fuer-eine-gerechtere-welt","status":"publish","type":"post","link":"https:\/\/mering.info\/?p=3298","title":{"rendered":"Mering wird Fairtrade-Gemeinde \u2013 Gemeinsam f\u00fcr eine gerechtere Welt"},"content":{"rendered":"<p><img fetchpriority=\"high\" decoding=\"async\" class=\"alignnone wp-image-3288 size-full\" src=\"https:\/\/mering.info\/wp-content\/uploads\/2020\/12\/Mering-fairtrade_verkleinert.jpg\" alt=\"\" width=\"933\" height=\"700\" srcset=\"https:\/\/mering.info\/wp-content\/uploads\/2020\/12\/Mering-fairtrade_verkleinert.jpg 933w, https:\/\/mering.info\/wp-content\/uploads\/2020\/12\/Mering-fairtrade_verkleinert-300x225.jpg 300w, https:\/\/mering.info\/wp-content\/uploads\/2020\/12\/Mering-fairtrade_verkleinert-768x576.jpg 768w\" sizes=\"(max-width: 933px) 100vw, 933px\" \/><\/p>\n<p>Das B\u00fcndnis f\u00fcr Nachhaltigkeit Mering freut sich sehr, dass Mering nun in diesem Jahr den Entschluss gefasst hat, Fairtrade-Gemeinde zu werden und am 17.September 2020 den dazu n\u00f6tigen Gemeinderatsbeschluss gefasst hat. Eine Steuerungsgruppe, ebenfalls eine der Voraussetzungen f\u00fcr die Bewerbung, existiert bereits. Sie koordiniert in Zusammenarbeit mit der Gemeinde alle Aktivit\u00e4ten. Die offizielle Bewerbung f\u00fcr die Zertifizierung zur Fairtrade-Gemeinde soll m\u00f6glichst bald erfolgen.<\/p>\n<figure id=\"attachment_3287\" aria-describedby=\"caption-attachment-3287\" style=\"width: 1024px\" class=\"wp-caption alignnone\"><img decoding=\"async\" class=\"size-full wp-image-3287\" src=\"https:\/\/mering.info\/wp-content\/uploads\/2020\/12\/Fairtrade-Bild-Mering-Steuerungsgruppe-2-Dezember-2020_verkleinert.jpg\" alt=\"\" width=\"1024\" height=\"683\" srcset=\"https:\/\/mering.info\/wp-content\/uploads\/2020\/12\/Fairtrade-Bild-Mering-Steuerungsgruppe-2-Dezember-2020_verkleinert.jpg 1024w, https:\/\/mering.info\/wp-content\/uploads\/2020\/12\/Fairtrade-Bild-Mering-Steuerungsgruppe-2-Dezember-2020_verkleinert-300x200.jpg 300w, https:\/\/mering.info\/wp-content\/uploads\/2020\/12\/Fairtrade-Bild-Mering-Steuerungsgruppe-2-Dezember-2020_verkleinert-768x512.jpg 768w\" sizes=\"(max-width: 1024px) 100vw, 1024px\" \/><figcaption id=\"caption-attachment-3287\" class=\"wp-caption-text\">Steuergruppe Fairtrade-Gemeinde Mering<\/figcaption><\/figure>\n<p>F\u00fcr die Auszeichnung als Fairtrade-Gemeinde m\u00fcssen nachweislich f\u00fcnf Kriterien erf\u00fcllt werden, die das Engagement f\u00fcr den fairen Handel auf verschiedenen Ebenen einer Kommune zeigen. Ein Kriterium ist die Beteiligung der Zivilgesellschaft. Verschiedene Akteure, darunter Schulen, Vereine und Kirchen, sollen mit eingebunden werden.<\/p>\n<p>Die Meringer Gemeindeverwaltung, einige Unternehmen, Einzelhandels- und Gastronomiebetriebe, Vereine sowie die Kirchengemeinden haben bereits ihre Bereitschaft signalisiert, das Projekt mit Leben zu f\u00fcllen, faire Produkte und Aktionen rund um den fairen Handel anzubieten und sich gemeinsam f\u00fcr nachhaltige Ziele einzusetzen. Der Phantasie sind hier keine Grenzen gesetzt. Beispielsweise kann ein Verein auf fair gehandelte Produkte, z.B. Kaffee\/Tee, umsteigen und diese bei Veranstaltungen oder Sitzungen anbieten. Auch fair gehandelte Blumen f\u00fcr Jubil\u00e4en und Geburtstage sind eine M\u00f6glichkeit. Es k\u00f6nnen Bildungsangebote oder Infoveranstaltungen zum Thema fairer Handel organisiert werden. Auch Vereins-Bekleidung aus Fairtrade-Baumwolle ist vorstellbar.<\/p>\n<p>Machen auch Sie mit! Gemeinsam k\u00f6nnen wir viel erreichen. Die Informationen zur Kampagne Fair Trade Towns finden Sie im Internet unter <a href=\"https:\/\/www.fairtrade-towns.de\" target=\"_blank\" rel=\"noopener noreferrer\">https:\/\/www.fairtrade-towns.de<\/a>. Wenn Sie als Verein, Organisation oder auch Einzelperson f\u00fcr Mering aktiv dabei sein wollen oder sich vorab informieren m\u00f6chten, melden sich bitte bei den Sprecher*innen der Steuerungsgruppe, Britta Freitag und Michael Dudella, E-Mail: <a href=\"mailto:fairtrademering@gmail.com\" target=\"_blank\" rel=\"noopener noreferrer\">fairtrademering@gmail.com<\/a>.<\/p>\n","protected":false},"excerpt":{"rendered":"<p>Das B\u00fcndnis f\u00fcr Nachhaltigkeit Mering freut sich sehr, dass Mering nun in diesem Jahr den Entschluss gefasst hat, Fairtrade-Gemeinde zu werden und am 17.September 2020 den dazu n\u00f6tigen Gemeinderatsbeschluss gefasst &hellip; <a href=\"https:\/\/mering.info\/?p=3298\" class=\"more-link\"><span class=\"screen-reader-text\">Mering wird Fairtrade-Gemeinde \u2013 Gemeinsam f\u00fcr eine gerechtere Welt<\/span> weiterlesen <span class=\"meta-nav\">&rarr;<\/span><\/a><\/p>\n","protected":false},"author":8,"featured_media":0,"comment_status":"open","ping_status":"open","sticky":false,"template":"","format":"standard","meta":{"jetpack_post_was_ever_published":false,"_jetpack_newsletter_access":"","_jetpack_dont_email_post_to_subs":false,"_jetpack_newsletter_tier_id":0,"_jetpack_memberships_contains_paywalled_content":false,"_jetpack_memberships_contains_paid_content":false,"footnotes":"","jetpack_publicize_message":"","jetpack_publicize_feature_enabled":true,"jetpack_social_post_already_shared":true,"jetpack_social_options":{"image_generator_settings":{"template":"highway","default_image_id":0,"font":"","enabled":false},"version":2}},"categories":[166],"tags":[167],"class_list":["post-3298","post","type-post","status-publish","format-standard","hentry","category-fairtrade-gemeinde","tag-fairtrade"],"yoast_head":"<!-- This site is optimized with the Yoast SEO plugin v27.4 - https:\/\/yoast.com\/product\/yoast-seo-wordpress\/ -->\n<title>Mering wird Fairtrade-Gemeinde \u2013 Gemeinsam f\u00fcr eine gerechtere Welt - Nachhaltiges Mering<\/title>\n<meta name=\"robots\" content=\"index, follow, max-snippet:-1, max-image-preview:large, max-video-preview:-1\" \/>\n<link rel=\"canonical\" href=\"https:\/\/mering.info\/?p=3298\" \/>\n<meta property=\"og:locale\" content=\"de_DE\" \/>\n<meta property=\"og:type\" content=\"article\" \/>\n<meta property=\"og:title\" content=\"Mering wird Fairtrade-Gemeinde \u2013 Gemeinsam f\u00fcr eine gerechtere Welt - Nachhaltiges Mering\" \/>\n<meta property=\"og:description\" content=\"Das B\u00fcndnis f\u00fcr Nachhaltigkeit Mering freut sich sehr, dass Mering nun in diesem Jahr den Entschluss gefasst hat, Fairtrade-Gemeinde zu werden und am 17.September 2020 den dazu n\u00f6tigen Gemeinderatsbeschluss gefasst &hellip; Mering wird Fairtrade-Gemeinde \u2013 Gemeinsam f\u00fcr eine gerechtere Welt weiterlesen &rarr;\" \/>\n<meta property=\"og:url\" content=\"https:\/\/mering.info\/?p=3298\" \/>\n<meta property=\"og:site_name\" content=\"Nachhaltiges Mering\" \/>\n<meta property=\"article:published_time\" content=\"2020-12-07T21:26:51+00:00\" \/>\n<meta property=\"article:modified_time\" content=\"2021-03-17T21:22:22+00:00\" \/>\n<meta property=\"og:image\" content=\"http:\/\/mering.info\/wp-content\/uploads\/2020\/12\/Mering-fairtrade_verkleinert.jpg\" \/>\n<meta name=\"author\" content=\"Jan Sandvoss\" \/>\n<meta name=\"twitter:card\" content=\"summary_large_image\" \/>\n<meta name=\"twitter:label1\" content=\"Verfasst von\" \/>\n\t<meta name=\"twitter:data1\" content=\"Jan Sandvoss\" \/>\n\t<meta name=\"twitter:label2\" content=\"Gesch\u00e4tzte Lesezeit\" \/>\n\t<meta name=\"twitter:data2\" content=\"1\u00a0Minute\" \/>\n<script type=\"application\/ld+json\" class=\"yoast-schema-graph\">{\"@context\":\"https:\\\/\\\/schema.org\",\"@graph\":[{\"@type\":\"Article\",\"@id\":\"https:\\\/\\\/mering.info\\\/?p=3298#article\",\"isPartOf\":{\"@id\":\"https:\\\/\\\/mering.info\\\/?p=3298\"},\"author\":{\"name\":\"Jan Sandvoss\",\"@id\":\"https:\\\/\\\/mering.info\\\/#\\\/schema\\\/person\\\/a48208980186ac6f160775120d4bed8c\"},\"headline\":\"Mering wird Fairtrade-Gemeinde \u2013 Gemeinsam f\u00fcr eine gerechtere Welt\",\"datePublished\":\"2020-12-07T21:26:51+00:00\",\"dateModified\":\"2021-03-17T21:22:22+00:00\",\"mainEntityOfPage\":{\"@id\":\"https:\\\/\\\/mering.info\\\/?p=3298\"},\"wordCount\":301,\"commentCount\":0,\"image\":{\"@id\":\"https:\\\/\\\/mering.info\\\/?p=3298#primaryimage\"},\"thumbnailUrl\":\"http:\\\/\\\/mering.info\\\/wp-content\\\/uploads\\\/2020\\\/12\\\/Mering-fairtrade_verkleinert.jpg\",\"keywords\":[\"Fairtrade\"],\"articleSection\":[\"Fairtrade-Gemeinde\"],\"inLanguage\":\"de\",\"potentialAction\":[{\"@type\":\"CommentAction\",\"name\":\"Comment\",\"target\":[\"https:\\\/\\\/mering.info\\\/?p=3298#respond\"]}]},{\"@type\":\"WebPage\",\"@id\":\"https:\\\/\\\/mering.info\\\/?p=3298\",\"url\":\"https:\\\/\\\/mering.info\\\/?p=3298\",\"name\":\"Mering wird Fairtrade-Gemeinde \u2013 Gemeinsam f\u00fcr eine gerechtere Welt - Nachhaltiges Mering\",\"isPartOf\":{\"@id\":\"https:\\\/\\\/mering.info\\\/#website\"},\"primaryImageOfPage\":{\"@id\":\"https:\\\/\\\/mering.info\\\/?p=3298#primaryimage\"},\"image\":{\"@id\":\"https:\\\/\\\/mering.info\\\/?p=3298#primaryimage\"},\"thumbnailUrl\":\"http:\\\/\\\/mering.info\\\/wp-content\\\/uploads\\\/2020\\\/12\\\/Mering-fairtrade_verkleinert.jpg\",\"datePublished\":\"2020-12-07T21:26:51+00:00\",\"dateModified\":\"2021-03-17T21:22:22+00:00\",\"author\":{\"@id\":\"https:\\\/\\\/mering.info\\\/#\\\/schema\\\/person\\\/a48208980186ac6f160775120d4bed8c\"},\"breadcrumb\":{\"@id\":\"https:\\\/\\\/mering.info\\\/?p=3298#breadcrumb\"},\"inLanguage\":\"de\",\"potentialAction\":[{\"@type\":\"ReadAction\",\"target\":[\"https:\\\/\\\/mering.info\\\/?p=3298\"]}]},{\"@type\":\"ImageObject\",\"inLanguage\":\"de\",\"@id\":\"https:\\\/\\\/mering.info\\\/?p=3298#primaryimage\",\"url\":\"http:\\\/\\\/mering.info\\\/wp-content\\\/uploads\\\/2020\\\/12\\\/Mering-fairtrade_verkleinert.jpg\",\"contentUrl\":\"http:\\\/\\\/mering.info\\\/wp-content\\\/uploads\\\/2020\\\/12\\\/Mering-fairtrade_verkleinert.jpg\"},{\"@type\":\"BreadcrumbList\",\"@id\":\"https:\\\/\\\/mering.info\\\/?p=3298#breadcrumb\",\"itemListElement\":[{\"@type\":\"ListItem\",\"position\":1,\"name\":\"Startseite\",\"item\":\"https:\\\/\\\/mering.info\\\/\"},{\"@type\":\"ListItem\",\"position\":2,\"name\":\"Mering wird Fairtrade-Gemeinde \u2013 Gemeinsam f\u00fcr eine gerechtere Welt\"}]},{\"@type\":\"WebSite\",\"@id\":\"https:\\\/\\\/mering.info\\\/#website\",\"url\":\"https:\\\/\\\/mering.info\\\/\",\"name\":\"Nachhaltiges Mering\",\"description\":\"Zukunftsf\u00e4higes Mering\",\"potentialAction\":[{\"@type\":\"SearchAction\",\"target\":{\"@type\":\"EntryPoint\",\"urlTemplate\":\"https:\\\/\\\/mering.info\\\/?s={search_term_string}\"},\"query-input\":{\"@type\":\"PropertyValueSpecification\",\"valueRequired\":true,\"valueName\":\"search_term_string\"}}],\"inLanguage\":\"de\"},{\"@type\":\"Person\",\"@id\":\"https:\\\/\\\/mering.info\\\/#\\\/schema\\\/person\\\/a48208980186ac6f160775120d4bed8c\",\"name\":\"Jan Sandvoss\",\"url\":\"https:\\\/\\\/mering.info\\\/?author=8\"}]}<\/script>\n<!-- \/ Yoast SEO plugin. -->","yoast_head_json":{"title":"Mering wird Fairtrade-Gemeinde \u2013 Gemeinsam f\u00fcr eine gerechtere Welt - Nachhaltiges Mering","robots":{"index":"index","follow":"follow","max-snippet":"max-snippet:-1","max-image-preview":"max-image-preview:large","max-video-preview":"max-video-preview:-1"},"canonical":"https:\/\/mering.info\/?p=3298","og_locale":"de_DE","og_type":"article","og_title":"Mering wird Fairtrade-Gemeinde \u2013 Gemeinsam f\u00fcr eine gerechtere Welt - Nachhaltiges Mering","og_description":"Das B\u00fcndnis f\u00fcr Nachhaltigkeit Mering freut sich sehr, dass Mering nun in diesem Jahr den Entschluss gefasst hat, Fairtrade-Gemeinde zu werden und am 17.September 2020 den dazu n\u00f6tigen Gemeinderatsbeschluss gefasst &hellip; Mering wird Fairtrade-Gemeinde \u2013 Gemeinsam f\u00fcr eine gerechtere Welt weiterlesen &rarr;","og_url":"https:\/\/mering.info\/?p=3298","og_site_name":"Nachhaltiges Mering","article_published_time":"2020-12-07T21:26:51+00:00","article_modified_time":"2021-03-17T21:22:22+00:00","og_image":[{"url":"http:\/\/mering.info\/wp-content\/uploads\/2020\/12\/Mering-fairtrade_verkleinert.jpg","type":"","width":"","height":""}],"author":"Jan Sandvoss","twitter_card":"summary_large_image","twitter_misc":{"Verfasst von":"Jan Sandvoss","Gesch\u00e4tzte Lesezeit":"1\u00a0Minute"},"schema":{"@context":"https:\/\/schema.org","@graph":[{"@type":"Article","@id":"https:\/\/mering.info\/?p=3298#article","isPartOf":{"@id":"https:\/\/mering.info\/?p=3298"},"author":{"name":"Jan Sandvoss","@id":"https:\/\/mering.info\/#\/schema\/person\/a48208980186ac6f160775120d4bed8c"},"headline":"Mering wird Fairtrade-Gemeinde \u2013 Gemeinsam f\u00fcr eine gerechtere Welt","datePublished":"2020-12-07T21:26:51+00:00","dateModified":"2021-03-17T21:22:22+00:00","mainEntityOfPage":{"@id":"https:\/\/mering.info\/?p=3298"},"wordCount":301,"commentCount":0,"image":{"@id":"https:\/\/mering.info\/?p=3298#primaryimage"},"thumbnailUrl":"http:\/\/mering.info\/wp-content\/uploads\/2020\/12\/Mering-fairtrade_verkleinert.jpg","keywords":["Fairtrade"],"articleSection":["Fairtrade-Gemeinde"],"inLanguage":"de","potentialAction":[{"@type":"CommentAction","name":"Comment","target":["https:\/\/mering.info\/?p=3298#respond"]}]},{"@type":"WebPage","@id":"https:\/\/mering.info\/?p=3298","url":"https:\/\/mering.info\/?p=3298","name":"Mering wird Fairtrade-Gemeinde \u2013 Gemeinsam f\u00fcr eine gerechtere Welt - Nachhaltiges Mering","isPartOf":{"@id":"https:\/\/mering.info\/#website"},"primaryImageOfPage":{"@id":"https:\/\/mering.info\/?p=3298#primaryimage"},"image":{"@id":"https:\/\/mering.info\/?p=3298#primaryimage"},"thumbnailUrl":"http:\/\/mering.info\/wp-content\/uploads\/2020\/12\/Mering-fairtrade_verkleinert.jpg","datePublished":"2020-12-07T21:26:51+00:00","dateModified":"2021-03-17T21:22:22+00:00","author":{"@id":"https:\/\/mering.info\/#\/schema\/person\/a48208980186ac6f160775120d4bed8c"},"breadcrumb":{"@id":"https:\/\/mering.info\/?p=3298#breadcrumb"},"inLanguage":"de","potentialAction":[{"@type":"ReadAction","target":["https:\/\/mering.info\/?p=3298"]}]},{"@type":"ImageObject","inLanguage":"de","@id":"https:\/\/mering.info\/?p=3298#primaryimage","url":"http:\/\/mering.info\/wp-content\/uploads\/2020\/12\/Mering-fairtrade_verkleinert.jpg","contentUrl":"http:\/\/mering.info\/wp-content\/uploads\/2020\/12\/Mering-fairtrade_verkleinert.jpg"},{"@type":"BreadcrumbList","@id":"https:\/\/mering.info\/?p=3298#breadcrumb","itemListElement":[{"@type":"ListItem","position":1,"name":"Startseite","item":"https:\/\/mering.info\/"},{"@type":"ListItem","position":2,"name":"Mering wird Fairtrade-Gemeinde \u2013 Gemeinsam f\u00fcr eine gerechtere Welt"}]},{"@type":"WebSite","@id":"https:\/\/mering.info\/#website","url":"https:\/\/mering.info\/","name":"Nachhaltiges Mering","description":"Zukunftsf\u00e4higes Mering","potentialAction":[{"@type":"SearchAction","target":{"@type":"EntryPoint","urlTemplate":"https:\/\/mering.info\/?s={search_term_string}"},"query-input":{"@type":"PropertyValueSpecification","valueRequired":true,"valueName":"search_term_string"}}],"inLanguage":"de"},{"@type":"Person","@id":"https:\/\/mering.info\/#\/schema\/person\/a48208980186ac6f160775120d4bed8c","name":"Jan Sandvoss","url":"https:\/\/mering.info\/?author=8"}]}},"jetpack_publicize_connections":[],"jetpack_featured_media_url":"","jetpack_sharing_enabled":true,"_links":{"self":[{"href":"https:\/\/mering.info\/index.php?rest_route=\/wp\/v2\/posts\/3298","targetHints":{"allow":["GET"]}}],"collection":[{"href":"https:\/\/mering.info\/index.php?rest_route=\/wp\/v2\/posts"}],"about":[{"href":"https:\/\/mering.info\/index.php?rest_route=\/wp\/v2\/types\/post"}],"author":[{"embeddable":true,"href":"https:\/\/mering.info\/index.php?rest_route=\/wp\/v2\/users\/8"}],"replies":[{"embeddable":true,"href":"https:\/\/mering.info\/index.php?rest_route=%2Fwp%2Fv2%2Fcomments&post=3298"}],"version-history":[{"count":5,"href":"https:\/\/mering.info\/index.php?rest_route=\/wp\/v2\/posts\/3298\/revisions"}],"predecessor-version":[{"id":3303,"href":"https:\/\/mering.info\/index.php?rest_route=\/wp\/v2\/posts\/3298\/revisions\/3303"}],"wp:attachment":[{"href":"https:\/\/mering.info\/index.php?rest_route=%2Fwp%2Fv2%2Fmedia&parent=3298"}],"wp:term":[{"taxonomy":"category","embeddable":true,"href":"https:\/\/mering.info\/index.php?rest_route=%2Fwp%2Fv2%2Fcategories&post=3298"},{"taxonomy":"post_tag","embeddable":true,"href":"https:\/\/mering.info\/index.php?rest_route=%2Fwp%2Fv2%2Ftags&post=3298"}],"curies":[{"name":"wp","href":"https:\/\/api.w.org\/{rel}","templated":true}]}}