{"id":3410,"date":"2021-03-17T18:25:01","date_gmt":"2021-03-17T17:25:01","guid":{"rendered":"https:\/\/mering.info\/?p=3410"},"modified":"2021-03-17T22:01:45","modified_gmt":"2021-03-17T21:01:45","slug":"neuer-unverpacktladen-ich-bins-eroeffnet-in-mering-st-afra","status":"publish","type":"post","link":"https:\/\/mering.info\/?p=3410","title":{"rendered":"Neuer Unverpacktladen &#8222;Ich BIN&#8217;s&#8220; er\u00f6ffnet in Mering-St. Afra"},"content":{"rendered":"<p>Nur wenige Monate nach der Schlie\u00dfung des Unverpacktladens &#8222;Der Erlb\u00e4ck&#8220; k\u00f6nnen die Meringer erneut plastik- und m\u00fcllfrei einkaufen gehen: Vergangenen Samstag weihten Sarah Hertle und Verena Lojewski am selben Standort in Mering-St. Afra (Marienplatz 1) ihren kleinen Unverpacktladen <a href=\"https:\/\/www.ichbins-unverpackt.de\/\" target=\"_blank\" rel=\"noopener\">&#8222;Ich BIN&#8217;s&#8220;<\/a> ein.<\/p>\n<p>Mehrere Aktive des &#8222;B\u00fcndnis Nachhaltiges Mering&#8220; waren vor Ort, \u00fcberreichten eine &#8222;ZukunftsTasche&#8220; als Er\u00f6ffnungsgeschenk und lie\u00dfen es sich auch nicht nehmen, einen ersten Blick in das neue Gesch\u00e4ft zu werfen: Hertle und Lojewski haben wie ihre Vorg\u00e4ngerin Sigrun Schl\u00fcter ein breites Sortiment an unverpackten Lebensmitteln, Kosmetik- und Haushaltsartikeln sowie Backwaren im Angebot.<\/p>\n<p>Der kleine Laden ist von Dienstag bis Samstag zu den gleichen Zeiten wie bisher ge\u00f6ffnet. Das &#8222;B\u00fcndnis Nachhaltiges Mering&#8220; freut sich \u00fcber die erneute \u00d6ffnung des Unverpacktladens und w\u00fcnscht den Inhaberinnen gutes Gelingen!<\/p>\n<p><em>Bild: Christine Hornischer, Friedberger Allgemeine<\/em><br \/>\n<em>v.l.n.r.: Petra von Thienen (B\u00fcndnis Nachhaltiges Mering \/ Umweltbeauftragte Gemeinde Mering), Sarah Hertle und Verena Lojewski (Ich BIN&#8217;s), Sarah Kohlberger, J\u00f6rg H\u00e4berle und Michael Dudella (B\u00fcndnis Nachhaltiges Mering)<\/em><\/p>\n","protected":false},"excerpt":{"rendered":"<p>Nur wenige Monate nach der Schlie\u00dfung des Unverpacktladens &#8222;Der Erlb\u00e4ck&#8220; k\u00f6nnen die Meringer erneut plastik- und m\u00fcllfrei einkaufen gehen: Vergangenen Samstag weihten Sarah Hertle und Verena Lojewski am selben Standort &hellip; <a href=\"https:\/\/mering.info\/?p=3410\" class=\"more-link\"><span class=\"screen-reader-text\">Neuer Unverpacktladen &#8222;Ich BIN&#8217;s&#8220; er\u00f6ffnet in Mering-St. Afra<\/span> weiterlesen <span class=\"meta-nav\">&rarr;<\/span><\/a><\/p>\n","protected":false},"author":12,"featured_media":3414,"comment_status":"open","ping_status":"open","sticky":false,"template":"","format":"standard","meta":{"jetpack_post_was_ever_published":false,"_jetpack_newsletter_access":"","_jetpack_dont_email_post_to_subs":false,"_jetpack_newsletter_tier_id":0,"_jetpack_memberships_contains_paywalled_content":false,"_jetpack_memberships_contains_paid_content":false,"footnotes":"","jetpack_publicize_message":"","jetpack_publicize_feature_enabled":true,"jetpack_social_post_already_shared":true,"jetpack_social_options":{"image_generator_settings":{"template":"highway","default_image_id":0,"font":"","enabled":false},"version":2}},"categories":[65,68,67],"tags":[46,168],"class_list":["post-3410","post","type-post","status-publish","format-standard","has-post-thumbnail","hentry","category-lebensmittel","category-oekologisch","category-regional","tag-lebensmittel","tag-unverpackt"],"yoast_head":"<!-- This site is optimized with the Yoast SEO plugin v27.5 - https:\/\/yoast.com\/product\/yoast-seo-wordpress\/ -->\n<title>Neuer Unverpacktladen &quot;Ich BIN&#039;s&quot; er\u00f6ffnet in Mering-St. Afra - Nachhaltiges Mering<\/title>\n<meta name=\"robots\" content=\"index, follow, max-snippet:-1, max-image-preview:large, max-video-preview:-1\" \/>\n<link rel=\"canonical\" href=\"https:\/\/mering.info\/?p=3410\" \/>\n<meta property=\"og:locale\" content=\"de_DE\" \/>\n<meta property=\"og:type\" content=\"article\" \/>\n<meta property=\"og:title\" content=\"Neuer Unverpacktladen &quot;Ich BIN&#039;s&quot; er\u00f6ffnet in Mering-St. Afra - Nachhaltiges Mering\" \/>\n<meta property=\"og:description\" content=\"Nur wenige Monate nach der Schlie\u00dfung des Unverpacktladens &#8222;Der Erlb\u00e4ck&#8220; k\u00f6nnen die Meringer erneut plastik- und m\u00fcllfrei einkaufen gehen: Vergangenen Samstag weihten Sarah Hertle und Verena Lojewski am selben Standort &hellip; Neuer Unverpacktladen &#8222;Ich BIN&#8217;s&#8220; er\u00f6ffnet in Mering-St. Afra weiterlesen &rarr;\" \/>\n<meta property=\"og:url\" content=\"https:\/\/mering.info\/?p=3410\" \/>\n<meta property=\"og:site_name\" content=\"Nachhaltiges Mering\" \/>\n<meta property=\"article:published_time\" content=\"2021-03-17T17:25:01+00:00\" \/>\n<meta property=\"article:modified_time\" content=\"2021-03-17T21:01:45+00:00\" \/>\n<meta property=\"og:image\" content=\"https:\/\/mering.info\/wp-content\/uploads\/2021\/12\/eroeffnung-ich-bins_retusche-scaled.jpg\" \/>\n\t<meta property=\"og:image:width\" content=\"2560\" \/>\n\t<meta property=\"og:image:height\" content=\"1856\" \/>\n\t<meta property=\"og:image:type\" content=\"image\/jpeg\" \/>\n<meta name=\"author\" content=\"Sarah Kohlberger\" \/>\n<meta name=\"twitter:card\" content=\"summary_large_image\" \/>\n<meta name=\"twitter:label1\" content=\"Verfasst von\" \/>\n\t<meta name=\"twitter:data1\" content=\"Sarah Kohlberger\" \/>\n\t<meta name=\"twitter:label2\" content=\"Gesch\u00e4tzte Lesezeit\" \/>\n\t<meta name=\"twitter:data2\" content=\"1\u00a0Minute\" \/>\n<script type=\"application\/ld+json\" class=\"yoast-schema-graph\">{\"@context\":\"https:\\\/\\\/schema.org\",\"@graph\":[{\"@type\":\"Article\",\"@id\":\"https:\\\/\\\/mering.info\\\/?p=3410#article\",\"isPartOf\":{\"@id\":\"https:\\\/\\\/mering.info\\\/?p=3410\"},\"author\":{\"name\":\"Sarah Kohlberger\",\"@id\":\"https:\\\/\\\/mering.info\\\/#\\\/schema\\\/person\\\/0855fe0b7a950a699d3c281503f9bdf9\"},\"headline\":\"Neuer Unverpacktladen &#8222;Ich BIN&#8217;s&#8220; er\u00f6ffnet in Mering-St. Afra\",\"datePublished\":\"2021-03-17T17:25:01+00:00\",\"dateModified\":\"2021-03-17T21:01:45+00:00\",\"mainEntityOfPage\":{\"@id\":\"https:\\\/\\\/mering.info\\\/?p=3410\"},\"wordCount\":189,\"commentCount\":0,\"image\":{\"@id\":\"https:\\\/\\\/mering.info\\\/?p=3410#primaryimage\"},\"thumbnailUrl\":\"https:\\\/\\\/mering.info\\\/wp-content\\\/uploads\\\/2021\\\/12\\\/eroeffnung-ich-bins_retusche-scaled.jpg\",\"keywords\":[\"Lebensmittel\",\"Unverpackt\"],\"articleSection\":[\"Lebensmittel\",\"\u00f6kologisch\",\"regional\"],\"inLanguage\":\"de\",\"potentialAction\":[{\"@type\":\"CommentAction\",\"name\":\"Comment\",\"target\":[\"https:\\\/\\\/mering.info\\\/?p=3410#respond\"]}]},{\"@type\":\"WebPage\",\"@id\":\"https:\\\/\\\/mering.info\\\/?p=3410\",\"url\":\"https:\\\/\\\/mering.info\\\/?p=3410\",\"name\":\"Neuer Unverpacktladen \\\"Ich BIN's\\\" er\u00f6ffnet in Mering-St. Afra - Nachhaltiges Mering\",\"isPartOf\":{\"@id\":\"https:\\\/\\\/mering.info\\\/#website\"},\"primaryImageOfPage\":{\"@id\":\"https:\\\/\\\/mering.info\\\/?p=3410#primaryimage\"},\"image\":{\"@id\":\"https:\\\/\\\/mering.info\\\/?p=3410#primaryimage\"},\"thumbnailUrl\":\"https:\\\/\\\/mering.info\\\/wp-content\\\/uploads\\\/2021\\\/12\\\/eroeffnung-ich-bins_retusche-scaled.jpg\",\"datePublished\":\"2021-03-17T17:25:01+00:00\",\"dateModified\":\"2021-03-17T21:01:45+00:00\",\"author\":{\"@id\":\"https:\\\/\\\/mering.info\\\/#\\\/schema\\\/person\\\/0855fe0b7a950a699d3c281503f9bdf9\"},\"breadcrumb\":{\"@id\":\"https:\\\/\\\/mering.info\\\/?p=3410#breadcrumb\"},\"inLanguage\":\"de\",\"potentialAction\":[{\"@type\":\"ReadAction\",\"target\":[\"https:\\\/\\\/mering.info\\\/?p=3410\"]}]},{\"@type\":\"ImageObject\",\"inLanguage\":\"de\",\"@id\":\"https:\\\/\\\/mering.info\\\/?p=3410#primaryimage\",\"url\":\"https:\\\/\\\/mering.info\\\/wp-content\\\/uploads\\\/2021\\\/12\\\/eroeffnung-ich-bins_retusche-scaled.jpg\",\"contentUrl\":\"https:\\\/\\\/mering.info\\\/wp-content\\\/uploads\\\/2021\\\/12\\\/eroeffnung-ich-bins_retusche-scaled.jpg\",\"width\":2560,\"height\":1856,\"caption\":\"Bild: Christine Hornischer, Friedberger Allgemeine v.l.n.r.: Petra von Thienen (B\u00fcndnis Nachhaltiges Mering \\\/ Umweltbeauftragte Gemeinde Mering), Sarah Hertle und Verena Lojewski (Ich BIN's), Sarah Kohlberger, J\u00f6rg H\u00e4berle und Michael Dudella (B\u00fcndnis Nachhaltiges Mering)\"},{\"@type\":\"BreadcrumbList\",\"@id\":\"https:\\\/\\\/mering.info\\\/?p=3410#breadcrumb\",\"itemListElement\":[{\"@type\":\"ListItem\",\"position\":1,\"name\":\"Startseite\",\"item\":\"https:\\\/\\\/mering.info\\\/\"},{\"@type\":\"ListItem\",\"position\":2,\"name\":\"Neuer Unverpacktladen &#8222;Ich BIN&#8217;s&#8220; er\u00f6ffnet in Mering-St. Afra\"}]},{\"@type\":\"WebSite\",\"@id\":\"https:\\\/\\\/mering.info\\\/#website\",\"url\":\"https:\\\/\\\/mering.info\\\/\",\"name\":\"Nachhaltiges Mering\",\"description\":\"Zukunftsf\u00e4higes Mering\",\"potentialAction\":[{\"@type\":\"SearchAction\",\"target\":{\"@type\":\"EntryPoint\",\"urlTemplate\":\"https:\\\/\\\/mering.info\\\/?s={search_term_string}\"},\"query-input\":{\"@type\":\"PropertyValueSpecification\",\"valueRequired\":true,\"valueName\":\"search_term_string\"}}],\"inLanguage\":\"de\"},{\"@type\":\"Person\",\"@id\":\"https:\\\/\\\/mering.info\\\/#\\\/schema\\\/person\\\/0855fe0b7a950a699d3c281503f9bdf9\",\"name\":\"Sarah Kohlberger\",\"url\":\"https:\\\/\\\/mering.info\\\/?author=12\"}]}<\/script>\n<!-- \/ Yoast SEO plugin. -->","yoast_head_json":{"title":"Neuer Unverpacktladen \"Ich BIN's\" er\u00f6ffnet in Mering-St. Afra - Nachhaltiges Mering","robots":{"index":"index","follow":"follow","max-snippet":"max-snippet:-1","max-image-preview":"max-image-preview:large","max-video-preview":"max-video-preview:-1"},"canonical":"https:\/\/mering.info\/?p=3410","og_locale":"de_DE","og_type":"article","og_title":"Neuer Unverpacktladen \"Ich BIN's\" er\u00f6ffnet in Mering-St. Afra - Nachhaltiges Mering","og_description":"Nur wenige Monate nach der Schlie\u00dfung des Unverpacktladens &#8222;Der Erlb\u00e4ck&#8220; k\u00f6nnen die Meringer erneut plastik- und m\u00fcllfrei einkaufen gehen: Vergangenen Samstag weihten Sarah Hertle und Verena Lojewski am selben Standort &hellip; Neuer Unverpacktladen &#8222;Ich BIN&#8217;s&#8220; er\u00f6ffnet in Mering-St. Afra weiterlesen &rarr;","og_url":"https:\/\/mering.info\/?p=3410","og_site_name":"Nachhaltiges Mering","article_published_time":"2021-03-17T17:25:01+00:00","article_modified_time":"2021-03-17T21:01:45+00:00","og_image":[{"width":2560,"height":1856,"url":"https:\/\/mering.info\/wp-content\/uploads\/2021\/12\/eroeffnung-ich-bins_retusche-scaled.jpg","type":"image\/jpeg"}],"author":"Sarah Kohlberger","twitter_card":"summary_large_image","twitter_misc":{"Verfasst von":"Sarah Kohlberger","Gesch\u00e4tzte Lesezeit":"1\u00a0Minute"},"schema":{"@context":"https:\/\/schema.org","@graph":[{"@type":"Article","@id":"https:\/\/mering.info\/?p=3410#article","isPartOf":{"@id":"https:\/\/mering.info\/?p=3410"},"author":{"name":"Sarah Kohlberger","@id":"https:\/\/mering.info\/#\/schema\/person\/0855fe0b7a950a699d3c281503f9bdf9"},"headline":"Neuer Unverpacktladen &#8222;Ich BIN&#8217;s&#8220; er\u00f6ffnet in Mering-St. Afra","datePublished":"2021-03-17T17:25:01+00:00","dateModified":"2021-03-17T21:01:45+00:00","mainEntityOfPage":{"@id":"https:\/\/mering.info\/?p=3410"},"wordCount":189,"commentCount":0,"image":{"@id":"https:\/\/mering.info\/?p=3410#primaryimage"},"thumbnailUrl":"https:\/\/mering.info\/wp-content\/uploads\/2021\/12\/eroeffnung-ich-bins_retusche-scaled.jpg","keywords":["Lebensmittel","Unverpackt"],"articleSection":["Lebensmittel","\u00f6kologisch","regional"],"inLanguage":"de","potentialAction":[{"@type":"CommentAction","name":"Comment","target":["https:\/\/mering.info\/?p=3410#respond"]}]},{"@type":"WebPage","@id":"https:\/\/mering.info\/?p=3410","url":"https:\/\/mering.info\/?p=3410","name":"Neuer Unverpacktladen \"Ich BIN's\" er\u00f6ffnet in Mering-St. Afra - Nachhaltiges Mering","isPartOf":{"@id":"https:\/\/mering.info\/#website"},"primaryImageOfPage":{"@id":"https:\/\/mering.info\/?p=3410#primaryimage"},"image":{"@id":"https:\/\/mering.info\/?p=3410#primaryimage"},"thumbnailUrl":"https:\/\/mering.info\/wp-content\/uploads\/2021\/12\/eroeffnung-ich-bins_retusche-scaled.jpg","datePublished":"2021-03-17T17:25:01+00:00","dateModified":"2021-03-17T21:01:45+00:00","author":{"@id":"https:\/\/mering.info\/#\/schema\/person\/0855fe0b7a950a699d3c281503f9bdf9"},"breadcrumb":{"@id":"https:\/\/mering.info\/?p=3410#breadcrumb"},"inLanguage":"de","potentialAction":[{"@type":"ReadAction","target":["https:\/\/mering.info\/?p=3410"]}]},{"@type":"ImageObject","inLanguage":"de","@id":"https:\/\/mering.info\/?p=3410#primaryimage","url":"https:\/\/mering.info\/wp-content\/uploads\/2021\/12\/eroeffnung-ich-bins_retusche-scaled.jpg","contentUrl":"https:\/\/mering.info\/wp-content\/uploads\/2021\/12\/eroeffnung-ich-bins_retusche-scaled.jpg","width":2560,"height":1856,"caption":"Bild: Christine Hornischer, Friedberger Allgemeine v.l.n.r.: Petra von Thienen (B\u00fcndnis Nachhaltiges Mering \/ Umweltbeauftragte Gemeinde Mering), Sarah Hertle und Verena Lojewski (Ich BIN's), Sarah Kohlberger, J\u00f6rg H\u00e4berle und Michael Dudella (B\u00fcndnis Nachhaltiges Mering)"},{"@type":"BreadcrumbList","@id":"https:\/\/mering.info\/?p=3410#breadcrumb","itemListElement":[{"@type":"ListItem","position":1,"name":"Startseite","item":"https:\/\/mering.info\/"},{"@type":"ListItem","position":2,"name":"Neuer Unverpacktladen &#8222;Ich BIN&#8217;s&#8220; er\u00f6ffnet in Mering-St. Afra"}]},{"@type":"WebSite","@id":"https:\/\/mering.info\/#website","url":"https:\/\/mering.info\/","name":"Nachhaltiges Mering","description":"Zukunftsf\u00e4higes Mering","potentialAction":[{"@type":"SearchAction","target":{"@type":"EntryPoint","urlTemplate":"https:\/\/mering.info\/?s={search_term_string}"},"query-input":{"@type":"PropertyValueSpecification","valueRequired":true,"valueName":"search_term_string"}}],"inLanguage":"de"},{"@type":"Person","@id":"https:\/\/mering.info\/#\/schema\/person\/0855fe0b7a950a699d3c281503f9bdf9","name":"Sarah Kohlberger","url":"https:\/\/mering.info\/?author=12"}]}},"jetpack_publicize_connections":[],"jetpack_featured_media_url":"https:\/\/mering.info\/wp-content\/uploads\/2021\/12\/eroeffnung-ich-bins_retusche-scaled.jpg","jetpack_sharing_enabled":true,"_links":{"self":[{"href":"https:\/\/mering.info\/index.php?rest_route=\/wp\/v2\/posts\/3410","targetHints":{"allow":["GET"]}}],"collection":[{"href":"https:\/\/mering.info\/index.php?rest_route=\/wp\/v2\/posts"}],"about":[{"href":"https:\/\/mering.info\/index.php?rest_route=\/wp\/v2\/types\/post"}],"author":[{"embeddable":true,"href":"https:\/\/mering.info\/index.php?rest_route=\/wp\/v2\/users\/12"}],"replies":[{"embeddable":true,"href":"https:\/\/mering.info\/index.php?rest_route=%2Fwp%2Fv2%2Fcomments&post=3410"}],"version-history":[{"count":12,"href":"https:\/\/mering.info\/index.php?rest_route=\/wp\/v2\/posts\/3410\/revisions"}],"predecessor-version":[{"id":3425,"href":"https:\/\/mering.info\/index.php?rest_route=\/wp\/v2\/posts\/3410\/revisions\/3425"}],"wp:featuredmedia":[{"embeddable":true,"href":"https:\/\/mering.info\/index.php?rest_route=\/wp\/v2\/media\/3414"}],"wp:attachment":[{"href":"https:\/\/mering.info\/index.php?rest_route=%2Fwp%2Fv2%2Fmedia&parent=3410"}],"wp:term":[{"taxonomy":"category","embeddable":true,"href":"https:\/\/mering.info\/index.php?rest_route=%2Fwp%2Fv2%2Fcategories&post=3410"},{"taxonomy":"post_tag","embeddable":true,"href":"https:\/\/mering.info\/index.php?rest_route=%2Fwp%2Fv2%2Ftags&post=3410"}],"curies":[{"name":"wp","href":"https:\/\/api.w.org\/{rel}","templated":true}]}}