{"id":3469,"date":"2021-04-20T20:14:39","date_gmt":"2021-04-20T18:14:39","guid":{"rendered":"https:\/\/mering.info\/?p=3469"},"modified":"2021-04-20T22:30:02","modified_gmt":"2021-04-20T20:30:02","slug":"buendnis-nachhaltiges-mering-bei-eroeffnung-vom-neuen-ladenkonzept","status":"publish","type":"post","link":"https:\/\/mering.info\/?p=3469","title":{"rendered":"&#8222;B\u00fcndnis Nachhaltiges Mering&#8220; bei Er\u00f6ffnung vom neuen Ladenkonzept"},"content":{"rendered":"<p>Die Bio-B\u00e4ckerei <a href=\"https:\/\/www.cumpanum.de\/\" target=\"_blank\" rel=\"noopener\">Companum<\/a> und die <a href=\"https:\/\/www.herzstueck-horgau.de\/\" target=\"_blank\" rel=\"noopener\">Genossenschaft Herzst\u00fcck<\/a> sind in der ehemaligen &#8222;Seelenzeit&#8220; in Mering eingezogen. Dort werden in einer Art Schaub\u00e4ckerei Sauerteigbrote aus alten Getreidesorten gebacken. Zudem gibt es nat\u00fcrlich verschiedene Semmeln und Backwaren. Als &#8222;Shop-in-Shop&#8220; bietet dazu Herzst\u00fcck regionale Produkte an. Die Palette reicht von Lebensmitteln bis hin zu Kosmetika, die gr\u00f6\u00dftenteils aus der Region bzw. unter fairen Bedingungen produziert sind. Das B\u00fcndnis Nachhaltiges Mering gratuliert zur Neuer\u00f6ffnung im Zentrum von Mering.<\/p>\n<p>Bild: v.l.n.r. Petra von Thienen (B\u00fcndnis Nachhaltiges Mering \/ Umweltbeauftragte Mering), Anja D\u00f6rdelmann (Vorsitzende Genossenschaft Herzst\u00fcck), Andr\u00e9 Heuck (Cumpanum-Chef), Michael Dudella (B\u00fcndnis Nachhaltiges Mering), Hans Schneider (B\u00fcndnis Nachhaltiges Mering), J\u00f6rg H\u00e4berle (B\u00fcndnis Nachhaltiges Mering)<\/p>\n<p>&nbsp;<\/p>\n","protected":false},"excerpt":{"rendered":"<p>Die Bio-B\u00e4ckerei Companum und die Genossenschaft Herzst\u00fcck sind in der ehemaligen &#8222;Seelenzeit&#8220; in Mering eingezogen. Dort werden in einer Art Schaub\u00e4ckerei Sauerteigbrote aus alten Getreidesorten gebacken. Zudem gibt es nat\u00fcrlich &hellip; <a href=\"https:\/\/mering.info\/?p=3469\" class=\"more-link\"><span class=\"screen-reader-text\">&#8222;B\u00fcndnis Nachhaltiges Mering&#8220; bei Er\u00f6ffnung vom neuen Ladenkonzept<\/span> weiterlesen <span class=\"meta-nav\">&rarr;<\/span><\/a><\/p>\n","protected":false},"author":8,"featured_media":3471,"comment_status":"open","ping_status":"open","sticky":false,"template":"","format":"standard","meta":{"jetpack_post_was_ever_published":false,"_jetpack_newsletter_access":"","_jetpack_dont_email_post_to_subs":false,"_jetpack_newsletter_tier_id":0,"_jetpack_memberships_contains_paywalled_content":false,"_jetpack_memberships_contains_paid_content":false,"footnotes":"","jetpack_publicize_message":"","jetpack_publicize_feature_enabled":true,"jetpack_social_post_already_shared":true,"jetpack_social_options":{"image_generator_settings":{"template":"highway","default_image_id":0,"font":"","enabled":false},"version":2}},"categories":[65,68,67],"tags":[],"class_list":["post-3469","post","type-post","status-publish","format-standard","has-post-thumbnail","hentry","category-lebensmittel","category-oekologisch","category-regional"],"yoast_head":"<!-- This site is optimized with the Yoast SEO plugin v27.4 - https:\/\/yoast.com\/product\/yoast-seo-wordpress\/ -->\n<title>&quot;B\u00fcndnis Nachhaltiges Mering&quot; bei Er\u00f6ffnung vom neuen Ladenkonzept - Nachhaltiges Mering<\/title>\n<meta name=\"robots\" content=\"index, follow, max-snippet:-1, max-image-preview:large, max-video-preview:-1\" \/>\n<link rel=\"canonical\" href=\"https:\/\/mering.info\/?p=3469\" \/>\n<meta property=\"og:locale\" content=\"de_DE\" \/>\n<meta property=\"og:type\" content=\"article\" \/>\n<meta property=\"og:title\" content=\"&quot;B\u00fcndnis Nachhaltiges Mering&quot; bei Er\u00f6ffnung vom neuen Ladenkonzept - Nachhaltiges Mering\" \/>\n<meta property=\"og:description\" content=\"Die Bio-B\u00e4ckerei Companum und die Genossenschaft Herzst\u00fcck sind in der ehemaligen &#8222;Seelenzeit&#8220; in Mering eingezogen. Dort werden in einer Art Schaub\u00e4ckerei Sauerteigbrote aus alten Getreidesorten gebacken. Zudem gibt es nat\u00fcrlich &hellip; &#8222;B\u00fcndnis Nachhaltiges Mering&#8220; bei Er\u00f6ffnung vom neuen Ladenkonzept weiterlesen &rarr;\" \/>\n<meta property=\"og:url\" content=\"https:\/\/mering.info\/?p=3469\" \/>\n<meta property=\"og:site_name\" content=\"Nachhaltiges Mering\" \/>\n<meta property=\"article:published_time\" content=\"2021-04-20T18:14:39+00:00\" \/>\n<meta property=\"article:modified_time\" content=\"2021-04-20T20:30:02+00:00\" \/>\n<meta property=\"og:image\" content=\"https:\/\/mering.info\/wp-content\/uploads\/2021\/04\/Eroeffnung-Companum-e1618940167225.jpg\" \/>\n\t<meta property=\"og:image:width\" content=\"900\" \/>\n\t<meta property=\"og:image:height\" content=\"652\" \/>\n\t<meta property=\"og:image:type\" content=\"image\/jpeg\" \/>\n<meta name=\"author\" content=\"Jan Sandvoss\" \/>\n<meta name=\"twitter:card\" content=\"summary_large_image\" \/>\n<meta name=\"twitter:label1\" content=\"Verfasst von\" \/>\n\t<meta name=\"twitter:data1\" content=\"Jan Sandvoss\" \/>\n\t<meta name=\"twitter:label2\" content=\"Gesch\u00e4tzte Lesezeit\" \/>\n\t<meta name=\"twitter:data2\" content=\"1\u00a0Minute\" \/>\n<script type=\"application\/ld+json\" class=\"yoast-schema-graph\">{\"@context\":\"https:\\\/\\\/schema.org\",\"@graph\":[{\"@type\":\"Article\",\"@id\":\"https:\\\/\\\/mering.info\\\/?p=3469#article\",\"isPartOf\":{\"@id\":\"https:\\\/\\\/mering.info\\\/?p=3469\"},\"author\":{\"name\":\"Jan Sandvoss\",\"@id\":\"https:\\\/\\\/mering.info\\\/#\\\/schema\\\/person\\\/a48208980186ac6f160775120d4bed8c\"},\"headline\":\"&#8222;B\u00fcndnis Nachhaltiges Mering&#8220; bei Er\u00f6ffnung vom neuen Ladenkonzept\",\"datePublished\":\"2021-04-20T18:14:39+00:00\",\"dateModified\":\"2021-04-20T20:30:02+00:00\",\"mainEntityOfPage\":{\"@id\":\"https:\\\/\\\/mering.info\\\/?p=3469\"},\"wordCount\":136,\"commentCount\":0,\"image\":{\"@id\":\"https:\\\/\\\/mering.info\\\/?p=3469#primaryimage\"},\"thumbnailUrl\":\"https:\\\/\\\/mering.info\\\/wp-content\\\/uploads\\\/2021\\\/04\\\/Eroeffnung-Companum-e1618940167225.jpg\",\"articleSection\":[\"Lebensmittel\",\"\u00f6kologisch\",\"regional\"],\"inLanguage\":\"de\",\"potentialAction\":[{\"@type\":\"CommentAction\",\"name\":\"Comment\",\"target\":[\"https:\\\/\\\/mering.info\\\/?p=3469#respond\"]}]},{\"@type\":\"WebPage\",\"@id\":\"https:\\\/\\\/mering.info\\\/?p=3469\",\"url\":\"https:\\\/\\\/mering.info\\\/?p=3469\",\"name\":\"\\\"B\u00fcndnis Nachhaltiges Mering\\\" bei Er\u00f6ffnung vom neuen Ladenkonzept - Nachhaltiges Mering\",\"isPartOf\":{\"@id\":\"https:\\\/\\\/mering.info\\\/#website\"},\"primaryImageOfPage\":{\"@id\":\"https:\\\/\\\/mering.info\\\/?p=3469#primaryimage\"},\"image\":{\"@id\":\"https:\\\/\\\/mering.info\\\/?p=3469#primaryimage\"},\"thumbnailUrl\":\"https:\\\/\\\/mering.info\\\/wp-content\\\/uploads\\\/2021\\\/04\\\/Eroeffnung-Companum-e1618940167225.jpg\",\"datePublished\":\"2021-04-20T18:14:39+00:00\",\"dateModified\":\"2021-04-20T20:30:02+00:00\",\"author\":{\"@id\":\"https:\\\/\\\/mering.info\\\/#\\\/schema\\\/person\\\/a48208980186ac6f160775120d4bed8c\"},\"breadcrumb\":{\"@id\":\"https:\\\/\\\/mering.info\\\/?p=3469#breadcrumb\"},\"inLanguage\":\"de\",\"potentialAction\":[{\"@type\":\"ReadAction\",\"target\":[\"https:\\\/\\\/mering.info\\\/?p=3469\"]}]},{\"@type\":\"ImageObject\",\"inLanguage\":\"de\",\"@id\":\"https:\\\/\\\/mering.info\\\/?p=3469#primaryimage\",\"url\":\"https:\\\/\\\/mering.info\\\/wp-content\\\/uploads\\\/2021\\\/04\\\/Eroeffnung-Companum-e1618940167225.jpg\",\"contentUrl\":\"https:\\\/\\\/mering.info\\\/wp-content\\\/uploads\\\/2021\\\/04\\\/Eroeffnung-Companum-e1618940167225.jpg\",\"width\":900,\"height\":652,\"caption\":\"Bild: Petra von Thienen (B\u00fcndnis Nachhaltiges Mering \\\/ Umweltbeauftragte Mering), Anja D\u00f6rdelmann (Vorsitzende Genossenschaft Herzst\u00fcck), Andr\u00e9 Heuck (Cumpanum-Chef), Michael Dudella (B\u00fcndnis Nachhaltiges Mering), Hans Schneider (B\u00fcndnis Nachhaltiges Mering), J\u00f6rg H\u00e4berle (B\u00fcndnis Nachhaltiges Mering)\"},{\"@type\":\"BreadcrumbList\",\"@id\":\"https:\\\/\\\/mering.info\\\/?p=3469#breadcrumb\",\"itemListElement\":[{\"@type\":\"ListItem\",\"position\":1,\"name\":\"Startseite\",\"item\":\"https:\\\/\\\/mering.info\\\/\"},{\"@type\":\"ListItem\",\"position\":2,\"name\":\"&#8222;B\u00fcndnis Nachhaltiges Mering&#8220; bei Er\u00f6ffnung vom neuen Ladenkonzept\"}]},{\"@type\":\"WebSite\",\"@id\":\"https:\\\/\\\/mering.info\\\/#website\",\"url\":\"https:\\\/\\\/mering.info\\\/\",\"name\":\"Nachhaltiges Mering\",\"description\":\"Zukunftsf\u00e4higes Mering\",\"potentialAction\":[{\"@type\":\"SearchAction\",\"target\":{\"@type\":\"EntryPoint\",\"urlTemplate\":\"https:\\\/\\\/mering.info\\\/?s={search_term_string}\"},\"query-input\":{\"@type\":\"PropertyValueSpecification\",\"valueRequired\":true,\"valueName\":\"search_term_string\"}}],\"inLanguage\":\"de\"},{\"@type\":\"Person\",\"@id\":\"https:\\\/\\\/mering.info\\\/#\\\/schema\\\/person\\\/a48208980186ac6f160775120d4bed8c\",\"name\":\"Jan Sandvoss\",\"url\":\"https:\\\/\\\/mering.info\\\/?author=8\"}]}<\/script>\n<!-- \/ Yoast SEO plugin. -->","yoast_head_json":{"title":"\"B\u00fcndnis Nachhaltiges Mering\" bei Er\u00f6ffnung vom neuen Ladenkonzept - Nachhaltiges Mering","robots":{"index":"index","follow":"follow","max-snippet":"max-snippet:-1","max-image-preview":"max-image-preview:large","max-video-preview":"max-video-preview:-1"},"canonical":"https:\/\/mering.info\/?p=3469","og_locale":"de_DE","og_type":"article","og_title":"\"B\u00fcndnis Nachhaltiges Mering\" bei Er\u00f6ffnung vom neuen Ladenkonzept - Nachhaltiges Mering","og_description":"Die Bio-B\u00e4ckerei Companum und die Genossenschaft Herzst\u00fcck sind in der ehemaligen &#8222;Seelenzeit&#8220; in Mering eingezogen. Dort werden in einer Art Schaub\u00e4ckerei Sauerteigbrote aus alten Getreidesorten gebacken. Zudem gibt es nat\u00fcrlich &hellip; &#8222;B\u00fcndnis Nachhaltiges Mering&#8220; bei Er\u00f6ffnung vom neuen Ladenkonzept weiterlesen &rarr;","og_url":"https:\/\/mering.info\/?p=3469","og_site_name":"Nachhaltiges Mering","article_published_time":"2021-04-20T18:14:39+00:00","article_modified_time":"2021-04-20T20:30:02+00:00","og_image":[{"width":900,"height":652,"url":"https:\/\/mering.info\/wp-content\/uploads\/2021\/04\/Eroeffnung-Companum-e1618940167225.jpg","type":"image\/jpeg"}],"author":"Jan Sandvoss","twitter_card":"summary_large_image","twitter_misc":{"Verfasst von":"Jan Sandvoss","Gesch\u00e4tzte Lesezeit":"1\u00a0Minute"},"schema":{"@context":"https:\/\/schema.org","@graph":[{"@type":"Article","@id":"https:\/\/mering.info\/?p=3469#article","isPartOf":{"@id":"https:\/\/mering.info\/?p=3469"},"author":{"name":"Jan Sandvoss","@id":"https:\/\/mering.info\/#\/schema\/person\/a48208980186ac6f160775120d4bed8c"},"headline":"&#8222;B\u00fcndnis Nachhaltiges Mering&#8220; bei Er\u00f6ffnung vom neuen Ladenkonzept","datePublished":"2021-04-20T18:14:39+00:00","dateModified":"2021-04-20T20:30:02+00:00","mainEntityOfPage":{"@id":"https:\/\/mering.info\/?p=3469"},"wordCount":136,"commentCount":0,"image":{"@id":"https:\/\/mering.info\/?p=3469#primaryimage"},"thumbnailUrl":"https:\/\/mering.info\/wp-content\/uploads\/2021\/04\/Eroeffnung-Companum-e1618940167225.jpg","articleSection":["Lebensmittel","\u00f6kologisch","regional"],"inLanguage":"de","potentialAction":[{"@type":"CommentAction","name":"Comment","target":["https:\/\/mering.info\/?p=3469#respond"]}]},{"@type":"WebPage","@id":"https:\/\/mering.info\/?p=3469","url":"https:\/\/mering.info\/?p=3469","name":"\"B\u00fcndnis Nachhaltiges Mering\" bei Er\u00f6ffnung vom neuen Ladenkonzept - Nachhaltiges Mering","isPartOf":{"@id":"https:\/\/mering.info\/#website"},"primaryImageOfPage":{"@id":"https:\/\/mering.info\/?p=3469#primaryimage"},"image":{"@id":"https:\/\/mering.info\/?p=3469#primaryimage"},"thumbnailUrl":"https:\/\/mering.info\/wp-content\/uploads\/2021\/04\/Eroeffnung-Companum-e1618940167225.jpg","datePublished":"2021-04-20T18:14:39+00:00","dateModified":"2021-04-20T20:30:02+00:00","author":{"@id":"https:\/\/mering.info\/#\/schema\/person\/a48208980186ac6f160775120d4bed8c"},"breadcrumb":{"@id":"https:\/\/mering.info\/?p=3469#breadcrumb"},"inLanguage":"de","potentialAction":[{"@type":"ReadAction","target":["https:\/\/mering.info\/?p=3469"]}]},{"@type":"ImageObject","inLanguage":"de","@id":"https:\/\/mering.info\/?p=3469#primaryimage","url":"https:\/\/mering.info\/wp-content\/uploads\/2021\/04\/Eroeffnung-Companum-e1618940167225.jpg","contentUrl":"https:\/\/mering.info\/wp-content\/uploads\/2021\/04\/Eroeffnung-Companum-e1618940167225.jpg","width":900,"height":652,"caption":"Bild: Petra von Thienen (B\u00fcndnis Nachhaltiges Mering \/ Umweltbeauftragte Mering), Anja D\u00f6rdelmann (Vorsitzende Genossenschaft Herzst\u00fcck), Andr\u00e9 Heuck (Cumpanum-Chef), Michael Dudella (B\u00fcndnis Nachhaltiges Mering), Hans Schneider (B\u00fcndnis Nachhaltiges Mering), J\u00f6rg H\u00e4berle (B\u00fcndnis Nachhaltiges Mering)"},{"@type":"BreadcrumbList","@id":"https:\/\/mering.info\/?p=3469#breadcrumb","itemListElement":[{"@type":"ListItem","position":1,"name":"Startseite","item":"https:\/\/mering.info\/"},{"@type":"ListItem","position":2,"name":"&#8222;B\u00fcndnis Nachhaltiges Mering&#8220; bei Er\u00f6ffnung vom neuen Ladenkonzept"}]},{"@type":"WebSite","@id":"https:\/\/mering.info\/#website","url":"https:\/\/mering.info\/","name":"Nachhaltiges Mering","description":"Zukunftsf\u00e4higes Mering","potentialAction":[{"@type":"SearchAction","target":{"@type":"EntryPoint","urlTemplate":"https:\/\/mering.info\/?s={search_term_string}"},"query-input":{"@type":"PropertyValueSpecification","valueRequired":true,"valueName":"search_term_string"}}],"inLanguage":"de"},{"@type":"Person","@id":"https:\/\/mering.info\/#\/schema\/person\/a48208980186ac6f160775120d4bed8c","name":"Jan Sandvoss","url":"https:\/\/mering.info\/?author=8"}]}},"jetpack_publicize_connections":[],"jetpack_featured_media_url":"https:\/\/mering.info\/wp-content\/uploads\/2021\/04\/Eroeffnung-Companum-e1618940167225.jpg","jetpack_sharing_enabled":true,"_links":{"self":[{"href":"https:\/\/mering.info\/index.php?rest_route=\/wp\/v2\/posts\/3469","targetHints":{"allow":["GET"]}}],"collection":[{"href":"https:\/\/mering.info\/index.php?rest_route=\/wp\/v2\/posts"}],"about":[{"href":"https:\/\/mering.info\/index.php?rest_route=\/wp\/v2\/types\/post"}],"author":[{"embeddable":true,"href":"https:\/\/mering.info\/index.php?rest_route=\/wp\/v2\/users\/8"}],"replies":[{"embeddable":true,"href":"https:\/\/mering.info\/index.php?rest_route=%2Fwp%2Fv2%2Fcomments&post=3469"}],"version-history":[{"count":4,"href":"https:\/\/mering.info\/index.php?rest_route=\/wp\/v2\/posts\/3469\/revisions"}],"predecessor-version":[{"id":3481,"href":"https:\/\/mering.info\/index.php?rest_route=\/wp\/v2\/posts\/3469\/revisions\/3481"}],"wp:featuredmedia":[{"embeddable":true,"href":"https:\/\/mering.info\/index.php?rest_route=\/wp\/v2\/media\/3471"}],"wp:attachment":[{"href":"https:\/\/mering.info\/index.php?rest_route=%2Fwp%2Fv2%2Fmedia&parent=3469"}],"wp:term":[{"taxonomy":"category","embeddable":true,"href":"https:\/\/mering.info\/index.php?rest_route=%2Fwp%2Fv2%2Fcategories&post=3469"},{"taxonomy":"post_tag","embeddable":true,"href":"https:\/\/mering.info\/index.php?rest_route=%2Fwp%2Fv2%2Ftags&post=3469"}],"curies":[{"name":"wp","href":"https:\/\/api.w.org\/{rel}","templated":true}]}}