{"id":3547,"date":"2021-06-29T22:43:27","date_gmt":"2021-06-29T20:43:27","guid":{"rendered":"https:\/\/mering.info\/?p=3547"},"modified":"2022-05-07T22:20:06","modified_gmt":"2022-05-07T20:20:06","slug":"buendnis-feiert-auszeichnung-mering-ist-fairtrade-gemeinde","status":"publish","type":"post","link":"https:\/\/mering.info\/?p=3547","title":{"rendered":"B\u00fcndnis feiert Auszeichnung: Mering ist Fairtrade-Gemeinde"},"content":{"rendered":"<p>Es ist offiziell: Mering darf sich Fairtrade-Gemeinde nennen. Vergangenen Sonntag, 27. Juni, traf sich die \u201eSteuerungsgruppe Fairtrade Gemeinde Mering\u201c um 13 Uhr im Lippgarten, um die Urkunde von Fairtrade Deutschland entgegenzunehmen und bei strahlendem Sonnenschein die offizielle Auszeichnung gemeinsam mit den Aktiven des B\u00fcndnis Nachhaltiges Mering zu feiern.<\/p>\n<figure id=\"attachment_3553\" aria-describedby=\"caption-attachment-3553\" style=\"width: 300px\" class=\"wp-caption alignnone\"><img fetchpriority=\"high\" decoding=\"async\" class=\"size-medium wp-image-3553\" src=\"https:\/\/mering.info\/wp-content\/uploads\/2021\/06\/2021-Kampagne-Fairtrade-Towns-4_700-300x169.jpg\" alt=\"Fairtrade-Gemeinde\" width=\"300\" height=\"169\" srcset=\"https:\/\/mering.info\/wp-content\/uploads\/2021\/06\/2021-Kampagne-Fairtrade-Towns-4_700-300x169.jpg 300w, https:\/\/mering.info\/wp-content\/uploads\/2021\/06\/2021-Kampagne-Fairtrade-Towns-4_700.jpg 700w\" sizes=\"(max-width: 300px) 100vw, 300px\" \/><figcaption id=\"caption-attachment-3553\" class=\"wp-caption-text\">B\u00fcrgermeister Florian Mayer und Eine-Welt-Promotorin Eva Bahner (Foto: Peter Holthaus)<\/figcaption><\/figure>\n<p>Urspr\u00fcnglich h\u00e4tte an diesem Sonntag der diesj\u00e4hrige Zukunftsmarkt stattfinden sollen. Aufgrund des unsicheren Verlaufs der Corona-Pandemie wurde dieser jedoch auf n\u00e4chstes Jahr (26. Juni 2022) verschoben. Das Ersatzprogramm sorgte allerdings ebenfalls f\u00fcr gute Laune: Zu Beginn f\u00fchrten die Aktiven des B\u00fcndnis Nachhaltiges Mering unter der Leitung von Micon Kreft einen Reihentanz auf, danach gaben einige Aktive Statements ab, was Nachhaltigkeit f\u00fcr sie bedeutet. Passend zu den Feierlichkeiten trug jedes Mitglied ein T-Shirt mit dem Logo des B\u00fcndnis auf der R\u00fcck- und der Aufschrift \u201eDu hast mir den Kopf FAIRTRADE\u201c auf der Vorderseite.<\/p>\n<p>Im Anschluss \u00fcberreichte Eine-Welt-Promotorin Eva Bahner aus Augsburg feierlich die Urkunde, und B\u00fcrgermeister Florian Mayer dankte der Steuerungsgruppe sowie dem B\u00fcndnis Nachhaltiges Mering f\u00fcr die engagierte Arbeit. Die Verleihung fand aufgrund der Pandemie ohne Publikum statt, stattdessen wurden der Tanz, die Statements, die \u00dcbergabe sowie eine kurze Stellungnahme von Michael Dudella \u00fcber die laufenden Aktivit\u00e4ten des B\u00fcndnis professionell aufgezeichnet. Die Videos von Vincent Speck werden in K\u00fcrze online ver\u00f6ffentlicht.<\/p>\n<p>Erst im Januar 2020 wurde beim ZukunftsForum \u00fcber die Zertifizierung diskutiert, im September folgte ein Gemeinderatsbeschluss, dem alle Fraktionen zugestimmt haben. Zeitgleich bildete sich die Steuerungsgruppe, an der sich einige Aktive des B\u00fcndnis Nachhaltiges Mering sowie auch B\u00fcrgermeister Florian Mayer und sein Stellvertreter Stefan Hummel beteiligten. Die Gruppe koordinierte in Zusammenarbeit mit der Gemeinde alle Aktivit\u00e4ten.<\/p>\n<p>F\u00fcr die Auszeichnung als Fairtrade-Gemeinde mussten f\u00fcnf Kriterien erf\u00fcllt werden, die ein Engagement f\u00fcr fairen Handel auf verschiedenen Ebenen einer Kommune zeigten, darunter auch die Beteiligung der Zivilgesellschaft. Die Meringer Gemeindeverwaltung, einige Unternehmen, Einzelhandels- und Gastronomiebetriebe, Vereine sowie die Kirchengemeinden haben recht schnell ihre Bereitschaft signalisiert, das Projekt mit Leben zu f\u00fcllen, faire Produkte und Aktionen rund um den fairen Handel anzubieten und sich gemeinsam f\u00fcr nachhaltige Ziele einzusetzen.<\/p>\n<p>Sowohl die Steuerungsgruppe als auch das B\u00fcndnis Nachhaltiges Mering bedankt sich recht herzlich bei allen Beteiligten, die Mering auf dem Weg zur Fairtrade-Gemeinde unterst\u00fctzt haben!<\/p>\n<p><em>Foto: Edigna Menhard<\/em><br \/>\n<em>Bild v.l.n.r. die Steuerungsgruppe: Thomas Kowalski (EDEKA), Micon Kreft (<\/em><em>B\u00fcndnis Nachhaltiges Mering), Michael Dudella (stv. Sprecher, B\u00fcndnis<\/em><br \/>\n<em>Nachhaltiges Mering), Petra von Thienen (B\u00fcndnis Nachhaltiges Mering,<\/em><br \/>\n<em>Umweltbeauftragte), Stefan Hummel (stv. B\u00fcrgermeister, B\u00fcndnis Nachhaltiges <\/em><em>Mering), Jaromir Prochazka, Dr. Britta Freitag (B\u00fcndnis Nachhaltiges <\/em><em>Mering), Florian Mayer (B\u00fcrgermeister Mering)<\/em><\/p>\n","protected":false},"excerpt":{"rendered":"<p>Es ist offiziell: Mering darf sich Fairtrade-Gemeinde nennen. Vergangenen Sonntag, 27. Juni, traf sich die \u201eSteuerungsgruppe Fairtrade Gemeinde Mering\u201c um 13 Uhr im Lippgarten, um die Urkunde von Fairtrade Deutschland &hellip; <a href=\"https:\/\/mering.info\/?p=3547\" class=\"more-link\"><span class=\"screen-reader-text\">B\u00fcndnis feiert Auszeichnung: Mering ist Fairtrade-Gemeinde<\/span> weiterlesen <span class=\"meta-nav\">&rarr;<\/span><\/a><\/p>\n","protected":false},"author":12,"featured_media":3548,"comment_status":"open","ping_status":"open","sticky":false,"template":"","format":"standard","meta":{"jetpack_post_was_ever_published":false,"_jetpack_newsletter_access":"","_jetpack_dont_email_post_to_subs":false,"_jetpack_newsletter_tier_id":0,"_jetpack_memberships_contains_paywalled_content":false,"_jetpack_memberships_contains_paid_content":false,"footnotes":"","jetpack_publicize_message":"","jetpack_publicize_feature_enabled":true,"jetpack_social_post_already_shared":true,"jetpack_social_options":{"image_generator_settings":{"template":"highway","default_image_id":0,"font":"","enabled":false},"version":2}},"categories":[166],"tags":[167],"class_list":["post-3547","post","type-post","status-publish","format-standard","has-post-thumbnail","hentry","category-fairtrade-gemeinde","tag-fairtrade"],"yoast_head":"<!-- This site is optimized with the Yoast SEO plugin v27.4 - https:\/\/yoast.com\/product\/yoast-seo-wordpress\/ -->\n<title>B\u00fcndnis feiert Auszeichnung: Mering ist Fairtrade-Gemeinde - Nachhaltiges Mering<\/title>\n<meta name=\"robots\" content=\"index, follow, max-snippet:-1, max-image-preview:large, max-video-preview:-1\" \/>\n<link rel=\"canonical\" href=\"https:\/\/mering.info\/?p=3547\" \/>\n<meta property=\"og:locale\" content=\"de_DE\" \/>\n<meta property=\"og:type\" content=\"article\" \/>\n<meta property=\"og:title\" content=\"B\u00fcndnis feiert Auszeichnung: Mering ist Fairtrade-Gemeinde - Nachhaltiges Mering\" \/>\n<meta property=\"og:description\" content=\"Es ist offiziell: Mering darf sich Fairtrade-Gemeinde nennen. Vergangenen Sonntag, 27. Juni, traf sich die \u201eSteuerungsgruppe Fairtrade Gemeinde Mering\u201c um 13 Uhr im Lippgarten, um die Urkunde von Fairtrade Deutschland &hellip; B\u00fcndnis feiert Auszeichnung: Mering ist Fairtrade-Gemeinde weiterlesen &rarr;\" \/>\n<meta property=\"og:url\" content=\"https:\/\/mering.info\/?p=3547\" \/>\n<meta property=\"og:site_name\" content=\"Nachhaltiges Mering\" \/>\n<meta property=\"article:published_time\" content=\"2021-06-29T20:43:27+00:00\" \/>\n<meta property=\"article:modified_time\" content=\"2022-05-07T20:20:06+00:00\" \/>\n<meta property=\"og:image\" content=\"https:\/\/mering.info\/wp-content\/uploads\/2021\/06\/2021-Kampagne-Fairtrade-Towns-66_700.jpg\" \/>\n\t<meta property=\"og:image:width\" content=\"700\" \/>\n\t<meta property=\"og:image:height\" content=\"394\" \/>\n\t<meta property=\"og:image:type\" content=\"image\/jpeg\" \/>\n<meta name=\"author\" content=\"Sarah Kohlberger\" \/>\n<meta name=\"twitter:card\" content=\"summary_large_image\" \/>\n<meta name=\"twitter:label1\" content=\"Verfasst von\" \/>\n\t<meta name=\"twitter:data1\" content=\"Sarah Kohlberger\" \/>\n\t<meta name=\"twitter:label2\" content=\"Gesch\u00e4tzte Lesezeit\" \/>\n\t<meta name=\"twitter:data2\" content=\"2\u00a0Minuten\" \/>\n<script type=\"application\/ld+json\" class=\"yoast-schema-graph\">{\"@context\":\"https:\\\/\\\/schema.org\",\"@graph\":[{\"@type\":\"Article\",\"@id\":\"https:\\\/\\\/mering.info\\\/?p=3547#article\",\"isPartOf\":{\"@id\":\"https:\\\/\\\/mering.info\\\/?p=3547\"},\"author\":{\"name\":\"Sarah Kohlberger\",\"@id\":\"https:\\\/\\\/mering.info\\\/#\\\/schema\\\/person\\\/0855fe0b7a950a699d3c281503f9bdf9\"},\"headline\":\"B\u00fcndnis feiert Auszeichnung: Mering ist Fairtrade-Gemeinde\",\"datePublished\":\"2021-06-29T20:43:27+00:00\",\"dateModified\":\"2022-05-07T20:20:06+00:00\",\"mainEntityOfPage\":{\"@id\":\"https:\\\/\\\/mering.info\\\/?p=3547\"},\"wordCount\":466,\"commentCount\":0,\"image\":{\"@id\":\"https:\\\/\\\/mering.info\\\/?p=3547#primaryimage\"},\"thumbnailUrl\":\"https:\\\/\\\/mering.info\\\/wp-content\\\/uploads\\\/2021\\\/06\\\/2021-Kampagne-Fairtrade-Towns-66_700.jpg\",\"keywords\":[\"Fairtrade\"],\"articleSection\":[\"Fairtrade-Gemeinde\"],\"inLanguage\":\"de\",\"potentialAction\":[{\"@type\":\"CommentAction\",\"name\":\"Comment\",\"target\":[\"https:\\\/\\\/mering.info\\\/?p=3547#respond\"]}]},{\"@type\":\"WebPage\",\"@id\":\"https:\\\/\\\/mering.info\\\/?p=3547\",\"url\":\"https:\\\/\\\/mering.info\\\/?p=3547\",\"name\":\"B\u00fcndnis feiert Auszeichnung: Mering ist Fairtrade-Gemeinde - Nachhaltiges Mering\",\"isPartOf\":{\"@id\":\"https:\\\/\\\/mering.info\\\/#website\"},\"primaryImageOfPage\":{\"@id\":\"https:\\\/\\\/mering.info\\\/?p=3547#primaryimage\"},\"image\":{\"@id\":\"https:\\\/\\\/mering.info\\\/?p=3547#primaryimage\"},\"thumbnailUrl\":\"https:\\\/\\\/mering.info\\\/wp-content\\\/uploads\\\/2021\\\/06\\\/2021-Kampagne-Fairtrade-Towns-66_700.jpg\",\"datePublished\":\"2021-06-29T20:43:27+00:00\",\"dateModified\":\"2022-05-07T20:20:06+00:00\",\"author\":{\"@id\":\"https:\\\/\\\/mering.info\\\/#\\\/schema\\\/person\\\/0855fe0b7a950a699d3c281503f9bdf9\"},\"breadcrumb\":{\"@id\":\"https:\\\/\\\/mering.info\\\/?p=3547#breadcrumb\"},\"inLanguage\":\"de\",\"potentialAction\":[{\"@type\":\"ReadAction\",\"target\":[\"https:\\\/\\\/mering.info\\\/?p=3547\"]}]},{\"@type\":\"ImageObject\",\"inLanguage\":\"de\",\"@id\":\"https:\\\/\\\/mering.info\\\/?p=3547#primaryimage\",\"url\":\"https:\\\/\\\/mering.info\\\/wp-content\\\/uploads\\\/2021\\\/06\\\/2021-Kampagne-Fairtrade-Towns-66_700.jpg\",\"contentUrl\":\"https:\\\/\\\/mering.info\\\/wp-content\\\/uploads\\\/2021\\\/06\\\/2021-Kampagne-Fairtrade-Towns-66_700.jpg\",\"width\":700,\"height\":394,\"caption\":\"Fairtrade-Gemeinde\"},{\"@type\":\"BreadcrumbList\",\"@id\":\"https:\\\/\\\/mering.info\\\/?p=3547#breadcrumb\",\"itemListElement\":[{\"@type\":\"ListItem\",\"position\":1,\"name\":\"Startseite\",\"item\":\"https:\\\/\\\/mering.info\\\/\"},{\"@type\":\"ListItem\",\"position\":2,\"name\":\"B\u00fcndnis feiert Auszeichnung: Mering ist Fairtrade-Gemeinde\"}]},{\"@type\":\"WebSite\",\"@id\":\"https:\\\/\\\/mering.info\\\/#website\",\"url\":\"https:\\\/\\\/mering.info\\\/\",\"name\":\"Nachhaltiges Mering\",\"description\":\"Zukunftsf\u00e4higes Mering\",\"potentialAction\":[{\"@type\":\"SearchAction\",\"target\":{\"@type\":\"EntryPoint\",\"urlTemplate\":\"https:\\\/\\\/mering.info\\\/?s={search_term_string}\"},\"query-input\":{\"@type\":\"PropertyValueSpecification\",\"valueRequired\":true,\"valueName\":\"search_term_string\"}}],\"inLanguage\":\"de\"},{\"@type\":\"Person\",\"@id\":\"https:\\\/\\\/mering.info\\\/#\\\/schema\\\/person\\\/0855fe0b7a950a699d3c281503f9bdf9\",\"name\":\"Sarah Kohlberger\",\"url\":\"https:\\\/\\\/mering.info\\\/?author=12\"}]}<\/script>\n<!-- \/ Yoast SEO plugin. -->","yoast_head_json":{"title":"B\u00fcndnis feiert Auszeichnung: Mering ist Fairtrade-Gemeinde - Nachhaltiges Mering","robots":{"index":"index","follow":"follow","max-snippet":"max-snippet:-1","max-image-preview":"max-image-preview:large","max-video-preview":"max-video-preview:-1"},"canonical":"https:\/\/mering.info\/?p=3547","og_locale":"de_DE","og_type":"article","og_title":"B\u00fcndnis feiert Auszeichnung: Mering ist Fairtrade-Gemeinde - Nachhaltiges Mering","og_description":"Es ist offiziell: Mering darf sich Fairtrade-Gemeinde nennen. Vergangenen Sonntag, 27. Juni, traf sich die \u201eSteuerungsgruppe Fairtrade Gemeinde Mering\u201c um 13 Uhr im Lippgarten, um die Urkunde von Fairtrade Deutschland &hellip; B\u00fcndnis feiert Auszeichnung: Mering ist Fairtrade-Gemeinde weiterlesen &rarr;","og_url":"https:\/\/mering.info\/?p=3547","og_site_name":"Nachhaltiges Mering","article_published_time":"2021-06-29T20:43:27+00:00","article_modified_time":"2022-05-07T20:20:06+00:00","og_image":[{"width":700,"height":394,"url":"https:\/\/mering.info\/wp-content\/uploads\/2021\/06\/2021-Kampagne-Fairtrade-Towns-66_700.jpg","type":"image\/jpeg"}],"author":"Sarah Kohlberger","twitter_card":"summary_large_image","twitter_misc":{"Verfasst von":"Sarah Kohlberger","Gesch\u00e4tzte Lesezeit":"2\u00a0Minuten"},"schema":{"@context":"https:\/\/schema.org","@graph":[{"@type":"Article","@id":"https:\/\/mering.info\/?p=3547#article","isPartOf":{"@id":"https:\/\/mering.info\/?p=3547"},"author":{"name":"Sarah Kohlberger","@id":"https:\/\/mering.info\/#\/schema\/person\/0855fe0b7a950a699d3c281503f9bdf9"},"headline":"B\u00fcndnis feiert Auszeichnung: Mering ist Fairtrade-Gemeinde","datePublished":"2021-06-29T20:43:27+00:00","dateModified":"2022-05-07T20:20:06+00:00","mainEntityOfPage":{"@id":"https:\/\/mering.info\/?p=3547"},"wordCount":466,"commentCount":0,"image":{"@id":"https:\/\/mering.info\/?p=3547#primaryimage"},"thumbnailUrl":"https:\/\/mering.info\/wp-content\/uploads\/2021\/06\/2021-Kampagne-Fairtrade-Towns-66_700.jpg","keywords":["Fairtrade"],"articleSection":["Fairtrade-Gemeinde"],"inLanguage":"de","potentialAction":[{"@type":"CommentAction","name":"Comment","target":["https:\/\/mering.info\/?p=3547#respond"]}]},{"@type":"WebPage","@id":"https:\/\/mering.info\/?p=3547","url":"https:\/\/mering.info\/?p=3547","name":"B\u00fcndnis feiert Auszeichnung: Mering ist Fairtrade-Gemeinde - Nachhaltiges Mering","isPartOf":{"@id":"https:\/\/mering.info\/#website"},"primaryImageOfPage":{"@id":"https:\/\/mering.info\/?p=3547#primaryimage"},"image":{"@id":"https:\/\/mering.info\/?p=3547#primaryimage"},"thumbnailUrl":"https:\/\/mering.info\/wp-content\/uploads\/2021\/06\/2021-Kampagne-Fairtrade-Towns-66_700.jpg","datePublished":"2021-06-29T20:43:27+00:00","dateModified":"2022-05-07T20:20:06+00:00","author":{"@id":"https:\/\/mering.info\/#\/schema\/person\/0855fe0b7a950a699d3c281503f9bdf9"},"breadcrumb":{"@id":"https:\/\/mering.info\/?p=3547#breadcrumb"},"inLanguage":"de","potentialAction":[{"@type":"ReadAction","target":["https:\/\/mering.info\/?p=3547"]}]},{"@type":"ImageObject","inLanguage":"de","@id":"https:\/\/mering.info\/?p=3547#primaryimage","url":"https:\/\/mering.info\/wp-content\/uploads\/2021\/06\/2021-Kampagne-Fairtrade-Towns-66_700.jpg","contentUrl":"https:\/\/mering.info\/wp-content\/uploads\/2021\/06\/2021-Kampagne-Fairtrade-Towns-66_700.jpg","width":700,"height":394,"caption":"Fairtrade-Gemeinde"},{"@type":"BreadcrumbList","@id":"https:\/\/mering.info\/?p=3547#breadcrumb","itemListElement":[{"@type":"ListItem","position":1,"name":"Startseite","item":"https:\/\/mering.info\/"},{"@type":"ListItem","position":2,"name":"B\u00fcndnis feiert Auszeichnung: Mering ist Fairtrade-Gemeinde"}]},{"@type":"WebSite","@id":"https:\/\/mering.info\/#website","url":"https:\/\/mering.info\/","name":"Nachhaltiges Mering","description":"Zukunftsf\u00e4higes Mering","potentialAction":[{"@type":"SearchAction","target":{"@type":"EntryPoint","urlTemplate":"https:\/\/mering.info\/?s={search_term_string}"},"query-input":{"@type":"PropertyValueSpecification","valueRequired":true,"valueName":"search_term_string"}}],"inLanguage":"de"},{"@type":"Person","@id":"https:\/\/mering.info\/#\/schema\/person\/0855fe0b7a950a699d3c281503f9bdf9","name":"Sarah Kohlberger","url":"https:\/\/mering.info\/?author=12"}]}},"jetpack_publicize_connections":[],"jetpack_featured_media_url":"https:\/\/mering.info\/wp-content\/uploads\/2021\/06\/2021-Kampagne-Fairtrade-Towns-66_700.jpg","jetpack_sharing_enabled":true,"_links":{"self":[{"href":"https:\/\/mering.info\/index.php?rest_route=\/wp\/v2\/posts\/3547","targetHints":{"allow":["GET"]}}],"collection":[{"href":"https:\/\/mering.info\/index.php?rest_route=\/wp\/v2\/posts"}],"about":[{"href":"https:\/\/mering.info\/index.php?rest_route=\/wp\/v2\/types\/post"}],"author":[{"embeddable":true,"href":"https:\/\/mering.info\/index.php?rest_route=\/wp\/v2\/users\/12"}],"replies":[{"embeddable":true,"href":"https:\/\/mering.info\/index.php?rest_route=%2Fwp%2Fv2%2Fcomments&post=3547"}],"version-history":[{"count":6,"href":"https:\/\/mering.info\/index.php?rest_route=\/wp\/v2\/posts\/3547\/revisions"}],"predecessor-version":[{"id":3570,"href":"https:\/\/mering.info\/index.php?rest_route=\/wp\/v2\/posts\/3547\/revisions\/3570"}],"wp:featuredmedia":[{"embeddable":true,"href":"https:\/\/mering.info\/index.php?rest_route=\/wp\/v2\/media\/3548"}],"wp:attachment":[{"href":"https:\/\/mering.info\/index.php?rest_route=%2Fwp%2Fv2%2Fmedia&parent=3547"}],"wp:term":[{"taxonomy":"category","embeddable":true,"href":"https:\/\/mering.info\/index.php?rest_route=%2Fwp%2Fv2%2Fcategories&post=3547"},{"taxonomy":"post_tag","embeddable":true,"href":"https:\/\/mering.info\/index.php?rest_route=%2Fwp%2Fv2%2Ftags&post=3547"}],"curies":[{"name":"wp","href":"https:\/\/api.w.org\/{rel}","templated":true}]}}