{"id":3560,"date":"2021-07-25T17:38:34","date_gmt":"2021-07-25T15:38:34","guid":{"rendered":"https:\/\/mering.info\/?p=3560"},"modified":"2021-11-14T15:51:30","modified_gmt":"2021-11-14T14:51:30","slug":"weltladen-mering-startet-mit-einem-stand-am-marktplatz","status":"publish","type":"post","link":"https:\/\/mering.info\/?p=3560","title":{"rendered":"Weltladen Mering startet mit einem Stand am Marktplatz"},"content":{"rendered":"<p>Das Projekt ist schon lange geplant, nun kamen die Engagierten ihrem Ziel einen gro\u00dfen Schritt n\u00e4her: Noch vor den Sommerferien, am 17. Juli 2021, pr\u00e4sentierte sich der Weltladen Mering erstmals mit einem eigenen Stand am Meringer Marktplatz.<\/p>\n<p>Das Projekt Weltladen in Mering wurde vor allem von Petra von Thienen und Michael Dudella vom B\u00fcndnis Nachhaltiges Mering angetrieben. Der Entschluss, in Mering eine Zweigstelle des Weltladens Augsburg zu er\u00f6ffnen, steht schon lange &#8211; nur bei der Suche nach einer geeigneten Immobilie hatten die Engagierten bisher kein Gl\u00fcck.<\/p>\n<p>Bis das Team einen festen Laden gefunden hat, bietet der Weltladen-Stand am Marktplatz nun jeden Samstag von 8.00 Uhr bis 13.00 Uhr interessierten Menschen die M\u00f6glichkeit, verschiedene Fairtrade-Produkte zu testen. Darunter finden sich nicht nur Lebensmittel wie Schokolade, Kaffee oder Tee, sondern auch Non-Food-Artikel wie Seifen oder T\u00fccher.<\/p>\n<p>Ist ein geeignetes Gesch\u00e4ft gefunden, k\u00f6nnen die Engagierten direkt loslegen: Bisher haben sich bereits mehr als 20 interessierte Ehrenamtliche gefunden, um den Meringer Laden mit Leben zu f\u00fcllen.<\/p>\n<p>Seit wenigen Wochen darf sich Mering offiziell Fairtrade-Gemeinde nennen: Ende Juni traf sich die \u201eSteuerungsgruppe Fairtrade Gemeinde Mering&#8220; im Lippgarten, um die Urkunde von Fairtrade Deutschland entgegenzunehmen und die offizielle Auszeichnung gemeinsam mit den Aktiven des B\u00fcndnis Nachhaltiges Mering zu feiern.<\/p>\n<p><em>Foto: Heike John<\/em><br \/>\n<em>Bild: Das Ehrenamtlichen-Team des Meringer Weltladens, darunter <\/em><em>Michael Dudella (B\u00fcndnis <\/em><em>Nachhaltiges Mering, zweiter von rechts) und Petra von Thienen (B\u00fcndnis Nachhaltiges Mering, <\/em><em>Umweltbeauftragte, dritte von rechts) und Anita Schneider<\/em><em> (B\u00fcndnis Nachhaltiges <\/em><em>Mering, rechts).<br \/>\n<\/em><\/p>\n<p>&nbsp;<\/p>\n","protected":false},"excerpt":{"rendered":"<p>Das Projekt ist schon lange geplant, nun kamen die Engagierten ihrem Ziel einen gro\u00dfen Schritt n\u00e4her: Noch vor den Sommerferien, am 17. Juli 2021, pr\u00e4sentierte sich der Weltladen Mering erstmals &hellip; <a href=\"https:\/\/mering.info\/?p=3560\" class=\"more-link\"><span class=\"screen-reader-text\">Weltladen Mering startet mit einem Stand am Marktplatz<\/span> weiterlesen <span class=\"meta-nav\">&rarr;<\/span><\/a><\/p>\n","protected":false},"author":12,"featured_media":3561,"comment_status":"open","ping_status":"open","sticky":false,"template":"","format":"standard","meta":{"jetpack_post_was_ever_published":false,"_jetpack_newsletter_access":"","_jetpack_dont_email_post_to_subs":false,"_jetpack_newsletter_tier_id":0,"_jetpack_memberships_contains_paywalled_content":false,"_jetpack_memberships_contains_paid_content":false,"footnotes":"","jetpack_publicize_message":"","jetpack_publicize_feature_enabled":true,"jetpack_social_post_already_shared":true,"jetpack_social_options":{"image_generator_settings":{"template":"highway","default_image_id":0,"font":"","enabled":false},"version":2}},"categories":[69,81,68,67],"tags":[167,11,174],"class_list":["post-3560","post","type-post","status-publish","format-standard","has-post-thumbnail","hentry","category-fair","category-information","category-oekologisch","category-regional","tag-fairtrade","tag-information","tag-weltladen"],"yoast_head":"<!-- This site is optimized with the Yoast SEO plugin v27.4 - https:\/\/yoast.com\/product\/yoast-seo-wordpress\/ -->\n<title>Weltladen Mering startet mit einem Stand am Marktplatz - Nachhaltiges Mering<\/title>\n<meta name=\"robots\" content=\"index, follow, max-snippet:-1, max-image-preview:large, max-video-preview:-1\" \/>\n<link rel=\"canonical\" href=\"https:\/\/mering.info\/?p=3560\" \/>\n<meta property=\"og:locale\" content=\"de_DE\" \/>\n<meta property=\"og:type\" content=\"article\" \/>\n<meta property=\"og:title\" content=\"Weltladen Mering startet mit einem Stand am Marktplatz - Nachhaltiges Mering\" \/>\n<meta property=\"og:description\" content=\"Das Projekt ist schon lange geplant, nun kamen die Engagierten ihrem Ziel einen gro\u00dfen Schritt n\u00e4her: Noch vor den Sommerferien, am 17. Juli 2021, pr\u00e4sentierte sich der Weltladen Mering erstmals &hellip; Weltladen Mering startet mit einem Stand am Marktplatz weiterlesen &rarr;\" \/>\n<meta property=\"og:url\" content=\"https:\/\/mering.info\/?p=3560\" \/>\n<meta property=\"og:site_name\" content=\"Nachhaltiges Mering\" \/>\n<meta property=\"article:published_time\" content=\"2021-07-25T15:38:34+00:00\" \/>\n<meta property=\"article:modified_time\" content=\"2021-11-14T14:51:30+00:00\" \/>\n<meta property=\"og:image\" content=\"https:\/\/mering.info\/wp-content\/uploads\/2021\/07\/Markt-Weltladen-Presse-2021-07-13_700.jpg\" \/>\n\t<meta property=\"og:image:width\" content=\"700\" \/>\n\t<meta property=\"og:image:height\" content=\"467\" \/>\n\t<meta property=\"og:image:type\" content=\"image\/jpeg\" \/>\n<meta name=\"author\" content=\"Sarah Kohlberger\" \/>\n<meta name=\"twitter:card\" content=\"summary_large_image\" \/>\n<meta name=\"twitter:label1\" content=\"Verfasst von\" \/>\n\t<meta name=\"twitter:data1\" content=\"Sarah Kohlberger\" \/>\n\t<meta name=\"twitter:label2\" content=\"Gesch\u00e4tzte Lesezeit\" \/>\n\t<meta name=\"twitter:data2\" content=\"1\u00a0Minute\" \/>\n<script type=\"application\/ld+json\" class=\"yoast-schema-graph\">{\"@context\":\"https:\\\/\\\/schema.org\",\"@graph\":[{\"@type\":\"Article\",\"@id\":\"https:\\\/\\\/mering.info\\\/?p=3560#article\",\"isPartOf\":{\"@id\":\"https:\\\/\\\/mering.info\\\/?p=3560\"},\"author\":{\"name\":\"Sarah Kohlberger\",\"@id\":\"https:\\\/\\\/mering.info\\\/#\\\/schema\\\/person\\\/0855fe0b7a950a699d3c281503f9bdf9\"},\"headline\":\"Weltladen Mering startet mit einem Stand am Marktplatz\",\"datePublished\":\"2021-07-25T15:38:34+00:00\",\"dateModified\":\"2021-11-14T14:51:30+00:00\",\"mainEntityOfPage\":{\"@id\":\"https:\\\/\\\/mering.info\\\/?p=3560\"},\"wordCount\":258,\"commentCount\":0,\"image\":{\"@id\":\"https:\\\/\\\/mering.info\\\/?p=3560#primaryimage\"},\"thumbnailUrl\":\"https:\\\/\\\/mering.info\\\/wp-content\\\/uploads\\\/2021\\\/07\\\/Markt-Weltladen-Presse-2021-07-13_700.jpg\",\"keywords\":[\"Fairtrade\",\"Information\",\"Weltladen\"],\"articleSection\":[\"fair\",\"Information\",\"\u00f6kologisch\",\"regional\"],\"inLanguage\":\"de\",\"potentialAction\":[{\"@type\":\"CommentAction\",\"name\":\"Comment\",\"target\":[\"https:\\\/\\\/mering.info\\\/?p=3560#respond\"]}]},{\"@type\":\"WebPage\",\"@id\":\"https:\\\/\\\/mering.info\\\/?p=3560\",\"url\":\"https:\\\/\\\/mering.info\\\/?p=3560\",\"name\":\"Weltladen Mering startet mit einem Stand am Marktplatz - Nachhaltiges Mering\",\"isPartOf\":{\"@id\":\"https:\\\/\\\/mering.info\\\/#website\"},\"primaryImageOfPage\":{\"@id\":\"https:\\\/\\\/mering.info\\\/?p=3560#primaryimage\"},\"image\":{\"@id\":\"https:\\\/\\\/mering.info\\\/?p=3560#primaryimage\"},\"thumbnailUrl\":\"https:\\\/\\\/mering.info\\\/wp-content\\\/uploads\\\/2021\\\/07\\\/Markt-Weltladen-Presse-2021-07-13_700.jpg\",\"datePublished\":\"2021-07-25T15:38:34+00:00\",\"dateModified\":\"2021-11-14T14:51:30+00:00\",\"author\":{\"@id\":\"https:\\\/\\\/mering.info\\\/#\\\/schema\\\/person\\\/0855fe0b7a950a699d3c281503f9bdf9\"},\"breadcrumb\":{\"@id\":\"https:\\\/\\\/mering.info\\\/?p=3560#breadcrumb\"},\"inLanguage\":\"de\",\"potentialAction\":[{\"@type\":\"ReadAction\",\"target\":[\"https:\\\/\\\/mering.info\\\/?p=3560\"]}]},{\"@type\":\"ImageObject\",\"inLanguage\":\"de\",\"@id\":\"https:\\\/\\\/mering.info\\\/?p=3560#primaryimage\",\"url\":\"https:\\\/\\\/mering.info\\\/wp-content\\\/uploads\\\/2021\\\/07\\\/Markt-Weltladen-Presse-2021-07-13_700.jpg\",\"contentUrl\":\"https:\\\/\\\/mering.info\\\/wp-content\\\/uploads\\\/2021\\\/07\\\/Markt-Weltladen-Presse-2021-07-13_700.jpg\",\"width\":700,\"height\":467,\"caption\":\"Weltladen Marktplatz\"},{\"@type\":\"BreadcrumbList\",\"@id\":\"https:\\\/\\\/mering.info\\\/?p=3560#breadcrumb\",\"itemListElement\":[{\"@type\":\"ListItem\",\"position\":1,\"name\":\"Startseite\",\"item\":\"https:\\\/\\\/mering.info\\\/\"},{\"@type\":\"ListItem\",\"position\":2,\"name\":\"Weltladen Mering startet mit einem Stand am Marktplatz\"}]},{\"@type\":\"WebSite\",\"@id\":\"https:\\\/\\\/mering.info\\\/#website\",\"url\":\"https:\\\/\\\/mering.info\\\/\",\"name\":\"Nachhaltiges Mering\",\"description\":\"Zukunftsf\u00e4higes Mering\",\"potentialAction\":[{\"@type\":\"SearchAction\",\"target\":{\"@type\":\"EntryPoint\",\"urlTemplate\":\"https:\\\/\\\/mering.info\\\/?s={search_term_string}\"},\"query-input\":{\"@type\":\"PropertyValueSpecification\",\"valueRequired\":true,\"valueName\":\"search_term_string\"}}],\"inLanguage\":\"de\"},{\"@type\":\"Person\",\"@id\":\"https:\\\/\\\/mering.info\\\/#\\\/schema\\\/person\\\/0855fe0b7a950a699d3c281503f9bdf9\",\"name\":\"Sarah Kohlberger\",\"url\":\"https:\\\/\\\/mering.info\\\/?author=12\"}]}<\/script>\n<!-- \/ Yoast SEO plugin. -->","yoast_head_json":{"title":"Weltladen Mering startet mit einem Stand am Marktplatz - Nachhaltiges Mering","robots":{"index":"index","follow":"follow","max-snippet":"max-snippet:-1","max-image-preview":"max-image-preview:large","max-video-preview":"max-video-preview:-1"},"canonical":"https:\/\/mering.info\/?p=3560","og_locale":"de_DE","og_type":"article","og_title":"Weltladen Mering startet mit einem Stand am Marktplatz - Nachhaltiges Mering","og_description":"Das Projekt ist schon lange geplant, nun kamen die Engagierten ihrem Ziel einen gro\u00dfen Schritt n\u00e4her: Noch vor den Sommerferien, am 17. Juli 2021, pr\u00e4sentierte sich der Weltladen Mering erstmals &hellip; Weltladen Mering startet mit einem Stand am Marktplatz weiterlesen &rarr;","og_url":"https:\/\/mering.info\/?p=3560","og_site_name":"Nachhaltiges Mering","article_published_time":"2021-07-25T15:38:34+00:00","article_modified_time":"2021-11-14T14:51:30+00:00","og_image":[{"width":700,"height":467,"url":"https:\/\/mering.info\/wp-content\/uploads\/2021\/07\/Markt-Weltladen-Presse-2021-07-13_700.jpg","type":"image\/jpeg"}],"author":"Sarah Kohlberger","twitter_card":"summary_large_image","twitter_misc":{"Verfasst von":"Sarah Kohlberger","Gesch\u00e4tzte Lesezeit":"1\u00a0Minute"},"schema":{"@context":"https:\/\/schema.org","@graph":[{"@type":"Article","@id":"https:\/\/mering.info\/?p=3560#article","isPartOf":{"@id":"https:\/\/mering.info\/?p=3560"},"author":{"name":"Sarah Kohlberger","@id":"https:\/\/mering.info\/#\/schema\/person\/0855fe0b7a950a699d3c281503f9bdf9"},"headline":"Weltladen Mering startet mit einem Stand am Marktplatz","datePublished":"2021-07-25T15:38:34+00:00","dateModified":"2021-11-14T14:51:30+00:00","mainEntityOfPage":{"@id":"https:\/\/mering.info\/?p=3560"},"wordCount":258,"commentCount":0,"image":{"@id":"https:\/\/mering.info\/?p=3560#primaryimage"},"thumbnailUrl":"https:\/\/mering.info\/wp-content\/uploads\/2021\/07\/Markt-Weltladen-Presse-2021-07-13_700.jpg","keywords":["Fairtrade","Information","Weltladen"],"articleSection":["fair","Information","\u00f6kologisch","regional"],"inLanguage":"de","potentialAction":[{"@type":"CommentAction","name":"Comment","target":["https:\/\/mering.info\/?p=3560#respond"]}]},{"@type":"WebPage","@id":"https:\/\/mering.info\/?p=3560","url":"https:\/\/mering.info\/?p=3560","name":"Weltladen Mering startet mit einem Stand am Marktplatz - Nachhaltiges Mering","isPartOf":{"@id":"https:\/\/mering.info\/#website"},"primaryImageOfPage":{"@id":"https:\/\/mering.info\/?p=3560#primaryimage"},"image":{"@id":"https:\/\/mering.info\/?p=3560#primaryimage"},"thumbnailUrl":"https:\/\/mering.info\/wp-content\/uploads\/2021\/07\/Markt-Weltladen-Presse-2021-07-13_700.jpg","datePublished":"2021-07-25T15:38:34+00:00","dateModified":"2021-11-14T14:51:30+00:00","author":{"@id":"https:\/\/mering.info\/#\/schema\/person\/0855fe0b7a950a699d3c281503f9bdf9"},"breadcrumb":{"@id":"https:\/\/mering.info\/?p=3560#breadcrumb"},"inLanguage":"de","potentialAction":[{"@type":"ReadAction","target":["https:\/\/mering.info\/?p=3560"]}]},{"@type":"ImageObject","inLanguage":"de","@id":"https:\/\/mering.info\/?p=3560#primaryimage","url":"https:\/\/mering.info\/wp-content\/uploads\/2021\/07\/Markt-Weltladen-Presse-2021-07-13_700.jpg","contentUrl":"https:\/\/mering.info\/wp-content\/uploads\/2021\/07\/Markt-Weltladen-Presse-2021-07-13_700.jpg","width":700,"height":467,"caption":"Weltladen Marktplatz"},{"@type":"BreadcrumbList","@id":"https:\/\/mering.info\/?p=3560#breadcrumb","itemListElement":[{"@type":"ListItem","position":1,"name":"Startseite","item":"https:\/\/mering.info\/"},{"@type":"ListItem","position":2,"name":"Weltladen Mering startet mit einem Stand am Marktplatz"}]},{"@type":"WebSite","@id":"https:\/\/mering.info\/#website","url":"https:\/\/mering.info\/","name":"Nachhaltiges Mering","description":"Zukunftsf\u00e4higes Mering","potentialAction":[{"@type":"SearchAction","target":{"@type":"EntryPoint","urlTemplate":"https:\/\/mering.info\/?s={search_term_string}"},"query-input":{"@type":"PropertyValueSpecification","valueRequired":true,"valueName":"search_term_string"}}],"inLanguage":"de"},{"@type":"Person","@id":"https:\/\/mering.info\/#\/schema\/person\/0855fe0b7a950a699d3c281503f9bdf9","name":"Sarah Kohlberger","url":"https:\/\/mering.info\/?author=12"}]}},"jetpack_publicize_connections":[],"jetpack_featured_media_url":"https:\/\/mering.info\/wp-content\/uploads\/2021\/07\/Markt-Weltladen-Presse-2021-07-13_700.jpg","jetpack_sharing_enabled":true,"_links":{"self":[{"href":"https:\/\/mering.info\/index.php?rest_route=\/wp\/v2\/posts\/3560","targetHints":{"allow":["GET"]}}],"collection":[{"href":"https:\/\/mering.info\/index.php?rest_route=\/wp\/v2\/posts"}],"about":[{"href":"https:\/\/mering.info\/index.php?rest_route=\/wp\/v2\/types\/post"}],"author":[{"embeddable":true,"href":"https:\/\/mering.info\/index.php?rest_route=\/wp\/v2\/users\/12"}],"replies":[{"embeddable":true,"href":"https:\/\/mering.info\/index.php?rest_route=%2Fwp%2Fv2%2Fcomments&post=3560"}],"version-history":[{"count":5,"href":"https:\/\/mering.info\/index.php?rest_route=\/wp\/v2\/posts\/3560\/revisions"}],"predecessor-version":[{"id":3571,"href":"https:\/\/mering.info\/index.php?rest_route=\/wp\/v2\/posts\/3560\/revisions\/3571"}],"wp:featuredmedia":[{"embeddable":true,"href":"https:\/\/mering.info\/index.php?rest_route=\/wp\/v2\/media\/3561"}],"wp:attachment":[{"href":"https:\/\/mering.info\/index.php?rest_route=%2Fwp%2Fv2%2Fmedia&parent=3560"}],"wp:term":[{"taxonomy":"category","embeddable":true,"href":"https:\/\/mering.info\/index.php?rest_route=%2Fwp%2Fv2%2Fcategories&post=3560"},{"taxonomy":"post_tag","embeddable":true,"href":"https:\/\/mering.info\/index.php?rest_route=%2Fwp%2Fv2%2Ftags&post=3560"}],"curies":[{"name":"wp","href":"https:\/\/api.w.org\/{rel}","templated":true}]}}