{"id":3606,"date":"2021-09-29T20:13:43","date_gmt":"2021-09-29T18:13:43","guid":{"rendered":"https:\/\/mering.info\/?p=3606"},"modified":"2021-09-29T20:13:43","modified_gmt":"2021-09-29T18:13:43","slug":"film-ueber-buendnis-nachhaltiges-mering-und-fairtrade-gemeinde","status":"publish","type":"post","link":"https:\/\/mering.info\/?p=3606","title":{"rendered":"Film \u00fcber \u201eB\u00fcndnis Nachhaltiges Mering\u201c und Fairtrade Gemeinde"},"content":{"rendered":"<p><span style=\"color: #333333;\">Aktion anstelle des ZukukunftsMarktes jetzt online<\/span><\/p>\n<p>Anstelle des ZukunftsMarktes, der in diesem Jahr ausfallen musste, ist jetzt der Film \u00fcber die Info des \u201eB\u00fcndnis Nachhaltiges Mering\u201c und die Ernennung von Mering als Fairtrade Gemeinde fertig. Darin wird zum einen \u00fcber die Arbeit des \u201eB\u00fcndnis Nachhaltiges Mering\u201c, das seit rund 6 Jahren aktiv ist, informiert. Zudem wird die \u00dcbergabe der Urkunde Mering als Fairtrade Gemeinde pr\u00e4sentiert. Den Aktiven aus beiden Gruppen hat die Ideenschmiede f\u00fcr diesen Film und letztendlich die Aufzeichnung im Lippgarten viel Freude bereitet. Gerne darf der Filmbeitrag auch in den sozialen Medien geteilt werden. Eingestellt ist er auf dem Youtube Kanal der Marktgemeinde Mering.<\/p>\n<p><span style=\"color: #333333;\">Wir w\u00fcnschen viel Spa\u00df und gute Unterhaltung beim Anschauen:<br \/>\n<a href=\"https:\/\/www.youtube.com\/watch?v=jZexOyX8-dw\">https:\/\/www.youtube.com\/watch?v=jZexOyX8-dw<\/a><\/span><\/p>\n","protected":false},"excerpt":{"rendered":"<p>Aktion anstelle des ZukukunftsMarktes jetzt online Anstelle des ZukunftsMarktes, der in diesem Jahr ausfallen musste, ist jetzt der Film \u00fcber die Info des \u201eB\u00fcndnis Nachhaltiges Mering\u201c und die Ernennung von &hellip; <a href=\"https:\/\/mering.info\/?p=3606\" class=\"more-link\"><span class=\"screen-reader-text\">Film \u00fcber \u201eB\u00fcndnis Nachhaltiges Mering\u201c und Fairtrade Gemeinde<\/span> weiterlesen <span class=\"meta-nav\">&rarr;<\/span><\/a><\/p>\n","protected":false},"author":8,"featured_media":3602,"comment_status":"open","ping_status":"open","sticky":false,"template":"","format":"standard","meta":{"jetpack_post_was_ever_published":false,"_jetpack_newsletter_access":"","_jetpack_dont_email_post_to_subs":false,"_jetpack_newsletter_tier_id":0,"_jetpack_memberships_contains_paywalled_content":false,"_jetpack_memberships_contains_paid_content":false,"footnotes":"","jetpack_publicize_message":"","jetpack_publicize_feature_enabled":true,"jetpack_social_post_already_shared":true,"jetpack_social_options":{"image_generator_settings":{"template":"highway","default_image_id":0,"font":"","enabled":false},"version":2}},"categories":[71,158],"tags":[10,172,62,11],"class_list":["post-3606","post","type-post","status-publish","format-standard","has-post-thumbnail","hentry","category-aktionen","category-zukunftsmarkt-2021","tag-aktionen","tag-fairtrade-gemeinde","tag-film","tag-information"],"yoast_head":"<!-- This site is optimized with the Yoast SEO plugin v27.5 - https:\/\/yoast.com\/product\/yoast-seo-wordpress\/ -->\n<title>Film \u00fcber \u201eB\u00fcndnis Nachhaltiges Mering\u201c und Fairtrade Gemeinde - Nachhaltiges Mering<\/title>\n<meta name=\"robots\" content=\"index, follow, max-snippet:-1, max-image-preview:large, max-video-preview:-1\" \/>\n<link rel=\"canonical\" href=\"https:\/\/mering.info\/?p=3606\" \/>\n<meta property=\"og:locale\" content=\"de_DE\" \/>\n<meta property=\"og:type\" content=\"article\" \/>\n<meta property=\"og:title\" content=\"Film \u00fcber \u201eB\u00fcndnis Nachhaltiges Mering\u201c und Fairtrade Gemeinde - Nachhaltiges Mering\" \/>\n<meta property=\"og:description\" content=\"Aktion anstelle des ZukukunftsMarktes jetzt online Anstelle des ZukunftsMarktes, der in diesem Jahr ausfallen musste, ist jetzt der Film \u00fcber die Info des \u201eB\u00fcndnis Nachhaltiges Mering\u201c und die Ernennung von &hellip; Film \u00fcber \u201eB\u00fcndnis Nachhaltiges Mering\u201c und Fairtrade Gemeinde weiterlesen &rarr;\" \/>\n<meta property=\"og:url\" content=\"https:\/\/mering.info\/?p=3606\" \/>\n<meta property=\"og:site_name\" content=\"Nachhaltiges Mering\" \/>\n<meta property=\"article:published_time\" content=\"2021-09-29T18:13:43+00:00\" \/>\n<meta property=\"og:image\" content=\"https:\/\/mering.info\/wp-content\/uploads\/2021\/09\/Tanz-scaled.jpg\" \/>\n\t<meta property=\"og:image:width\" content=\"2560\" \/>\n\t<meta property=\"og:image:height\" content=\"1920\" \/>\n\t<meta property=\"og:image:type\" content=\"image\/jpeg\" \/>\n<meta name=\"author\" content=\"Jan Sandvoss\" \/>\n<meta name=\"twitter:card\" content=\"summary_large_image\" \/>\n<meta name=\"twitter:label1\" content=\"Verfasst von\" \/>\n\t<meta name=\"twitter:data1\" content=\"Jan Sandvoss\" \/>\n\t<meta name=\"twitter:label2\" content=\"Gesch\u00e4tzte Lesezeit\" \/>\n\t<meta name=\"twitter:data2\" content=\"1\u00a0Minute\" \/>\n<script type=\"application\/ld+json\" class=\"yoast-schema-graph\">{\"@context\":\"https:\\\/\\\/schema.org\",\"@graph\":[{\"@type\":\"Article\",\"@id\":\"https:\\\/\\\/mering.info\\\/?p=3606#article\",\"isPartOf\":{\"@id\":\"https:\\\/\\\/mering.info\\\/?p=3606\"},\"author\":{\"name\":\"Jan Sandvoss\",\"@id\":\"https:\\\/\\\/mering.info\\\/#\\\/schema\\\/person\\\/a48208980186ac6f160775120d4bed8c\"},\"headline\":\"Film \u00fcber \u201eB\u00fcndnis Nachhaltiges Mering\u201c und Fairtrade Gemeinde\",\"datePublished\":\"2021-09-29T18:13:43+00:00\",\"mainEntityOfPage\":{\"@id\":\"https:\\\/\\\/mering.info\\\/?p=3606\"},\"wordCount\":136,\"commentCount\":0,\"image\":{\"@id\":\"https:\\\/\\\/mering.info\\\/?p=3606#primaryimage\"},\"thumbnailUrl\":\"https:\\\/\\\/mering.info\\\/wp-content\\\/uploads\\\/2021\\\/09\\\/Tanz-scaled.jpg\",\"keywords\":[\"Aktionen\",\"Fairtrade Gemeinde\",\"Film\",\"Information\"],\"articleSection\":[\"Aktionen\",\"ZukunftsMarkt 2021\"],\"inLanguage\":\"de\",\"potentialAction\":[{\"@type\":\"CommentAction\",\"name\":\"Comment\",\"target\":[\"https:\\\/\\\/mering.info\\\/?p=3606#respond\"]}]},{\"@type\":\"WebPage\",\"@id\":\"https:\\\/\\\/mering.info\\\/?p=3606\",\"url\":\"https:\\\/\\\/mering.info\\\/?p=3606\",\"name\":\"Film \u00fcber \u201eB\u00fcndnis Nachhaltiges Mering\u201c und Fairtrade Gemeinde - Nachhaltiges Mering\",\"isPartOf\":{\"@id\":\"https:\\\/\\\/mering.info\\\/#website\"},\"primaryImageOfPage\":{\"@id\":\"https:\\\/\\\/mering.info\\\/?p=3606#primaryimage\"},\"image\":{\"@id\":\"https:\\\/\\\/mering.info\\\/?p=3606#primaryimage\"},\"thumbnailUrl\":\"https:\\\/\\\/mering.info\\\/wp-content\\\/uploads\\\/2021\\\/09\\\/Tanz-scaled.jpg\",\"datePublished\":\"2021-09-29T18:13:43+00:00\",\"author\":{\"@id\":\"https:\\\/\\\/mering.info\\\/#\\\/schema\\\/person\\\/a48208980186ac6f160775120d4bed8c\"},\"breadcrumb\":{\"@id\":\"https:\\\/\\\/mering.info\\\/?p=3606#breadcrumb\"},\"inLanguage\":\"de\",\"potentialAction\":[{\"@type\":\"ReadAction\",\"target\":[\"https:\\\/\\\/mering.info\\\/?p=3606\"]}]},{\"@type\":\"ImageObject\",\"inLanguage\":\"de\",\"@id\":\"https:\\\/\\\/mering.info\\\/?p=3606#primaryimage\",\"url\":\"https:\\\/\\\/mering.info\\\/wp-content\\\/uploads\\\/2021\\\/09\\\/Tanz-scaled.jpg\",\"contentUrl\":\"https:\\\/\\\/mering.info\\\/wp-content\\\/uploads\\\/2021\\\/09\\\/Tanz-scaled.jpg\",\"width\":2560,\"height\":1920},{\"@type\":\"BreadcrumbList\",\"@id\":\"https:\\\/\\\/mering.info\\\/?p=3606#breadcrumb\",\"itemListElement\":[{\"@type\":\"ListItem\",\"position\":1,\"name\":\"Startseite\",\"item\":\"https:\\\/\\\/mering.info\\\/\"},{\"@type\":\"ListItem\",\"position\":2,\"name\":\"Film \u00fcber \u201eB\u00fcndnis Nachhaltiges Mering\u201c und Fairtrade Gemeinde\"}]},{\"@type\":\"WebSite\",\"@id\":\"https:\\\/\\\/mering.info\\\/#website\",\"url\":\"https:\\\/\\\/mering.info\\\/\",\"name\":\"Nachhaltiges Mering\",\"description\":\"Zukunftsf\u00e4higes Mering\",\"potentialAction\":[{\"@type\":\"SearchAction\",\"target\":{\"@type\":\"EntryPoint\",\"urlTemplate\":\"https:\\\/\\\/mering.info\\\/?s={search_term_string}\"},\"query-input\":{\"@type\":\"PropertyValueSpecification\",\"valueRequired\":true,\"valueName\":\"search_term_string\"}}],\"inLanguage\":\"de\"},{\"@type\":\"Person\",\"@id\":\"https:\\\/\\\/mering.info\\\/#\\\/schema\\\/person\\\/a48208980186ac6f160775120d4bed8c\",\"name\":\"Jan Sandvoss\",\"url\":\"https:\\\/\\\/mering.info\\\/?author=8\"}]}<\/script>\n<!-- \/ Yoast SEO plugin. -->","yoast_head_json":{"title":"Film \u00fcber \u201eB\u00fcndnis Nachhaltiges Mering\u201c und Fairtrade Gemeinde - Nachhaltiges Mering","robots":{"index":"index","follow":"follow","max-snippet":"max-snippet:-1","max-image-preview":"max-image-preview:large","max-video-preview":"max-video-preview:-1"},"canonical":"https:\/\/mering.info\/?p=3606","og_locale":"de_DE","og_type":"article","og_title":"Film \u00fcber \u201eB\u00fcndnis Nachhaltiges Mering\u201c und Fairtrade Gemeinde - Nachhaltiges Mering","og_description":"Aktion anstelle des ZukukunftsMarktes jetzt online Anstelle des ZukunftsMarktes, der in diesem Jahr ausfallen musste, ist jetzt der Film \u00fcber die Info des \u201eB\u00fcndnis Nachhaltiges Mering\u201c und die Ernennung von &hellip; Film \u00fcber \u201eB\u00fcndnis Nachhaltiges Mering\u201c und Fairtrade Gemeinde weiterlesen &rarr;","og_url":"https:\/\/mering.info\/?p=3606","og_site_name":"Nachhaltiges Mering","article_published_time":"2021-09-29T18:13:43+00:00","og_image":[{"width":2560,"height":1920,"url":"https:\/\/mering.info\/wp-content\/uploads\/2021\/09\/Tanz-scaled.jpg","type":"image\/jpeg"}],"author":"Jan Sandvoss","twitter_card":"summary_large_image","twitter_misc":{"Verfasst von":"Jan Sandvoss","Gesch\u00e4tzte Lesezeit":"1\u00a0Minute"},"schema":{"@context":"https:\/\/schema.org","@graph":[{"@type":"Article","@id":"https:\/\/mering.info\/?p=3606#article","isPartOf":{"@id":"https:\/\/mering.info\/?p=3606"},"author":{"name":"Jan Sandvoss","@id":"https:\/\/mering.info\/#\/schema\/person\/a48208980186ac6f160775120d4bed8c"},"headline":"Film \u00fcber \u201eB\u00fcndnis Nachhaltiges Mering\u201c und Fairtrade Gemeinde","datePublished":"2021-09-29T18:13:43+00:00","mainEntityOfPage":{"@id":"https:\/\/mering.info\/?p=3606"},"wordCount":136,"commentCount":0,"image":{"@id":"https:\/\/mering.info\/?p=3606#primaryimage"},"thumbnailUrl":"https:\/\/mering.info\/wp-content\/uploads\/2021\/09\/Tanz-scaled.jpg","keywords":["Aktionen","Fairtrade Gemeinde","Film","Information"],"articleSection":["Aktionen","ZukunftsMarkt 2021"],"inLanguage":"de","potentialAction":[{"@type":"CommentAction","name":"Comment","target":["https:\/\/mering.info\/?p=3606#respond"]}]},{"@type":"WebPage","@id":"https:\/\/mering.info\/?p=3606","url":"https:\/\/mering.info\/?p=3606","name":"Film \u00fcber \u201eB\u00fcndnis Nachhaltiges Mering\u201c und Fairtrade Gemeinde - Nachhaltiges Mering","isPartOf":{"@id":"https:\/\/mering.info\/#website"},"primaryImageOfPage":{"@id":"https:\/\/mering.info\/?p=3606#primaryimage"},"image":{"@id":"https:\/\/mering.info\/?p=3606#primaryimage"},"thumbnailUrl":"https:\/\/mering.info\/wp-content\/uploads\/2021\/09\/Tanz-scaled.jpg","datePublished":"2021-09-29T18:13:43+00:00","author":{"@id":"https:\/\/mering.info\/#\/schema\/person\/a48208980186ac6f160775120d4bed8c"},"breadcrumb":{"@id":"https:\/\/mering.info\/?p=3606#breadcrumb"},"inLanguage":"de","potentialAction":[{"@type":"ReadAction","target":["https:\/\/mering.info\/?p=3606"]}]},{"@type":"ImageObject","inLanguage":"de","@id":"https:\/\/mering.info\/?p=3606#primaryimage","url":"https:\/\/mering.info\/wp-content\/uploads\/2021\/09\/Tanz-scaled.jpg","contentUrl":"https:\/\/mering.info\/wp-content\/uploads\/2021\/09\/Tanz-scaled.jpg","width":2560,"height":1920},{"@type":"BreadcrumbList","@id":"https:\/\/mering.info\/?p=3606#breadcrumb","itemListElement":[{"@type":"ListItem","position":1,"name":"Startseite","item":"https:\/\/mering.info\/"},{"@type":"ListItem","position":2,"name":"Film \u00fcber \u201eB\u00fcndnis Nachhaltiges Mering\u201c und Fairtrade Gemeinde"}]},{"@type":"WebSite","@id":"https:\/\/mering.info\/#website","url":"https:\/\/mering.info\/","name":"Nachhaltiges Mering","description":"Zukunftsf\u00e4higes Mering","potentialAction":[{"@type":"SearchAction","target":{"@type":"EntryPoint","urlTemplate":"https:\/\/mering.info\/?s={search_term_string}"},"query-input":{"@type":"PropertyValueSpecification","valueRequired":true,"valueName":"search_term_string"}}],"inLanguage":"de"},{"@type":"Person","@id":"https:\/\/mering.info\/#\/schema\/person\/a48208980186ac6f160775120d4bed8c","name":"Jan Sandvoss","url":"https:\/\/mering.info\/?author=8"}]}},"jetpack_publicize_connections":[],"jetpack_featured_media_url":"https:\/\/mering.info\/wp-content\/uploads\/2021\/09\/Tanz-scaled.jpg","jetpack_sharing_enabled":true,"_links":{"self":[{"href":"https:\/\/mering.info\/index.php?rest_route=\/wp\/v2\/posts\/3606","targetHints":{"allow":["GET"]}}],"collection":[{"href":"https:\/\/mering.info\/index.php?rest_route=\/wp\/v2\/posts"}],"about":[{"href":"https:\/\/mering.info\/index.php?rest_route=\/wp\/v2\/types\/post"}],"author":[{"embeddable":true,"href":"https:\/\/mering.info\/index.php?rest_route=\/wp\/v2\/users\/8"}],"replies":[{"embeddable":true,"href":"https:\/\/mering.info\/index.php?rest_route=%2Fwp%2Fv2%2Fcomments&post=3606"}],"version-history":[{"count":3,"href":"https:\/\/mering.info\/index.php?rest_route=\/wp\/v2\/posts\/3606\/revisions"}],"predecessor-version":[{"id":3610,"href":"https:\/\/mering.info\/index.php?rest_route=\/wp\/v2\/posts\/3606\/revisions\/3610"}],"wp:featuredmedia":[{"embeddable":true,"href":"https:\/\/mering.info\/index.php?rest_route=\/wp\/v2\/media\/3602"}],"wp:attachment":[{"href":"https:\/\/mering.info\/index.php?rest_route=%2Fwp%2Fv2%2Fmedia&parent=3606"}],"wp:term":[{"taxonomy":"category","embeddable":true,"href":"https:\/\/mering.info\/index.php?rest_route=%2Fwp%2Fv2%2Fcategories&post=3606"},{"taxonomy":"post_tag","embeddable":true,"href":"https:\/\/mering.info\/index.php?rest_route=%2Fwp%2Fv2%2Ftags&post=3606"}],"curies":[{"name":"wp","href":"https:\/\/api.w.org\/{rel}","templated":true}]}}