{"id":3613,"date":"2021-10-03T20:18:25","date_gmt":"2021-10-03T18:18:25","guid":{"rendered":"https:\/\/mering.info\/?p=3613"},"modified":"2022-05-07T22:19:48","modified_gmt":"2022-05-07T20:19:48","slug":"voller-freude-auszeichnung-mit-dem-umweltpreis","status":"publish","type":"post","link":"https:\/\/mering.info\/?p=3613","title":{"rendered":"B\u00fcndnis feiert Auszeichnung mit dem Umweltpreis"},"content":{"rendered":"<p><span style=\"color: #333333;\">Wir vom \u201eB\u00fcndnis Nachhaltiges Mering\u201c freuen uns \u00fcber die Auszeichnung mit dem Umweltpreis des Landkreises Aichach-Friedberg 2020. Ein super Team aus rund 20 Personen tr\u00e4gt zu den Aktivit\u00e4ten, kreativen Ideen und einer tollen Gemeinschaft bei, Mering und die Region nachhaltiger zu gestalten. Ein besonderer Dank gilt auch dem Mitbegr\u00fcnder Rudolf Kaiserswerth! Seit 2015 mit der Vorbereitung zum ersten ZukunftsMarkt existiert unser B\u00fcndnis. Landrat Dr. Klaus Metzger w\u00fcrdigt in seiner Ansprache beispielsweise unser Engagement in vielf\u00e4ltiger Weise hin zu einem schonenden Umgang mit den nat\u00fcrlichen Ressourcen und das Beitragen der Ver\u00e4nderung zur Bewusstseinsbildung f\u00fcr die Belange des Umweltschutzes in der Bev\u00f6lkerung. Unter anderem wurde auch unsere gute Vernetzung erw\u00e4hnt.<br \/>\nAuf eine gute ZUKUNFT!<br \/>\nAusgezeichnet mit dem Umweltpreis wurden auch Elisabeth und Hurbert Birkmeir aus der Gemeinde P\u00f6ttmes f\u00fcr ihre praktischen Arbeiten im Bereich der Biodiversit\u00e4t.<\/span><\/p>\n<p><em>Foto: Andrea Kaufmann-Fichtner<br \/>\nBild (v.l.n.r.): die Sprecher des B\u00fcndnis J\u00f6rg H\u00e4berle und Michael Dudella mit den Aktiven Reinhold Reibl, Petra von Thienen (auch Umweltbeauftragte der Marktgemeinde Mering), Sarah Kohlberger, dahinter Landrat Dr. Klaus Metzger, Preisstifter Heinz Arnold, B\u00fcrgermeister Florian A. Mayer<\/em><\/p>\n","protected":false},"excerpt":{"rendered":"<p>Wir vom \u201eB\u00fcndnis Nachhaltiges Mering\u201c freuen uns \u00fcber die Auszeichnung mit dem Umweltpreis des Landkreises Aichach-Friedberg 2020. Ein super Team aus rund 20 Personen tr\u00e4gt zu den Aktivit\u00e4ten, kreativen Ideen &hellip; <a href=\"https:\/\/mering.info\/?p=3613\" class=\"more-link\"><span class=\"screen-reader-text\">B\u00fcndnis feiert Auszeichnung mit dem Umweltpreis<\/span> weiterlesen <span class=\"meta-nav\">&rarr;<\/span><\/a><\/p>\n","protected":false},"author":8,"featured_media":3617,"comment_status":"open","ping_status":"open","sticky":true,"template":"","format":"standard","meta":{"jetpack_post_was_ever_published":false,"_jetpack_newsletter_access":"","_jetpack_dont_email_post_to_subs":false,"_jetpack_newsletter_tier_id":0,"_jetpack_memberships_contains_paywalled_content":false,"_jetpack_memberships_contains_paid_content":false,"footnotes":"","jetpack_publicize_message":"","jetpack_publicize_feature_enabled":true,"jetpack_social_post_already_shared":true,"jetpack_social_options":{"image_generator_settings":{"template":"highway","default_image_id":0,"font":"","enabled":false},"version":2}},"categories":[3],"tags":[10,6,11,7],"class_list":["post-3613","post","type-post","status-publish","format-standard","has-post-thumbnail","hentry","category-allgemeines","tag-aktionen","tag-buendnis","tag-information","tag-veranstaltung"],"yoast_head":"<!-- This site is optimized with the Yoast SEO plugin v27.5 - https:\/\/yoast.com\/product\/yoast-seo-wordpress\/ -->\n<title>B\u00fcndnis feiert Auszeichnung mit dem Umweltpreis - Nachhaltiges Mering<\/title>\n<meta name=\"robots\" content=\"index, follow, max-snippet:-1, max-image-preview:large, max-video-preview:-1\" \/>\n<link rel=\"canonical\" href=\"https:\/\/mering.info\/?p=3613\" \/>\n<meta property=\"og:locale\" content=\"de_DE\" \/>\n<meta property=\"og:type\" content=\"article\" \/>\n<meta property=\"og:title\" content=\"B\u00fcndnis feiert Auszeichnung mit dem Umweltpreis - Nachhaltiges Mering\" \/>\n<meta property=\"og:description\" content=\"Wir vom \u201eB\u00fcndnis Nachhaltiges Mering\u201c freuen uns \u00fcber die Auszeichnung mit dem Umweltpreis des Landkreises Aichach-Friedberg 2020. Ein super Team aus rund 20 Personen tr\u00e4gt zu den Aktivit\u00e4ten, kreativen Ideen &hellip; B\u00fcndnis feiert Auszeichnung mit dem Umweltpreis weiterlesen &rarr;\" \/>\n<meta property=\"og:url\" content=\"https:\/\/mering.info\/?p=3613\" \/>\n<meta property=\"og:site_name\" content=\"Nachhaltiges Mering\" \/>\n<meta property=\"article:published_time\" content=\"2021-10-03T18:18:25+00:00\" \/>\n<meta property=\"article:modified_time\" content=\"2022-05-07T20:19:48+00:00\" \/>\n<meta property=\"og:image\" content=\"https:\/\/mering.info\/wp-content\/uploads\/2021\/10\/Umweltpreis-2-scaled.jpg\" \/>\n\t<meta property=\"og:image:width\" content=\"2560\" \/>\n\t<meta property=\"og:image:height\" content=\"1920\" \/>\n\t<meta property=\"og:image:type\" content=\"image\/jpeg\" \/>\n<meta name=\"author\" content=\"Jan Sandvoss\" \/>\n<meta name=\"twitter:card\" content=\"summary_large_image\" \/>\n<meta name=\"twitter:label1\" content=\"Verfasst von\" \/>\n\t<meta name=\"twitter:data1\" content=\"Jan Sandvoss\" \/>\n\t<meta name=\"twitter:label2\" content=\"Gesch\u00e4tzte Lesezeit\" \/>\n\t<meta name=\"twitter:data2\" content=\"1\u00a0Minute\" \/>\n<script type=\"application\/ld+json\" class=\"yoast-schema-graph\">{\"@context\":\"https:\\\/\\\/schema.org\",\"@graph\":[{\"@type\":\"Article\",\"@id\":\"https:\\\/\\\/mering.info\\\/?p=3613#article\",\"isPartOf\":{\"@id\":\"https:\\\/\\\/mering.info\\\/?p=3613\"},\"author\":{\"name\":\"Jan Sandvoss\",\"@id\":\"https:\\\/\\\/mering.info\\\/#\\\/schema\\\/person\\\/a48208980186ac6f160775120d4bed8c\"},\"headline\":\"B\u00fcndnis feiert Auszeichnung mit dem Umweltpreis\",\"datePublished\":\"2021-10-03T18:18:25+00:00\",\"dateModified\":\"2022-05-07T20:19:48+00:00\",\"mainEntityOfPage\":{\"@id\":\"https:\\\/\\\/mering.info\\\/?p=3613\"},\"wordCount\":201,\"commentCount\":0,\"image\":{\"@id\":\"https:\\\/\\\/mering.info\\\/?p=3613#primaryimage\"},\"thumbnailUrl\":\"https:\\\/\\\/mering.info\\\/wp-content\\\/uploads\\\/2021\\\/10\\\/Umweltpreis-2-scaled.jpg\",\"keywords\":[\"Aktionen\",\"B\u00fcndnis\",\"Information\",\"Veranstaltung\"],\"articleSection\":[\"Allgemeines\"],\"inLanguage\":\"de\",\"potentialAction\":[{\"@type\":\"CommentAction\",\"name\":\"Comment\",\"target\":[\"https:\\\/\\\/mering.info\\\/?p=3613#respond\"]}]},{\"@type\":\"WebPage\",\"@id\":\"https:\\\/\\\/mering.info\\\/?p=3613\",\"url\":\"https:\\\/\\\/mering.info\\\/?p=3613\",\"name\":\"B\u00fcndnis feiert Auszeichnung mit dem Umweltpreis - Nachhaltiges Mering\",\"isPartOf\":{\"@id\":\"https:\\\/\\\/mering.info\\\/#website\"},\"primaryImageOfPage\":{\"@id\":\"https:\\\/\\\/mering.info\\\/?p=3613#primaryimage\"},\"image\":{\"@id\":\"https:\\\/\\\/mering.info\\\/?p=3613#primaryimage\"},\"thumbnailUrl\":\"https:\\\/\\\/mering.info\\\/wp-content\\\/uploads\\\/2021\\\/10\\\/Umweltpreis-2-scaled.jpg\",\"datePublished\":\"2021-10-03T18:18:25+00:00\",\"dateModified\":\"2022-05-07T20:19:48+00:00\",\"author\":{\"@id\":\"https:\\\/\\\/mering.info\\\/#\\\/schema\\\/person\\\/a48208980186ac6f160775120d4bed8c\"},\"breadcrumb\":{\"@id\":\"https:\\\/\\\/mering.info\\\/?p=3613#breadcrumb\"},\"inLanguage\":\"de\",\"potentialAction\":[{\"@type\":\"ReadAction\",\"target\":[\"https:\\\/\\\/mering.info\\\/?p=3613\"]}]},{\"@type\":\"ImageObject\",\"inLanguage\":\"de\",\"@id\":\"https:\\\/\\\/mering.info\\\/?p=3613#primaryimage\",\"url\":\"https:\\\/\\\/mering.info\\\/wp-content\\\/uploads\\\/2021\\\/10\\\/Umweltpreis-2-scaled.jpg\",\"contentUrl\":\"https:\\\/\\\/mering.info\\\/wp-content\\\/uploads\\\/2021\\\/10\\\/Umweltpreis-2-scaled.jpg\",\"width\":2560,\"height\":1920},{\"@type\":\"BreadcrumbList\",\"@id\":\"https:\\\/\\\/mering.info\\\/?p=3613#breadcrumb\",\"itemListElement\":[{\"@type\":\"ListItem\",\"position\":1,\"name\":\"Startseite\",\"item\":\"https:\\\/\\\/mering.info\\\/\"},{\"@type\":\"ListItem\",\"position\":2,\"name\":\"B\u00fcndnis feiert Auszeichnung mit dem Umweltpreis\"}]},{\"@type\":\"WebSite\",\"@id\":\"https:\\\/\\\/mering.info\\\/#website\",\"url\":\"https:\\\/\\\/mering.info\\\/\",\"name\":\"Nachhaltiges Mering\",\"description\":\"Zukunftsf\u00e4higes Mering\",\"potentialAction\":[{\"@type\":\"SearchAction\",\"target\":{\"@type\":\"EntryPoint\",\"urlTemplate\":\"https:\\\/\\\/mering.info\\\/?s={search_term_string}\"},\"query-input\":{\"@type\":\"PropertyValueSpecification\",\"valueRequired\":true,\"valueName\":\"search_term_string\"}}],\"inLanguage\":\"de\"},{\"@type\":\"Person\",\"@id\":\"https:\\\/\\\/mering.info\\\/#\\\/schema\\\/person\\\/a48208980186ac6f160775120d4bed8c\",\"name\":\"Jan Sandvoss\",\"url\":\"https:\\\/\\\/mering.info\\\/?author=8\"}]}<\/script>\n<!-- \/ Yoast SEO plugin. -->","yoast_head_json":{"title":"B\u00fcndnis feiert Auszeichnung mit dem Umweltpreis - Nachhaltiges Mering","robots":{"index":"index","follow":"follow","max-snippet":"max-snippet:-1","max-image-preview":"max-image-preview:large","max-video-preview":"max-video-preview:-1"},"canonical":"https:\/\/mering.info\/?p=3613","og_locale":"de_DE","og_type":"article","og_title":"B\u00fcndnis feiert Auszeichnung mit dem Umweltpreis - Nachhaltiges Mering","og_description":"Wir vom \u201eB\u00fcndnis Nachhaltiges Mering\u201c freuen uns \u00fcber die Auszeichnung mit dem Umweltpreis des Landkreises Aichach-Friedberg 2020. Ein super Team aus rund 20 Personen tr\u00e4gt zu den Aktivit\u00e4ten, kreativen Ideen &hellip; B\u00fcndnis feiert Auszeichnung mit dem Umweltpreis weiterlesen &rarr;","og_url":"https:\/\/mering.info\/?p=3613","og_site_name":"Nachhaltiges Mering","article_published_time":"2021-10-03T18:18:25+00:00","article_modified_time":"2022-05-07T20:19:48+00:00","og_image":[{"width":2560,"height":1920,"url":"https:\/\/mering.info\/wp-content\/uploads\/2021\/10\/Umweltpreis-2-scaled.jpg","type":"image\/jpeg"}],"author":"Jan Sandvoss","twitter_card":"summary_large_image","twitter_misc":{"Verfasst von":"Jan Sandvoss","Gesch\u00e4tzte Lesezeit":"1\u00a0Minute"},"schema":{"@context":"https:\/\/schema.org","@graph":[{"@type":"Article","@id":"https:\/\/mering.info\/?p=3613#article","isPartOf":{"@id":"https:\/\/mering.info\/?p=3613"},"author":{"name":"Jan Sandvoss","@id":"https:\/\/mering.info\/#\/schema\/person\/a48208980186ac6f160775120d4bed8c"},"headline":"B\u00fcndnis feiert Auszeichnung mit dem Umweltpreis","datePublished":"2021-10-03T18:18:25+00:00","dateModified":"2022-05-07T20:19:48+00:00","mainEntityOfPage":{"@id":"https:\/\/mering.info\/?p=3613"},"wordCount":201,"commentCount":0,"image":{"@id":"https:\/\/mering.info\/?p=3613#primaryimage"},"thumbnailUrl":"https:\/\/mering.info\/wp-content\/uploads\/2021\/10\/Umweltpreis-2-scaled.jpg","keywords":["Aktionen","B\u00fcndnis","Information","Veranstaltung"],"articleSection":["Allgemeines"],"inLanguage":"de","potentialAction":[{"@type":"CommentAction","name":"Comment","target":["https:\/\/mering.info\/?p=3613#respond"]}]},{"@type":"WebPage","@id":"https:\/\/mering.info\/?p=3613","url":"https:\/\/mering.info\/?p=3613","name":"B\u00fcndnis feiert Auszeichnung mit dem Umweltpreis - Nachhaltiges Mering","isPartOf":{"@id":"https:\/\/mering.info\/#website"},"primaryImageOfPage":{"@id":"https:\/\/mering.info\/?p=3613#primaryimage"},"image":{"@id":"https:\/\/mering.info\/?p=3613#primaryimage"},"thumbnailUrl":"https:\/\/mering.info\/wp-content\/uploads\/2021\/10\/Umweltpreis-2-scaled.jpg","datePublished":"2021-10-03T18:18:25+00:00","dateModified":"2022-05-07T20:19:48+00:00","author":{"@id":"https:\/\/mering.info\/#\/schema\/person\/a48208980186ac6f160775120d4bed8c"},"breadcrumb":{"@id":"https:\/\/mering.info\/?p=3613#breadcrumb"},"inLanguage":"de","potentialAction":[{"@type":"ReadAction","target":["https:\/\/mering.info\/?p=3613"]}]},{"@type":"ImageObject","inLanguage":"de","@id":"https:\/\/mering.info\/?p=3613#primaryimage","url":"https:\/\/mering.info\/wp-content\/uploads\/2021\/10\/Umweltpreis-2-scaled.jpg","contentUrl":"https:\/\/mering.info\/wp-content\/uploads\/2021\/10\/Umweltpreis-2-scaled.jpg","width":2560,"height":1920},{"@type":"BreadcrumbList","@id":"https:\/\/mering.info\/?p=3613#breadcrumb","itemListElement":[{"@type":"ListItem","position":1,"name":"Startseite","item":"https:\/\/mering.info\/"},{"@type":"ListItem","position":2,"name":"B\u00fcndnis feiert Auszeichnung mit dem Umweltpreis"}]},{"@type":"WebSite","@id":"https:\/\/mering.info\/#website","url":"https:\/\/mering.info\/","name":"Nachhaltiges Mering","description":"Zukunftsf\u00e4higes Mering","potentialAction":[{"@type":"SearchAction","target":{"@type":"EntryPoint","urlTemplate":"https:\/\/mering.info\/?s={search_term_string}"},"query-input":{"@type":"PropertyValueSpecification","valueRequired":true,"valueName":"search_term_string"}}],"inLanguage":"de"},{"@type":"Person","@id":"https:\/\/mering.info\/#\/schema\/person\/a48208980186ac6f160775120d4bed8c","name":"Jan Sandvoss","url":"https:\/\/mering.info\/?author=8"}]}},"jetpack_publicize_connections":[],"jetpack_featured_media_url":"https:\/\/mering.info\/wp-content\/uploads\/2021\/10\/Umweltpreis-2-scaled.jpg","jetpack_sharing_enabled":true,"_links":{"self":[{"href":"https:\/\/mering.info\/index.php?rest_route=\/wp\/v2\/posts\/3613","targetHints":{"allow":["GET"]}}],"collection":[{"href":"https:\/\/mering.info\/index.php?rest_route=\/wp\/v2\/posts"}],"about":[{"href":"https:\/\/mering.info\/index.php?rest_route=\/wp\/v2\/types\/post"}],"author":[{"embeddable":true,"href":"https:\/\/mering.info\/index.php?rest_route=\/wp\/v2\/users\/8"}],"replies":[{"embeddable":true,"href":"https:\/\/mering.info\/index.php?rest_route=%2Fwp%2Fv2%2Fcomments&post=3613"}],"version-history":[{"count":7,"href":"https:\/\/mering.info\/index.php?rest_route=\/wp\/v2\/posts\/3613\/revisions"}],"predecessor-version":[{"id":4699,"href":"https:\/\/mering.info\/index.php?rest_route=\/wp\/v2\/posts\/3613\/revisions\/4699"}],"wp:featuredmedia":[{"embeddable":true,"href":"https:\/\/mering.info\/index.php?rest_route=\/wp\/v2\/media\/3617"}],"wp:attachment":[{"href":"https:\/\/mering.info\/index.php?rest_route=%2Fwp%2Fv2%2Fmedia&parent=3613"}],"wp:term":[{"taxonomy":"category","embeddable":true,"href":"https:\/\/mering.info\/index.php?rest_route=%2Fwp%2Fv2%2Fcategories&post=3613"},{"taxonomy":"post_tag","embeddable":true,"href":"https:\/\/mering.info\/index.php?rest_route=%2Fwp%2Fv2%2Ftags&post=3613"}],"curies":[{"name":"wp","href":"https:\/\/api.w.org\/{rel}","templated":true}]}}