{"id":4765,"date":"2022-05-30T21:58:53","date_gmt":"2022-05-30T19:58:53","guid":{"rendered":"https:\/\/mering.info\/?p=4765"},"modified":"2022-06-06T22:01:37","modified_gmt":"2022-06-06T20:01:37","slug":"motivation-getankt-buendnis-beim-forum-zukunft-vertreten","status":"publish","type":"post","link":"https:\/\/mering.info\/?p=4765","title":{"rendered":"Motivation getankt: B\u00fcndnis beim Forum Zukunft vertreten"},"content":{"rendered":"<p>Auch in diesem Jahr war das &#8222;B\u00fcndnis Nachhaltiges Mering&#8220; beim Forum Zukunft auf Schloss Blumenthal vertreten. Zwar spielte das Wetter nicht so mit wie erhofft, und die Besucherzahl blieb \u00fcbersichtlich. Der Austausch, die Vortr\u00e4ge und Diskussionen waren allerdings trotzdem inspirierend und motivierten uns, weitere Schritte Richtung Nachhaltigkeit zu gehen.<\/p>\n<p>Am Samstag, 7. Mai, fand von 10 bis 17 Uhr ein Workshop unter dem Motto &#8222;Nachhaltige Entwicklung durch starke B\u00fcrgerbeteiligung&#8220; statt. Gleich drei Aktive unseres B\u00fcndnisses nahmen teil. Wir durften vier spannenden Impulsvortr\u00e4gen lauschen, uns an verschiedenen Thementischen \u00fcber den Status Quo austauschen und uns gemeinsam m\u00f6gliche L\u00f6sungsans\u00e4tze und Ma\u00dfnahmen \u00fcberlegen. Alles in allem war es ein interessanter Tag, an dem auch einige Ideen entstanden, die hoffentlich bald umgesetzt werden k\u00f6nnen.<\/p>\n<p>Am Sonntag, 8. Mai, waren wir mit einem Stand vertreten. Neben unseren Produkten und Flyern pr\u00e4sentierten wir &#8211; passend zum aktuellen Schwerpunkt &#8222;Plastikfrei leben&#8220; &#8211; viele plastikfreie Produkte aus unseren Haushalten. Den ganzen Tag \u00fcber wurden interessante Vortr\u00e4ge zu verschiedenen Themen gehalten, <span id=\"detailartikel\">zum Beispiel \u00fcber Energiesparen, nachhaltige Mobilit\u00e4t, fairer Handel und unsere Ern\u00e4hrung. Den Tag rundete ein Friedensgebet und ein Friedens-Benefizkonzert f\u00fcr die Ukraine ab. <\/span><\/p>\n<p>Die <a href=\"https:\/\/www.forum-z.de\/vortraege-videomaterial\/\" target=\"_blank\" rel=\"noopener\">Impulsvortr\u00e4ge des Workshop-Tages stehen auf der Website des Forum Zukunfts<\/a> zur Ansicht zur Verf\u00fcgung. Au\u00dferdem berichtete die <a href=\"https:\/\/www.aichacher-zeitung.de\/vorort\/aichach\/forum-zukunft-was-kann-jeder-einzelne-gegen-den-klimawandel-tun;art18,173418\" target=\"_blank\" rel=\"noopener\">Aichacher Zeitung von dem Wochenende auf Schloss Blumenthal<\/a>.<\/p>\n<p><em>Bild: Valerie Klatte-Asselmeyer<\/em><br \/>\n<em>Zu sehen: Sarah Kohlberger<\/em><\/p>\n","protected":false},"excerpt":{"rendered":"<p>Auch in diesem Jahr war das &#8222;B\u00fcndnis Nachhaltiges Mering&#8220; beim Forum Zukunft auf Schloss Blumenthal vertreten. Zwar spielte das Wetter nicht so mit wie erhofft, und die Besucherzahl blieb \u00fcbersichtlich. &hellip; <a href=\"https:\/\/mering.info\/?p=4765\" class=\"more-link\"><span class=\"screen-reader-text\">Motivation getankt: B\u00fcndnis beim Forum Zukunft vertreten<\/span> weiterlesen <span class=\"meta-nav\">&rarr;<\/span><\/a><\/p>\n","protected":false},"author":12,"featured_media":4768,"comment_status":"open","ping_status":"open","sticky":false,"template":"","format":"standard","meta":{"jetpack_post_was_ever_published":false,"_jetpack_newsletter_access":"","_jetpack_dont_email_post_to_subs":false,"_jetpack_newsletter_tier_id":0,"_jetpack_memberships_contains_paywalled_content":false,"_jetpack_memberships_contains_paid_content":false,"footnotes":"","jetpack_publicize_message":"","jetpack_publicize_feature_enabled":true,"jetpack_social_post_already_shared":true,"jetpack_social_options":{"image_generator_settings":{"template":"highway","default_image_id":0,"font":"","enabled":false},"version":2}},"categories":[77],"tags":[190],"class_list":["post-4765","post","type-post","status-publish","format-standard","has-post-thumbnail","hentry","category-veranstaltung-2","tag-forum-zukunft"],"yoast_head":"<!-- This site is optimized with the Yoast SEO plugin v27.5 - https:\/\/yoast.com\/product\/yoast-seo-wordpress\/ -->\n<title>Motivation getankt: B\u00fcndnis beim Forum Zukunft vertreten - Nachhaltiges Mering<\/title>\n<meta name=\"description\" content=\"Das &quot;B\u00fcndnis Nachhaltiges Mering&quot; war beim Forum Zukunft auf Schloss Blumenthal vertreten. Der Austausch war inspirierend und motivierte uns.\" \/>\n<meta name=\"robots\" content=\"index, follow, max-snippet:-1, max-image-preview:large, max-video-preview:-1\" \/>\n<link rel=\"canonical\" href=\"https:\/\/mering.info\/?p=4765\" \/>\n<meta property=\"og:locale\" content=\"de_DE\" \/>\n<meta property=\"og:type\" content=\"article\" \/>\n<meta property=\"og:title\" content=\"Motivation getankt: B\u00fcndnis beim Forum Zukunft vertreten - Nachhaltiges Mering\" \/>\n<meta property=\"og:description\" content=\"Das &quot;B\u00fcndnis Nachhaltiges Mering&quot; war beim Forum Zukunft auf Schloss Blumenthal vertreten. Der Austausch war inspirierend und motivierte uns.\" \/>\n<meta property=\"og:url\" content=\"https:\/\/mering.info\/?p=4765\" \/>\n<meta property=\"og:site_name\" content=\"Nachhaltiges Mering\" \/>\n<meta property=\"article:published_time\" content=\"2022-05-30T19:58:53+00:00\" \/>\n<meta property=\"article:modified_time\" content=\"2022-06-06T20:01:37+00:00\" \/>\n<meta property=\"og:image\" content=\"https:\/\/mering.info\/wp-content\/uploads\/2022\/05\/Stand-Schloss-Blumenthal_klein_tiny.jpg\" \/>\n\t<meta property=\"og:image:width\" content=\"700\" \/>\n\t<meta property=\"og:image:height\" content=\"522\" \/>\n\t<meta property=\"og:image:type\" content=\"image\/jpeg\" \/>\n<meta name=\"author\" content=\"Sarah Kohlberger\" \/>\n<meta name=\"twitter:card\" content=\"summary_large_image\" \/>\n<meta name=\"twitter:label1\" content=\"Verfasst von\" \/>\n\t<meta name=\"twitter:data1\" content=\"Sarah Kohlberger\" \/>\n\t<meta name=\"twitter:label2\" content=\"Gesch\u00e4tzte Lesezeit\" \/>\n\t<meta name=\"twitter:data2\" content=\"2\u00a0Minuten\" \/>\n<script type=\"application\/ld+json\" class=\"yoast-schema-graph\">{\"@context\":\"https:\\\/\\\/schema.org\",\"@graph\":[{\"@type\":\"Article\",\"@id\":\"https:\\\/\\\/mering.info\\\/?p=4765#article\",\"isPartOf\":{\"@id\":\"https:\\\/\\\/mering.info\\\/?p=4765\"},\"author\":{\"name\":\"Sarah Kohlberger\",\"@id\":\"https:\\\/\\\/mering.info\\\/#\\\/schema\\\/person\\\/0855fe0b7a950a699d3c281503f9bdf9\"},\"headline\":\"Motivation getankt: B\u00fcndnis beim Forum Zukunft vertreten\",\"datePublished\":\"2022-05-30T19:58:53+00:00\",\"dateModified\":\"2022-06-06T20:01:37+00:00\",\"mainEntityOfPage\":{\"@id\":\"https:\\\/\\\/mering.info\\\/?p=4765\"},\"wordCount\":240,\"commentCount\":0,\"image\":{\"@id\":\"https:\\\/\\\/mering.info\\\/?p=4765#primaryimage\"},\"thumbnailUrl\":\"https:\\\/\\\/mering.info\\\/wp-content\\\/uploads\\\/2022\\\/05\\\/Stand-Schloss-Blumenthal_klein_tiny.jpg\",\"keywords\":[\"Forum Zukunft\"],\"articleSection\":[\"Veranstaltung\"],\"inLanguage\":\"de\",\"potentialAction\":[{\"@type\":\"CommentAction\",\"name\":\"Comment\",\"target\":[\"https:\\\/\\\/mering.info\\\/?p=4765#respond\"]}]},{\"@type\":\"WebPage\",\"@id\":\"https:\\\/\\\/mering.info\\\/?p=4765\",\"url\":\"https:\\\/\\\/mering.info\\\/?p=4765\",\"name\":\"Motivation getankt: B\u00fcndnis beim Forum Zukunft vertreten - Nachhaltiges Mering\",\"isPartOf\":{\"@id\":\"https:\\\/\\\/mering.info\\\/#website\"},\"primaryImageOfPage\":{\"@id\":\"https:\\\/\\\/mering.info\\\/?p=4765#primaryimage\"},\"image\":{\"@id\":\"https:\\\/\\\/mering.info\\\/?p=4765#primaryimage\"},\"thumbnailUrl\":\"https:\\\/\\\/mering.info\\\/wp-content\\\/uploads\\\/2022\\\/05\\\/Stand-Schloss-Blumenthal_klein_tiny.jpg\",\"datePublished\":\"2022-05-30T19:58:53+00:00\",\"dateModified\":\"2022-06-06T20:01:37+00:00\",\"author\":{\"@id\":\"https:\\\/\\\/mering.info\\\/#\\\/schema\\\/person\\\/0855fe0b7a950a699d3c281503f9bdf9\"},\"description\":\"Das \\\"B\u00fcndnis Nachhaltiges Mering\\\" war beim Forum Zukunft auf Schloss Blumenthal vertreten. Der Austausch war inspirierend und motivierte uns.\",\"breadcrumb\":{\"@id\":\"https:\\\/\\\/mering.info\\\/?p=4765#breadcrumb\"},\"inLanguage\":\"de\",\"potentialAction\":[{\"@type\":\"ReadAction\",\"target\":[\"https:\\\/\\\/mering.info\\\/?p=4765\"]}]},{\"@type\":\"ImageObject\",\"inLanguage\":\"de\",\"@id\":\"https:\\\/\\\/mering.info\\\/?p=4765#primaryimage\",\"url\":\"https:\\\/\\\/mering.info\\\/wp-content\\\/uploads\\\/2022\\\/05\\\/Stand-Schloss-Blumenthal_klein_tiny.jpg\",\"contentUrl\":\"https:\\\/\\\/mering.info\\\/wp-content\\\/uploads\\\/2022\\\/05\\\/Stand-Schloss-Blumenthal_klein_tiny.jpg\",\"width\":700,\"height\":522,\"caption\":\"Stand Schloss Blumenthal\"},{\"@type\":\"BreadcrumbList\",\"@id\":\"https:\\\/\\\/mering.info\\\/?p=4765#breadcrumb\",\"itemListElement\":[{\"@type\":\"ListItem\",\"position\":1,\"name\":\"Startseite\",\"item\":\"https:\\\/\\\/mering.info\\\/\"},{\"@type\":\"ListItem\",\"position\":2,\"name\":\"Motivation getankt: B\u00fcndnis beim Forum Zukunft vertreten\"}]},{\"@type\":\"WebSite\",\"@id\":\"https:\\\/\\\/mering.info\\\/#website\",\"url\":\"https:\\\/\\\/mering.info\\\/\",\"name\":\"Nachhaltiges Mering\",\"description\":\"Zukunftsf\u00e4higes Mering\",\"potentialAction\":[{\"@type\":\"SearchAction\",\"target\":{\"@type\":\"EntryPoint\",\"urlTemplate\":\"https:\\\/\\\/mering.info\\\/?s={search_term_string}\"},\"query-input\":{\"@type\":\"PropertyValueSpecification\",\"valueRequired\":true,\"valueName\":\"search_term_string\"}}],\"inLanguage\":\"de\"},{\"@type\":\"Person\",\"@id\":\"https:\\\/\\\/mering.info\\\/#\\\/schema\\\/person\\\/0855fe0b7a950a699d3c281503f9bdf9\",\"name\":\"Sarah Kohlberger\",\"url\":\"https:\\\/\\\/mering.info\\\/?author=12\"}]}<\/script>\n<!-- \/ Yoast SEO plugin. -->","yoast_head_json":{"title":"Motivation getankt: B\u00fcndnis beim Forum Zukunft vertreten - Nachhaltiges Mering","description":"Das \"B\u00fcndnis Nachhaltiges Mering\" war beim Forum Zukunft auf Schloss Blumenthal vertreten. Der Austausch war inspirierend und motivierte uns.","robots":{"index":"index","follow":"follow","max-snippet":"max-snippet:-1","max-image-preview":"max-image-preview:large","max-video-preview":"max-video-preview:-1"},"canonical":"https:\/\/mering.info\/?p=4765","og_locale":"de_DE","og_type":"article","og_title":"Motivation getankt: B\u00fcndnis beim Forum Zukunft vertreten - Nachhaltiges Mering","og_description":"Das \"B\u00fcndnis Nachhaltiges Mering\" war beim Forum Zukunft auf Schloss Blumenthal vertreten. Der Austausch war inspirierend und motivierte uns.","og_url":"https:\/\/mering.info\/?p=4765","og_site_name":"Nachhaltiges Mering","article_published_time":"2022-05-30T19:58:53+00:00","article_modified_time":"2022-06-06T20:01:37+00:00","og_image":[{"width":700,"height":522,"url":"https:\/\/mering.info\/wp-content\/uploads\/2022\/05\/Stand-Schloss-Blumenthal_klein_tiny.jpg","type":"image\/jpeg"}],"author":"Sarah Kohlberger","twitter_card":"summary_large_image","twitter_misc":{"Verfasst von":"Sarah Kohlberger","Gesch\u00e4tzte Lesezeit":"2\u00a0Minuten"},"schema":{"@context":"https:\/\/schema.org","@graph":[{"@type":"Article","@id":"https:\/\/mering.info\/?p=4765#article","isPartOf":{"@id":"https:\/\/mering.info\/?p=4765"},"author":{"name":"Sarah Kohlberger","@id":"https:\/\/mering.info\/#\/schema\/person\/0855fe0b7a950a699d3c281503f9bdf9"},"headline":"Motivation getankt: B\u00fcndnis beim Forum Zukunft vertreten","datePublished":"2022-05-30T19:58:53+00:00","dateModified":"2022-06-06T20:01:37+00:00","mainEntityOfPage":{"@id":"https:\/\/mering.info\/?p=4765"},"wordCount":240,"commentCount":0,"image":{"@id":"https:\/\/mering.info\/?p=4765#primaryimage"},"thumbnailUrl":"https:\/\/mering.info\/wp-content\/uploads\/2022\/05\/Stand-Schloss-Blumenthal_klein_tiny.jpg","keywords":["Forum Zukunft"],"articleSection":["Veranstaltung"],"inLanguage":"de","potentialAction":[{"@type":"CommentAction","name":"Comment","target":["https:\/\/mering.info\/?p=4765#respond"]}]},{"@type":"WebPage","@id":"https:\/\/mering.info\/?p=4765","url":"https:\/\/mering.info\/?p=4765","name":"Motivation getankt: B\u00fcndnis beim Forum Zukunft vertreten - Nachhaltiges Mering","isPartOf":{"@id":"https:\/\/mering.info\/#website"},"primaryImageOfPage":{"@id":"https:\/\/mering.info\/?p=4765#primaryimage"},"image":{"@id":"https:\/\/mering.info\/?p=4765#primaryimage"},"thumbnailUrl":"https:\/\/mering.info\/wp-content\/uploads\/2022\/05\/Stand-Schloss-Blumenthal_klein_tiny.jpg","datePublished":"2022-05-30T19:58:53+00:00","dateModified":"2022-06-06T20:01:37+00:00","author":{"@id":"https:\/\/mering.info\/#\/schema\/person\/0855fe0b7a950a699d3c281503f9bdf9"},"description":"Das \"B\u00fcndnis Nachhaltiges Mering\" war beim Forum Zukunft auf Schloss Blumenthal vertreten. Der Austausch war inspirierend und motivierte uns.","breadcrumb":{"@id":"https:\/\/mering.info\/?p=4765#breadcrumb"},"inLanguage":"de","potentialAction":[{"@type":"ReadAction","target":["https:\/\/mering.info\/?p=4765"]}]},{"@type":"ImageObject","inLanguage":"de","@id":"https:\/\/mering.info\/?p=4765#primaryimage","url":"https:\/\/mering.info\/wp-content\/uploads\/2022\/05\/Stand-Schloss-Blumenthal_klein_tiny.jpg","contentUrl":"https:\/\/mering.info\/wp-content\/uploads\/2022\/05\/Stand-Schloss-Blumenthal_klein_tiny.jpg","width":700,"height":522,"caption":"Stand Schloss Blumenthal"},{"@type":"BreadcrumbList","@id":"https:\/\/mering.info\/?p=4765#breadcrumb","itemListElement":[{"@type":"ListItem","position":1,"name":"Startseite","item":"https:\/\/mering.info\/"},{"@type":"ListItem","position":2,"name":"Motivation getankt: B\u00fcndnis beim Forum Zukunft vertreten"}]},{"@type":"WebSite","@id":"https:\/\/mering.info\/#website","url":"https:\/\/mering.info\/","name":"Nachhaltiges Mering","description":"Zukunftsf\u00e4higes Mering","potentialAction":[{"@type":"SearchAction","target":{"@type":"EntryPoint","urlTemplate":"https:\/\/mering.info\/?s={search_term_string}"},"query-input":{"@type":"PropertyValueSpecification","valueRequired":true,"valueName":"search_term_string"}}],"inLanguage":"de"},{"@type":"Person","@id":"https:\/\/mering.info\/#\/schema\/person\/0855fe0b7a950a699d3c281503f9bdf9","name":"Sarah Kohlberger","url":"https:\/\/mering.info\/?author=12"}]}},"jetpack_publicize_connections":[],"jetpack_featured_media_url":"https:\/\/mering.info\/wp-content\/uploads\/2022\/05\/Stand-Schloss-Blumenthal_klein_tiny.jpg","jetpack_sharing_enabled":true,"_links":{"self":[{"href":"https:\/\/mering.info\/index.php?rest_route=\/wp\/v2\/posts\/4765","targetHints":{"allow":["GET"]}}],"collection":[{"href":"https:\/\/mering.info\/index.php?rest_route=\/wp\/v2\/posts"}],"about":[{"href":"https:\/\/mering.info\/index.php?rest_route=\/wp\/v2\/types\/post"}],"author":[{"embeddable":true,"href":"https:\/\/mering.info\/index.php?rest_route=\/wp\/v2\/users\/12"}],"replies":[{"embeddable":true,"href":"https:\/\/mering.info\/index.php?rest_route=%2Fwp%2Fv2%2Fcomments&post=4765"}],"version-history":[{"count":6,"href":"https:\/\/mering.info\/index.php?rest_route=\/wp\/v2\/posts\/4765\/revisions"}],"predecessor-version":[{"id":4772,"href":"https:\/\/mering.info\/index.php?rest_route=\/wp\/v2\/posts\/4765\/revisions\/4772"}],"wp:featuredmedia":[{"embeddable":true,"href":"https:\/\/mering.info\/index.php?rest_route=\/wp\/v2\/media\/4768"}],"wp:attachment":[{"href":"https:\/\/mering.info\/index.php?rest_route=%2Fwp%2Fv2%2Fmedia&parent=4765"}],"wp:term":[{"taxonomy":"category","embeddable":true,"href":"https:\/\/mering.info\/index.php?rest_route=%2Fwp%2Fv2%2Fcategories&post=4765"},{"taxonomy":"post_tag","embeddable":true,"href":"https:\/\/mering.info\/index.php?rest_route=%2Fwp%2Fv2%2Ftags&post=4765"}],"curies":[{"name":"wp","href":"https:\/\/api.w.org\/{rel}","templated":true}]}}