{"id":4827,"date":"2022-07-05T22:23:55","date_gmt":"2022-07-05T20:23:55","guid":{"rendered":"https:\/\/mering.info\/?p=4827"},"modified":"2025-10-26T14:55:40","modified_gmt":"2025-10-26T13:55:40","slug":"ein-fest-voller-ideen-und-inspirationen","status":"publish","type":"post","link":"https:\/\/mering.info\/?p=4827","title":{"rendered":"Ein Fest voller Ideen und Inspirationen"},"content":{"rendered":"<p><span style=\"color: #000000;\">\u201e<i>B\u00fcndnis Nachhaltiges Mering\u201c feiert mit viertem ZukunftsMarkt die Nachhaltigkeit in der Region<\/i><\/span><\/p>\n<p><span style=\"color: #000000;\">Nicht nur die Sonne strahlte am Sonntag, 26. Juni, in Mering vom Himmel: Auch wir Aktive vom \u201eB\u00fcndnis Nachhaltiges Mering\u201c waren von der durchweg positiven Resonanz auf unseren <a href=\"https:\/\/mering.info\/?page_id=4460\">vierten ZukunftsMarkt<\/a> \u00fcberw\u00e4ltigt. Bei strahlendem Sonnenschein feierten wir zwischen 12 und 18 Uhr im Lippgarten unser \u00fcberregional bekanntes Nachhaltigkeitsfest \u2013 dieses Mal unter dem Motto \u201eWege zur Selbstversorgung\u201c.<\/span><\/p>\n<p><span style=\"color: #000000;\">Vor der offiziellen Er\u00f6ffnung des ZukunftsMarkts fanden in der <a href=\"https:\/\/www.mering-evangelisch.de\/\" target=\"_blank\" rel=\"noopener\">evangelischen<\/a> und <a href=\"https:\/\/www.mitten-in-mering.de\/\" target=\"_blank\" rel=\"noopener\">katholischen<\/a> Kirche jeweils ein Gottesdienst zum passenden Thema \u201eSch\u00f6pfung bewahren\u201c statt. Um 12:30 Uhr durften ein paar einleitende Worte nicht fehlen: Unsere B\u00fcndnissprecher Michael Dudella und J\u00f6rg H\u00e4berle begr\u00fc\u00dften alle Besuchenden, Helfenden sowie alle Anbietenden, die mit eigenen St\u00e4nden vertreten waren und dort ihre Waren und Aktionen pr\u00e4sentierten.<\/span><\/p>\n<p><span style=\"color: #000000;\">Den ganzen Tag \u00fcber str\u00f6mten zahlreiche Interessierte auf das Gel\u00e4nde unseres vierten ZukunftsMarkt. An knapp 30 St\u00e4nden, besetzt von Vereinen, Verb\u00e4nden, Bildungseinrichtungen oder auch landwirtschaftlichen Betrieben, konnten sie sich \u00fcber eine lokale und autarke Lebensmittelbeschaffung informieren. F\u00fcr Abwechslung sorgte das vielf\u00e4ltige Kulturprogramm oder auch die spannenden und kurzweiligen Vortr\u00e4ge. Auch Kinder konnten einiges entdecken: Einige St\u00e4nde boten Quizze zu verschiedenen Themen an, w\u00e4hrend die <a href=\"http:\/\/www.kolping-mering.de\/\" target=\"_blank\" rel=\"noopener\">Kolpingsfamilie Mering<\/a> und der <a href=\"https:\/\/www.schloss-blumenthal.de\/biohof\/\" target=\"_blank\" rel=\"noopener\">Biohof Blumenthal<\/a> zum Beispiel mehrere Spiele mit im Gep\u00e4ck hatten.<\/span><\/p>\n<p><span style=\"color: #000000;\">Kulinarisch wurde ebenfalls einiges geboten: Der Meringer Biomarkt Natufit verw\u00f6hnte die Besuchenden mit vegetarischen und veganen Speisen, und <a href=\"https:\/\/www.lidls-hofprodukte.de\/\" target=\"_blank\" rel=\"noopener\">Lidls Hof-Produkte<\/a> aus Baierberg hatte das bekannte und leckere Bauernhof-Eis im Angebot. Au\u00dferdem lockten zahlreiche Kuchen, die von Helfenden gebacken wurden. Kurz vor Ende des Fests sorgte die Drum Show von <a href=\"https:\/\/www.pica-pau.com\/\" target=\"_blank\" rel=\"noopener\">Pica Pau<\/a> f\u00fcr einen spektakul\u00e4ren Abschluss eines rundum gelungenen Tages und beendete damit ein gro\u00dfartiges Erlebnis f\u00fcr alle Sinne.<\/span><\/p>\n<p><span style=\"color: #000000;\">Das Nachhaltigkeitsfest kam bei den rund 1.500 Besuchenden durchweg gut an: Wir erhielten viele dankende und auch motivierende Worte wie beispielsweise \u201eKlasse, was ihr hier in Mering auf die Beine stellt \u2013 das gibt es im Umkreis nicht\u201c, \u201eSo wichtig, dass ihr das Fest macht\u201c oder auch \u201eIch habe heute ein paar Ideen mitgenommen, die ich umsetzen m\u00f6chte\u201c. Denn genau das ist es, was wir uns von dem Fest erhoffen: Die Inhalte des Fests sollen unterhalten, aber auch zum Nachdenken anregen. Wir stecken mitten im Klimawandel und jeder Mensch kann seinen Beitrag dazu leisten, die Umwelt, die Natur und letztlich auch die Menschheit zu sch\u00fctzen. So hat es sich gezeigt, dass wir mit unserem ZukunftsMarkt Inspirationen liefern k\u00f6nnen, wie jede und jeder von uns den Alltag nachhaltiger gestalten kann.<\/span><\/p>\n<p><span style=\"color: #000000;\">Am Abend lie\u00dfen wir gemeinsam den ereignisreichen Tag in der Pizzeria Da Daniele ausklingen und noch mal in einer kleinen munteren Runde die spannendsten Begegnungen, Vortr\u00e4ge und Angebote Revue passieren. Nach der <a href=\"https:\/\/mering.info\/?p=4784\">intensiven halbj\u00e4hrigen Vorbereitung<\/a>, insbesondere rund um das Vorbereitungsteam mit Michael Dudella, J\u00f6rg H\u00e4berle, Jan Sandvoss, Sarah Kohlberger, Valerie Klatte-Asselmeyer und Micon Kreft sowie unserem Graphiker Joachim Pagel sind wir stolz, dass unser ZukunftsMarkt so reibungslos verlief und bei den Besuchenden wie auch bei den Ausstellenden so viel Begeisterung ausl\u00f6ste. Vor allem die Vielf\u00e4ltigkeit der St\u00e4nde sowie das einladende Ambiente im Lippgarten \u2013 das, was unseren ZukunftsMarkt auch so besonders macht \u2013 kamen bei allen gut an.<\/span><\/p>\n<p><span style=\"color: #000000;\">Das Lob m\u00f6chten wir aber auch weitergeben. Wir bedanken uns ganz herzlich bei allen Anbietenden, die viele spannende Themen vorbereiteten und an ihren St\u00e4nden pr\u00e4sentierten, bei allen Beteiligten am Kulturprogramm (Vortr\u00e4ge wie auch Musik) und nat\u00fcrlich bei allen Besuchenden, die sich die Zeit genommen haben und mit uns die Nachhaltigkeit in der Region gefeiert haben. Au\u00dferdem geht ein gro\u00dfer Dank an alle Helfenden, die uns tatkr\u00e4ftig unterst\u00fctzt haben \u2013 sowohl beim Auf- und Abbau als auch bei den Essensausgaben und den zahlreichen Kuchenspenden. Wir freuen uns sehr, wenn wir inspirieren und ein wenig mehr Nachhaltigkeit nach Mering bringen k\u00f6nnen. Und die positive Resonanz motiviert uns, auch weiterhin am Ball zu bleiben: Wir sind gespannt und freuen uns schon auf den n\u00e4chsten ZukunftsMarkt in zwei Jahren.<\/span><\/p>\n<p><span style=\"color: #000000;\"><em>Bild: Michael Dudella<\/em><\/span><\/p>\n","protected":false},"excerpt":{"rendered":"<p>\u201eB\u00fcndnis Nachhaltiges Mering\u201c feiert mit viertem ZukunftsMarkt die Nachhaltigkeit in der Region Nicht nur die Sonne strahlte am Sonntag, 26. Juni, in Mering vom Himmel: Auch wir Aktive vom \u201eB\u00fcndnis &hellip; <a href=\"https:\/\/mering.info\/?p=4827\" class=\"more-link\"><span class=\"screen-reader-text\">Ein Fest voller Ideen und Inspirationen<\/span> weiterlesen <span class=\"meta-nav\">&rarr;<\/span><\/a><\/p>\n","protected":false},"author":12,"featured_media":4826,"comment_status":"open","ping_status":"open","sticky":false,"template":"","format":"standard","meta":{"jetpack_post_was_ever_published":false,"_jetpack_newsletter_access":"","_jetpack_dont_email_post_to_subs":false,"_jetpack_newsletter_tier_id":0,"_jetpack_memberships_contains_paywalled_content":false,"_jetpack_memberships_contains_paid_content":false,"footnotes":"","jetpack_publicize_message":"","jetpack_publicize_feature_enabled":true,"jetpack_social_post_already_shared":true,"jetpack_social_options":{"image_generator_settings":{"template":"highway","default_image_id":0,"font":"","enabled":false},"version":2}},"categories":[169],"tags":[152,194,191,170],"class_list":["post-4827","post","type-post","status-publish","format-standard","has-post-thumbnail","hentry","category-zukunftsmarkt-2022","tag-regional","tag-saisonal","tag-selbstversorgung","tag-zukunftsmarkt"],"yoast_head":"<!-- This site is optimized with the Yoast SEO plugin v27.5 - https:\/\/yoast.com\/product\/yoast-seo-wordpress\/ -->\n<title>Ein Fest voller Ideen und Inspirationen - Nachhaltiges Mering<\/title>\n<meta name=\"description\" content=\"Das \u201eB\u00fcndnis Nachhaltiges Mering\u201c feierte am Sonntag, 26. Juni, den bereits vierten ZukunftsMarkt. Das Thema: Selbstversorgung.\" \/>\n<meta name=\"robots\" content=\"index, follow, max-snippet:-1, max-image-preview:large, max-video-preview:-1\" \/>\n<link rel=\"canonical\" href=\"https:\/\/mering.info\/?p=4827\" \/>\n<meta property=\"og:locale\" content=\"de_DE\" \/>\n<meta property=\"og:type\" content=\"article\" \/>\n<meta property=\"og:title\" content=\"Ein Fest voller Ideen und Inspirationen - Nachhaltiges Mering\" \/>\n<meta property=\"og:description\" content=\"Das \u201eB\u00fcndnis Nachhaltiges Mering\u201c feierte am Sonntag, 26. Juni, den bereits vierten ZukunftsMarkt. Das Thema: Selbstversorgung.\" \/>\n<meta property=\"og:url\" content=\"https:\/\/mering.info\/?p=4827\" \/>\n<meta property=\"og:site_name\" content=\"Nachhaltiges Mering\" \/>\n<meta property=\"article:published_time\" content=\"2022-07-05T20:23:55+00:00\" \/>\n<meta property=\"article:modified_time\" content=\"2025-10-26T13:55:40+00:00\" \/>\n<meta property=\"og:image\" content=\"https:\/\/mering.info\/wp-content\/uploads\/2022\/07\/signal-2022-06-26-20-00-35-131.jpg\" \/>\n\t<meta property=\"og:image:width\" content=\"700\" \/>\n\t<meta property=\"og:image:height\" content=\"462\" \/>\n\t<meta property=\"og:image:type\" content=\"image\/jpeg\" \/>\n<meta name=\"author\" content=\"Sarah Kohlberger\" \/>\n<meta name=\"twitter:card\" content=\"summary_large_image\" \/>\n<meta name=\"twitter:label1\" content=\"Verfasst von\" \/>\n\t<meta name=\"twitter:data1\" content=\"Sarah Kohlberger\" \/>\n\t<meta name=\"twitter:label2\" content=\"Gesch\u00e4tzte Lesezeit\" \/>\n\t<meta name=\"twitter:data2\" content=\"4\u00a0Minuten\" \/>\n<script type=\"application\/ld+json\" class=\"yoast-schema-graph\">{\"@context\":\"https:\\\/\\\/schema.org\",\"@graph\":[{\"@type\":\"Article\",\"@id\":\"https:\\\/\\\/mering.info\\\/?p=4827#article\",\"isPartOf\":{\"@id\":\"https:\\\/\\\/mering.info\\\/?p=4827\"},\"author\":{\"name\":\"Sarah Kohlberger\",\"@id\":\"https:\\\/\\\/mering.info\\\/#\\\/schema\\\/person\\\/0855fe0b7a950a699d3c281503f9bdf9\"},\"headline\":\"Ein Fest voller Ideen und Inspirationen\",\"datePublished\":\"2022-07-05T20:23:55+00:00\",\"dateModified\":\"2025-10-26T13:55:40+00:00\",\"mainEntityOfPage\":{\"@id\":\"https:\\\/\\\/mering.info\\\/?p=4827\"},\"wordCount\":682,\"commentCount\":0,\"image\":{\"@id\":\"https:\\\/\\\/mering.info\\\/?p=4827#primaryimage\"},\"thumbnailUrl\":\"https:\\\/\\\/mering.info\\\/wp-content\\\/uploads\\\/2022\\\/07\\\/signal-2022-06-26-20-00-35-131.jpg\",\"keywords\":[\"regional\",\"saisonal\",\"Selbstversorgung\",\"ZukunftsMarkt\"],\"articleSection\":[\"ZukunftsMarkt 2022\"],\"inLanguage\":\"de\",\"potentialAction\":[{\"@type\":\"CommentAction\",\"name\":\"Comment\",\"target\":[\"https:\\\/\\\/mering.info\\\/?p=4827#respond\"]}]},{\"@type\":\"WebPage\",\"@id\":\"https:\\\/\\\/mering.info\\\/?p=4827\",\"url\":\"https:\\\/\\\/mering.info\\\/?p=4827\",\"name\":\"Ein Fest voller Ideen und Inspirationen - Nachhaltiges Mering\",\"isPartOf\":{\"@id\":\"https:\\\/\\\/mering.info\\\/#website\"},\"primaryImageOfPage\":{\"@id\":\"https:\\\/\\\/mering.info\\\/?p=4827#primaryimage\"},\"image\":{\"@id\":\"https:\\\/\\\/mering.info\\\/?p=4827#primaryimage\"},\"thumbnailUrl\":\"https:\\\/\\\/mering.info\\\/wp-content\\\/uploads\\\/2022\\\/07\\\/signal-2022-06-26-20-00-35-131.jpg\",\"datePublished\":\"2022-07-05T20:23:55+00:00\",\"dateModified\":\"2025-10-26T13:55:40+00:00\",\"author\":{\"@id\":\"https:\\\/\\\/mering.info\\\/#\\\/schema\\\/person\\\/0855fe0b7a950a699d3c281503f9bdf9\"},\"description\":\"Das \u201eB\u00fcndnis Nachhaltiges Mering\u201c feierte am Sonntag, 26. Juni, den bereits vierten ZukunftsMarkt. Das Thema: Selbstversorgung.\",\"breadcrumb\":{\"@id\":\"https:\\\/\\\/mering.info\\\/?p=4827#breadcrumb\"},\"inLanguage\":\"de\",\"potentialAction\":[{\"@type\":\"ReadAction\",\"target\":[\"https:\\\/\\\/mering.info\\\/?p=4827\"]}]},{\"@type\":\"ImageObject\",\"inLanguage\":\"de\",\"@id\":\"https:\\\/\\\/mering.info\\\/?p=4827#primaryimage\",\"url\":\"https:\\\/\\\/mering.info\\\/wp-content\\\/uploads\\\/2022\\\/07\\\/signal-2022-06-26-20-00-35-131.jpg\",\"contentUrl\":\"https:\\\/\\\/mering.info\\\/wp-content\\\/uploads\\\/2022\\\/07\\\/signal-2022-06-26-20-00-35-131.jpg\",\"width\":700,\"height\":462,\"caption\":\"ZukunftsMarkt 2022\"},{\"@type\":\"BreadcrumbList\",\"@id\":\"https:\\\/\\\/mering.info\\\/?p=4827#breadcrumb\",\"itemListElement\":[{\"@type\":\"ListItem\",\"position\":1,\"name\":\"Startseite\",\"item\":\"https:\\\/\\\/mering.info\\\/\"},{\"@type\":\"ListItem\",\"position\":2,\"name\":\"Ein Fest voller Ideen und Inspirationen\"}]},{\"@type\":\"WebSite\",\"@id\":\"https:\\\/\\\/mering.info\\\/#website\",\"url\":\"https:\\\/\\\/mering.info\\\/\",\"name\":\"Nachhaltiges Mering\",\"description\":\"Zukunftsf\u00e4higes Mering\",\"potentialAction\":[{\"@type\":\"SearchAction\",\"target\":{\"@type\":\"EntryPoint\",\"urlTemplate\":\"https:\\\/\\\/mering.info\\\/?s={search_term_string}\"},\"query-input\":{\"@type\":\"PropertyValueSpecification\",\"valueRequired\":true,\"valueName\":\"search_term_string\"}}],\"inLanguage\":\"de\"},{\"@type\":\"Person\",\"@id\":\"https:\\\/\\\/mering.info\\\/#\\\/schema\\\/person\\\/0855fe0b7a950a699d3c281503f9bdf9\",\"name\":\"Sarah Kohlberger\",\"url\":\"https:\\\/\\\/mering.info\\\/?author=12\"}]}<\/script>\n<!-- \/ Yoast SEO plugin. -->","yoast_head_json":{"title":"Ein Fest voller Ideen und Inspirationen - Nachhaltiges Mering","description":"Das \u201eB\u00fcndnis Nachhaltiges Mering\u201c feierte am Sonntag, 26. Juni, den bereits vierten ZukunftsMarkt. Das Thema: Selbstversorgung.","robots":{"index":"index","follow":"follow","max-snippet":"max-snippet:-1","max-image-preview":"max-image-preview:large","max-video-preview":"max-video-preview:-1"},"canonical":"https:\/\/mering.info\/?p=4827","og_locale":"de_DE","og_type":"article","og_title":"Ein Fest voller Ideen und Inspirationen - Nachhaltiges Mering","og_description":"Das \u201eB\u00fcndnis Nachhaltiges Mering\u201c feierte am Sonntag, 26. Juni, den bereits vierten ZukunftsMarkt. Das Thema: Selbstversorgung.","og_url":"https:\/\/mering.info\/?p=4827","og_site_name":"Nachhaltiges Mering","article_published_time":"2022-07-05T20:23:55+00:00","article_modified_time":"2025-10-26T13:55:40+00:00","og_image":[{"width":700,"height":462,"url":"https:\/\/mering.info\/wp-content\/uploads\/2022\/07\/signal-2022-06-26-20-00-35-131.jpg","type":"image\/jpeg"}],"author":"Sarah Kohlberger","twitter_card":"summary_large_image","twitter_misc":{"Verfasst von":"Sarah Kohlberger","Gesch\u00e4tzte Lesezeit":"4\u00a0Minuten"},"schema":{"@context":"https:\/\/schema.org","@graph":[{"@type":"Article","@id":"https:\/\/mering.info\/?p=4827#article","isPartOf":{"@id":"https:\/\/mering.info\/?p=4827"},"author":{"name":"Sarah Kohlberger","@id":"https:\/\/mering.info\/#\/schema\/person\/0855fe0b7a950a699d3c281503f9bdf9"},"headline":"Ein Fest voller Ideen und Inspirationen","datePublished":"2022-07-05T20:23:55+00:00","dateModified":"2025-10-26T13:55:40+00:00","mainEntityOfPage":{"@id":"https:\/\/mering.info\/?p=4827"},"wordCount":682,"commentCount":0,"image":{"@id":"https:\/\/mering.info\/?p=4827#primaryimage"},"thumbnailUrl":"https:\/\/mering.info\/wp-content\/uploads\/2022\/07\/signal-2022-06-26-20-00-35-131.jpg","keywords":["regional","saisonal","Selbstversorgung","ZukunftsMarkt"],"articleSection":["ZukunftsMarkt 2022"],"inLanguage":"de","potentialAction":[{"@type":"CommentAction","name":"Comment","target":["https:\/\/mering.info\/?p=4827#respond"]}]},{"@type":"WebPage","@id":"https:\/\/mering.info\/?p=4827","url":"https:\/\/mering.info\/?p=4827","name":"Ein Fest voller Ideen und Inspirationen - Nachhaltiges Mering","isPartOf":{"@id":"https:\/\/mering.info\/#website"},"primaryImageOfPage":{"@id":"https:\/\/mering.info\/?p=4827#primaryimage"},"image":{"@id":"https:\/\/mering.info\/?p=4827#primaryimage"},"thumbnailUrl":"https:\/\/mering.info\/wp-content\/uploads\/2022\/07\/signal-2022-06-26-20-00-35-131.jpg","datePublished":"2022-07-05T20:23:55+00:00","dateModified":"2025-10-26T13:55:40+00:00","author":{"@id":"https:\/\/mering.info\/#\/schema\/person\/0855fe0b7a950a699d3c281503f9bdf9"},"description":"Das \u201eB\u00fcndnis Nachhaltiges Mering\u201c feierte am Sonntag, 26. Juni, den bereits vierten ZukunftsMarkt. Das Thema: Selbstversorgung.","breadcrumb":{"@id":"https:\/\/mering.info\/?p=4827#breadcrumb"},"inLanguage":"de","potentialAction":[{"@type":"ReadAction","target":["https:\/\/mering.info\/?p=4827"]}]},{"@type":"ImageObject","inLanguage":"de","@id":"https:\/\/mering.info\/?p=4827#primaryimage","url":"https:\/\/mering.info\/wp-content\/uploads\/2022\/07\/signal-2022-06-26-20-00-35-131.jpg","contentUrl":"https:\/\/mering.info\/wp-content\/uploads\/2022\/07\/signal-2022-06-26-20-00-35-131.jpg","width":700,"height":462,"caption":"ZukunftsMarkt 2022"},{"@type":"BreadcrumbList","@id":"https:\/\/mering.info\/?p=4827#breadcrumb","itemListElement":[{"@type":"ListItem","position":1,"name":"Startseite","item":"https:\/\/mering.info\/"},{"@type":"ListItem","position":2,"name":"Ein Fest voller Ideen und Inspirationen"}]},{"@type":"WebSite","@id":"https:\/\/mering.info\/#website","url":"https:\/\/mering.info\/","name":"Nachhaltiges Mering","description":"Zukunftsf\u00e4higes Mering","potentialAction":[{"@type":"SearchAction","target":{"@type":"EntryPoint","urlTemplate":"https:\/\/mering.info\/?s={search_term_string}"},"query-input":{"@type":"PropertyValueSpecification","valueRequired":true,"valueName":"search_term_string"}}],"inLanguage":"de"},{"@type":"Person","@id":"https:\/\/mering.info\/#\/schema\/person\/0855fe0b7a950a699d3c281503f9bdf9","name":"Sarah Kohlberger","url":"https:\/\/mering.info\/?author=12"}]}},"jetpack_publicize_connections":[],"jetpack_featured_media_url":"https:\/\/mering.info\/wp-content\/uploads\/2022\/07\/signal-2022-06-26-20-00-35-131.jpg","jetpack_sharing_enabled":true,"_links":{"self":[{"href":"https:\/\/mering.info\/index.php?rest_route=\/wp\/v2\/posts\/4827","targetHints":{"allow":["GET"]}}],"collection":[{"href":"https:\/\/mering.info\/index.php?rest_route=\/wp\/v2\/posts"}],"about":[{"href":"https:\/\/mering.info\/index.php?rest_route=\/wp\/v2\/types\/post"}],"author":[{"embeddable":true,"href":"https:\/\/mering.info\/index.php?rest_route=\/wp\/v2\/users\/12"}],"replies":[{"embeddable":true,"href":"https:\/\/mering.info\/index.php?rest_route=%2Fwp%2Fv2%2Fcomments&post=4827"}],"version-history":[{"count":2,"href":"https:\/\/mering.info\/index.php?rest_route=\/wp\/v2\/posts\/4827\/revisions"}],"predecessor-version":[{"id":5828,"href":"https:\/\/mering.info\/index.php?rest_route=\/wp\/v2\/posts\/4827\/revisions\/5828"}],"wp:featuredmedia":[{"embeddable":true,"href":"https:\/\/mering.info\/index.php?rest_route=\/wp\/v2\/media\/4826"}],"wp:attachment":[{"href":"https:\/\/mering.info\/index.php?rest_route=%2Fwp%2Fv2%2Fmedia&parent=4827"}],"wp:term":[{"taxonomy":"category","embeddable":true,"href":"https:\/\/mering.info\/index.php?rest_route=%2Fwp%2Fv2%2Fcategories&post=4827"},{"taxonomy":"post_tag","embeddable":true,"href":"https:\/\/mering.info\/index.php?rest_route=%2Fwp%2Fv2%2Ftags&post=4827"}],"curies":[{"name":"wp","href":"https:\/\/api.w.org\/{rel}","templated":true}]}}