{"id":4849,"date":"2022-08-02T22:04:08","date_gmt":"2022-08-02T20:04:08","guid":{"rendered":"https:\/\/mering.info\/?p=4849"},"modified":"2022-08-02T22:04:08","modified_gmt":"2022-08-02T20:04:08","slug":"trauer-um-rudi-kaiserswerth","status":"publish","type":"post","link":"https:\/\/mering.info\/?p=4849","title":{"rendered":"Trauer um Mitbegr\u00fcnder Rudi Kaiserswerth"},"content":{"rendered":"\t\t<div data-elementor-type=\"wp-post\" data-elementor-id=\"4849\" class=\"elementor elementor-4849\">\n\t\t\t\t\t\t<section class=\"elementor-section elementor-top-section elementor-element elementor-element-a45eb9e elementor-section-boxed elementor-section-height-default elementor-section-height-default\" data-id=\"a45eb9e\" data-element_type=\"section\" data-e-type=\"section\">\n\t\t\t\t\t\t<div class=\"elementor-container elementor-column-gap-default\">\n\t\t\t\t\t<div class=\"elementor-column elementor-col-100 elementor-top-column elementor-element elementor-element-1459733\" data-id=\"1459733\" data-element_type=\"column\" data-e-type=\"column\">\n\t\t\t<div class=\"elementor-widget-wrap elementor-element-populated\">\n\t\t\t\t\t\t<div class=\"elementor-element elementor-element-3efa852 elementor-widget elementor-widget-text-editor\" data-id=\"3efa852\" data-element_type=\"widget\" data-e-type=\"widget\" data-widget_type=\"text-editor.default\">\n\t\t\t\t<div class=\"elementor-widget-container\">\n\t\t\t\t\t\t\t\t\t<p style=\"text-align: center;\">Unser Mitbegr\u00fcnder des \u201eB\u00fcndnis Nachhaltiges Mering\u201c Rudi Kaiserswerth ist pl\u00f6tzlich und unerwartet verstorben.\n<\/p>\t\t\t\t\t\t\t\t<\/div>\n\t\t\t\t<\/div>\n\t\t\t\t\t<\/div>\n\t\t<\/div>\n\t\t\t\t\t<\/div>\n\t\t<\/section>\n\t\t\t\t<section class=\"elementor-section elementor-top-section elementor-element elementor-element-ca2be44 elementor-section-boxed elementor-section-height-default elementor-section-height-default\" data-id=\"ca2be44\" data-element_type=\"section\" data-e-type=\"section\">\n\t\t\t\t\t\t<div class=\"elementor-container elementor-column-gap-default\">\n\t\t\t\t\t<div class=\"elementor-column elementor-col-50 elementor-top-column elementor-element elementor-element-56945da\" data-id=\"56945da\" data-element_type=\"column\" data-e-type=\"column\">\n\t\t\t<div class=\"elementor-widget-wrap elementor-element-populated\">\n\t\t\t\t\t\t<div class=\"elementor-element elementor-element-ccff46b elementor-widget elementor-widget-image\" data-id=\"ccff46b\" data-element_type=\"widget\" data-e-type=\"widget\" data-widget_type=\"image.default\">\n\t\t\t\t<div class=\"elementor-widget-container\">\n\t\t\t\t\t\t\t\t\t\t\t\t\t\t\t<img fetchpriority=\"high\" decoding=\"async\" width=\"357\" height=\"500\" src=\"https:\/\/mering.info\/wp-content\/uploads\/2022\/08\/Rudi_tiny.png\" class=\"attachment-full size-full wp-image-4848\" alt=\"Rudi Kaiserswerth\" srcset=\"https:\/\/mering.info\/wp-content\/uploads\/2022\/08\/Rudi_tiny.png 357w, https:\/\/mering.info\/wp-content\/uploads\/2022\/08\/Rudi_tiny-214x300.png 214w\" sizes=\"(max-width: 357px) 100vw, 357px\" \/>\t\t\t\t\t\t\t\t\t\t\t\t\t\t\t<\/div>\n\t\t\t\t<\/div>\n\t\t\t\t\t<\/div>\n\t\t<\/div>\n\t\t\t\t<div class=\"elementor-column elementor-col-50 elementor-top-column elementor-element elementor-element-73b6be9\" data-id=\"73b6be9\" data-element_type=\"column\" data-e-type=\"column\">\n\t\t\t<div class=\"elementor-widget-wrap elementor-element-populated\">\n\t\t\t\t\t\t<div class=\"elementor-element elementor-element-1a7b0d8 elementor-widget elementor-widget-text-editor\" data-id=\"1a7b0d8\" data-element_type=\"widget\" data-e-type=\"widget\" data-widget_type=\"text-editor.default\">\n\t\t\t\t<div class=\"elementor-widget-container\">\n\t\t\t\t\t\t\t\t\t<p style=\"text-align: center;\">Wir erinnern uns noch an die ersten Vorgespr\u00e4che und Planungen im August 2015 mit Rudi, ein Treffen im Herbst zu organisieren mit dem Ziel, ein Nachhaltigkeitsfest zu veranstalten. Von Anfang an war es ihm wichtig, m\u00f6glichst viele Initiativen, Vereine und Personen daran zu beteiligen. Er verstand es, zu \u201evernetzen\u201c.<\/p>\t\t\t\t\t\t\t\t<\/div>\n\t\t\t\t<\/div>\n\t\t\t\t\t<\/div>\n\t\t<\/div>\n\t\t\t\t\t<\/div>\n\t\t<\/section>\n\t\t\t\t<section class=\"elementor-section elementor-top-section elementor-element elementor-element-625871b elementor-section-boxed elementor-section-height-default elementor-section-height-default\" data-id=\"625871b\" data-element_type=\"section\" data-e-type=\"section\">\n\t\t\t\t\t\t<div class=\"elementor-container elementor-column-gap-default\">\n\t\t\t\t\t<div class=\"elementor-column elementor-col-100 elementor-top-column elementor-element elementor-element-0b357e0\" data-id=\"0b357e0\" data-element_type=\"column\" data-e-type=\"column\">\n\t\t\t<div class=\"elementor-widget-wrap elementor-element-populated\">\n\t\t\t\t\t\t<div class=\"elementor-element elementor-element-c26bfd6 elementor-widget elementor-widget-text-editor\" data-id=\"c26bfd6\" data-element_type=\"widget\" data-e-type=\"widget\" data-widget_type=\"text-editor.default\">\n\t\t\t\t<div class=\"elementor-widget-container\">\n\t\t\t\t\t\t\t\t\t<p>So kam 2016 unser erster ZukunftsMarkt zustande, den Rudi \u2013 mit seinen bekannten Excel-Tabellen \u2013 ma\u00dfgeblich mit organisierte.<\/p><p>Die Zusammenarbeit mit Rudi war immer sehr professionell, zuverl\u00e4ssig und auch von Spa\u00df und Freude gepr\u00e4gt. Er layoutete und entwarf unter anderem auch unsere Website und war f\u00fcr unser Thema Nachhaltigkeit total engagiert.<\/p><p>Vor einigen Jahren beschloss er, wieder in sein Elternhaus nach Oberstdorf zu ziehen. So mussten wir ihn leider beim ZukunftsMarkt 2019 in seine Heimat verabschieden. Doch auch nach seinem Wegzug ins Allg\u00e4u blieb er mit vielen von uns freundschaftlich verbunden. Auch die \u201eneueren Aktiven\u201c in unserem B\u00fcndnis konnten Rudi bei unserem Festessen anl\u00e4sslich des Umweltpreises des Landkreises Aichach-Friedberg im April beim Schlosserwirt und auf unserem vierten ZukunftsMarkt vor noch nicht einmal einem Monat kennenlernen.<\/p><p>Rudi hat vieles in Mering angesto\u00dfen und organisiert, und es freute ihn ganz besonders, dass die sinnvolle Arbeit f\u00fcr das Thema Nachhaltigkeit in unserem B\u00fcndnis so engagiert weiterl\u00e4uft.<\/p><p>Unsere Gedanken sind jetzt bei seiner Frau Sabine und seiner ganzen Familie, denen wir viel Kraft in diesen schwierigen Stunden w\u00fcnschen.<\/p><p><em>Bild: Rudi Kaiserswerth<\/em><\/p>\t\t\t\t\t\t\t\t<\/div>\n\t\t\t\t<\/div>\n\t\t\t\t\t<\/div>\n\t\t<\/div>\n\t\t\t\t\t<\/div>\n\t\t<\/section>\n\t\t\t\t<\/div>\n\t\t","protected":false},"excerpt":{"rendered":"<p>Unser Mitbegr\u00fcnder des \u201eB\u00fcndnis Nachhaltiges Mering\u201c Rudi Kaiserswerth ist pl\u00f6tzlich und unerwartet verstorben. Wir erinnern uns noch an die ersten Vorgespr\u00e4che und Planungen im August 2015 mit Rudi, ein Treffen &hellip; <a href=\"https:\/\/mering.info\/?p=4849\" class=\"more-link\"><span class=\"screen-reader-text\">Trauer um Mitbegr\u00fcnder Rudi Kaiserswerth<\/span> weiterlesen <span class=\"meta-nav\">&rarr;<\/span><\/a><\/p>\n","protected":false},"author":12,"featured_media":0,"comment_status":"open","ping_status":"open","sticky":false,"template":"","format":"standard","meta":{"jetpack_post_was_ever_published":false,"_jetpack_newsletter_access":"","_jetpack_dont_email_post_to_subs":false,"_jetpack_newsletter_tier_id":0,"_jetpack_memberships_contains_paywalled_content":false,"_jetpack_memberships_contains_paid_content":false,"footnotes":"","jetpack_publicize_message":"","jetpack_publicize_feature_enabled":true,"jetpack_social_post_already_shared":true,"jetpack_social_options":{"image_generator_settings":{"template":"highway","default_image_id":0,"font":"","enabled":false},"version":2}},"categories":[3],"tags":[],"class_list":["post-4849","post","type-post","status-publish","format-standard","hentry","category-allgemeines"],"yoast_head":"<!-- This site is optimized with the Yoast SEO plugin v27.5 - https:\/\/yoast.com\/product\/yoast-seo-wordpress\/ -->\n<title>Trauer um Mitbegr\u00fcnder Rudi Kaiserswerth - Nachhaltiges Mering<\/title>\n<meta name=\"description\" content=\"Unser Mitbegr\u00fcnder des \u201eB\u00fcndnis Nachhaltiges Mering\u201c Rudi Kaiserswerth ist pl\u00f6tzlich und unerwartet verstorben.\" \/>\n<meta name=\"robots\" content=\"index, follow, max-snippet:-1, max-image-preview:large, max-video-preview:-1\" \/>\n<link rel=\"canonical\" href=\"https:\/\/mering.info\/?p=4849\" \/>\n<meta property=\"og:locale\" content=\"de_DE\" \/>\n<meta property=\"og:type\" content=\"article\" \/>\n<meta property=\"og:title\" content=\"Trauer um Mitbegr\u00fcnder Rudi Kaiserswerth - Nachhaltiges Mering\" \/>\n<meta property=\"og:description\" content=\"Unser Mitbegr\u00fcnder des \u201eB\u00fcndnis Nachhaltiges Mering\u201c Rudi Kaiserswerth ist pl\u00f6tzlich und unerwartet verstorben.\" \/>\n<meta property=\"og:url\" content=\"https:\/\/mering.info\/?p=4849\" \/>\n<meta property=\"og:site_name\" content=\"Nachhaltiges Mering\" \/>\n<meta property=\"article:published_time\" content=\"2022-08-02T20:04:08+00:00\" \/>\n<meta property=\"og:image\" content=\"https:\/\/mering.info\/wp-content\/uploads\/2022\/08\/Rudi_tiny.png\" \/>\n<meta name=\"author\" content=\"Sarah Kohlberger\" \/>\n<meta name=\"twitter:card\" content=\"summary_large_image\" \/>\n<meta name=\"twitter:label1\" content=\"Verfasst von\" \/>\n\t<meta name=\"twitter:data1\" content=\"Sarah Kohlberger\" \/>\n\t<meta name=\"twitter:label2\" content=\"Gesch\u00e4tzte Lesezeit\" \/>\n\t<meta name=\"twitter:data2\" content=\"2\u00a0Minuten\" \/>\n<script type=\"application\/ld+json\" class=\"yoast-schema-graph\">{\"@context\":\"https:\\\/\\\/schema.org\",\"@graph\":[{\"@type\":\"Article\",\"@id\":\"https:\\\/\\\/mering.info\\\/?p=4849#article\",\"isPartOf\":{\"@id\":\"https:\\\/\\\/mering.info\\\/?p=4849\"},\"author\":{\"name\":\"Sarah Kohlberger\",\"@id\":\"https:\\\/\\\/mering.info\\\/#\\\/schema\\\/person\\\/0855fe0b7a950a699d3c281503f9bdf9\"},\"headline\":\"Trauer um Mitbegr\u00fcnder Rudi Kaiserswerth\",\"datePublished\":\"2022-08-02T20:04:08+00:00\",\"mainEntityOfPage\":{\"@id\":\"https:\\\/\\\/mering.info\\\/?p=4849\"},\"wordCount\":257,\"commentCount\":0,\"image\":{\"@id\":\"https:\\\/\\\/mering.info\\\/?p=4849#primaryimage\"},\"thumbnailUrl\":\"https:\\\/\\\/mering.info\\\/wp-content\\\/uploads\\\/2022\\\/08\\\/Rudi_tiny.png\",\"articleSection\":[\"Allgemeines\"],\"inLanguage\":\"de\",\"potentialAction\":[{\"@type\":\"CommentAction\",\"name\":\"Comment\",\"target\":[\"https:\\\/\\\/mering.info\\\/?p=4849#respond\"]}]},{\"@type\":\"WebPage\",\"@id\":\"https:\\\/\\\/mering.info\\\/?p=4849\",\"url\":\"https:\\\/\\\/mering.info\\\/?p=4849\",\"name\":\"Trauer um Mitbegr\u00fcnder Rudi Kaiserswerth - Nachhaltiges Mering\",\"isPartOf\":{\"@id\":\"https:\\\/\\\/mering.info\\\/#website\"},\"primaryImageOfPage\":{\"@id\":\"https:\\\/\\\/mering.info\\\/?p=4849#primaryimage\"},\"image\":{\"@id\":\"https:\\\/\\\/mering.info\\\/?p=4849#primaryimage\"},\"thumbnailUrl\":\"https:\\\/\\\/mering.info\\\/wp-content\\\/uploads\\\/2022\\\/08\\\/Rudi_tiny.png\",\"datePublished\":\"2022-08-02T20:04:08+00:00\",\"author\":{\"@id\":\"https:\\\/\\\/mering.info\\\/#\\\/schema\\\/person\\\/0855fe0b7a950a699d3c281503f9bdf9\"},\"description\":\"Unser Mitbegr\u00fcnder des \u201eB\u00fcndnis Nachhaltiges Mering\u201c Rudi Kaiserswerth ist pl\u00f6tzlich und unerwartet verstorben.\",\"breadcrumb\":{\"@id\":\"https:\\\/\\\/mering.info\\\/?p=4849#breadcrumb\"},\"inLanguage\":\"de\",\"potentialAction\":[{\"@type\":\"ReadAction\",\"target\":[\"https:\\\/\\\/mering.info\\\/?p=4849\"]}]},{\"@type\":\"ImageObject\",\"inLanguage\":\"de\",\"@id\":\"https:\\\/\\\/mering.info\\\/?p=4849#primaryimage\",\"url\":\"https:\\\/\\\/mering.info\\\/wp-content\\\/uploads\\\/2022\\\/08\\\/Rudi_tiny.png\",\"contentUrl\":\"https:\\\/\\\/mering.info\\\/wp-content\\\/uploads\\\/2022\\\/08\\\/Rudi_tiny.png\",\"width\":357,\"height\":500,\"caption\":\"Rudi Kaiserswerth\"},{\"@type\":\"BreadcrumbList\",\"@id\":\"https:\\\/\\\/mering.info\\\/?p=4849#breadcrumb\",\"itemListElement\":[{\"@type\":\"ListItem\",\"position\":1,\"name\":\"Startseite\",\"item\":\"https:\\\/\\\/mering.info\\\/\"},{\"@type\":\"ListItem\",\"position\":2,\"name\":\"Trauer um Mitbegr\u00fcnder Rudi Kaiserswerth\"}]},{\"@type\":\"WebSite\",\"@id\":\"https:\\\/\\\/mering.info\\\/#website\",\"url\":\"https:\\\/\\\/mering.info\\\/\",\"name\":\"Nachhaltiges Mering\",\"description\":\"Zukunftsf\u00e4higes Mering\",\"potentialAction\":[{\"@type\":\"SearchAction\",\"target\":{\"@type\":\"EntryPoint\",\"urlTemplate\":\"https:\\\/\\\/mering.info\\\/?s={search_term_string}\"},\"query-input\":{\"@type\":\"PropertyValueSpecification\",\"valueRequired\":true,\"valueName\":\"search_term_string\"}}],\"inLanguage\":\"de\"},{\"@type\":\"Person\",\"@id\":\"https:\\\/\\\/mering.info\\\/#\\\/schema\\\/person\\\/0855fe0b7a950a699d3c281503f9bdf9\",\"name\":\"Sarah Kohlberger\",\"url\":\"https:\\\/\\\/mering.info\\\/?author=12\"}]}<\/script>\n<!-- \/ Yoast SEO plugin. -->","yoast_head_json":{"title":"Trauer um Mitbegr\u00fcnder Rudi Kaiserswerth - Nachhaltiges Mering","description":"Unser Mitbegr\u00fcnder des \u201eB\u00fcndnis Nachhaltiges Mering\u201c Rudi Kaiserswerth ist pl\u00f6tzlich und unerwartet verstorben.","robots":{"index":"index","follow":"follow","max-snippet":"max-snippet:-1","max-image-preview":"max-image-preview:large","max-video-preview":"max-video-preview:-1"},"canonical":"https:\/\/mering.info\/?p=4849","og_locale":"de_DE","og_type":"article","og_title":"Trauer um Mitbegr\u00fcnder Rudi Kaiserswerth - Nachhaltiges Mering","og_description":"Unser Mitbegr\u00fcnder des \u201eB\u00fcndnis Nachhaltiges Mering\u201c Rudi Kaiserswerth ist pl\u00f6tzlich und unerwartet verstorben.","og_url":"https:\/\/mering.info\/?p=4849","og_site_name":"Nachhaltiges Mering","article_published_time":"2022-08-02T20:04:08+00:00","og_image":[{"url":"https:\/\/mering.info\/wp-content\/uploads\/2022\/08\/Rudi_tiny.png","type":"","width":"","height":""}],"author":"Sarah Kohlberger","twitter_card":"summary_large_image","twitter_misc":{"Verfasst von":"Sarah Kohlberger","Gesch\u00e4tzte Lesezeit":"2\u00a0Minuten"},"schema":{"@context":"https:\/\/schema.org","@graph":[{"@type":"Article","@id":"https:\/\/mering.info\/?p=4849#article","isPartOf":{"@id":"https:\/\/mering.info\/?p=4849"},"author":{"name":"Sarah Kohlberger","@id":"https:\/\/mering.info\/#\/schema\/person\/0855fe0b7a950a699d3c281503f9bdf9"},"headline":"Trauer um Mitbegr\u00fcnder Rudi Kaiserswerth","datePublished":"2022-08-02T20:04:08+00:00","mainEntityOfPage":{"@id":"https:\/\/mering.info\/?p=4849"},"wordCount":257,"commentCount":0,"image":{"@id":"https:\/\/mering.info\/?p=4849#primaryimage"},"thumbnailUrl":"https:\/\/mering.info\/wp-content\/uploads\/2022\/08\/Rudi_tiny.png","articleSection":["Allgemeines"],"inLanguage":"de","potentialAction":[{"@type":"CommentAction","name":"Comment","target":["https:\/\/mering.info\/?p=4849#respond"]}]},{"@type":"WebPage","@id":"https:\/\/mering.info\/?p=4849","url":"https:\/\/mering.info\/?p=4849","name":"Trauer um Mitbegr\u00fcnder Rudi Kaiserswerth - Nachhaltiges Mering","isPartOf":{"@id":"https:\/\/mering.info\/#website"},"primaryImageOfPage":{"@id":"https:\/\/mering.info\/?p=4849#primaryimage"},"image":{"@id":"https:\/\/mering.info\/?p=4849#primaryimage"},"thumbnailUrl":"https:\/\/mering.info\/wp-content\/uploads\/2022\/08\/Rudi_tiny.png","datePublished":"2022-08-02T20:04:08+00:00","author":{"@id":"https:\/\/mering.info\/#\/schema\/person\/0855fe0b7a950a699d3c281503f9bdf9"},"description":"Unser Mitbegr\u00fcnder des \u201eB\u00fcndnis Nachhaltiges Mering\u201c Rudi Kaiserswerth ist pl\u00f6tzlich und unerwartet verstorben.","breadcrumb":{"@id":"https:\/\/mering.info\/?p=4849#breadcrumb"},"inLanguage":"de","potentialAction":[{"@type":"ReadAction","target":["https:\/\/mering.info\/?p=4849"]}]},{"@type":"ImageObject","inLanguage":"de","@id":"https:\/\/mering.info\/?p=4849#primaryimage","url":"https:\/\/mering.info\/wp-content\/uploads\/2022\/08\/Rudi_tiny.png","contentUrl":"https:\/\/mering.info\/wp-content\/uploads\/2022\/08\/Rudi_tiny.png","width":357,"height":500,"caption":"Rudi Kaiserswerth"},{"@type":"BreadcrumbList","@id":"https:\/\/mering.info\/?p=4849#breadcrumb","itemListElement":[{"@type":"ListItem","position":1,"name":"Startseite","item":"https:\/\/mering.info\/"},{"@type":"ListItem","position":2,"name":"Trauer um Mitbegr\u00fcnder Rudi Kaiserswerth"}]},{"@type":"WebSite","@id":"https:\/\/mering.info\/#website","url":"https:\/\/mering.info\/","name":"Nachhaltiges Mering","description":"Zukunftsf\u00e4higes Mering","potentialAction":[{"@type":"SearchAction","target":{"@type":"EntryPoint","urlTemplate":"https:\/\/mering.info\/?s={search_term_string}"},"query-input":{"@type":"PropertyValueSpecification","valueRequired":true,"valueName":"search_term_string"}}],"inLanguage":"de"},{"@type":"Person","@id":"https:\/\/mering.info\/#\/schema\/person\/0855fe0b7a950a699d3c281503f9bdf9","name":"Sarah Kohlberger","url":"https:\/\/mering.info\/?author=12"}]}},"jetpack_publicize_connections":[],"jetpack_featured_media_url":"","jetpack_sharing_enabled":true,"_links":{"self":[{"href":"https:\/\/mering.info\/index.php?rest_route=\/wp\/v2\/posts\/4849","targetHints":{"allow":["GET"]}}],"collection":[{"href":"https:\/\/mering.info\/index.php?rest_route=\/wp\/v2\/posts"}],"about":[{"href":"https:\/\/mering.info\/index.php?rest_route=\/wp\/v2\/types\/post"}],"author":[{"embeddable":true,"href":"https:\/\/mering.info\/index.php?rest_route=\/wp\/v2\/users\/12"}],"replies":[{"embeddable":true,"href":"https:\/\/mering.info\/index.php?rest_route=%2Fwp%2Fv2%2Fcomments&post=4849"}],"version-history":[{"count":6,"href":"https:\/\/mering.info\/index.php?rest_route=\/wp\/v2\/posts\/4849\/revisions"}],"predecessor-version":[{"id":4855,"href":"https:\/\/mering.info\/index.php?rest_route=\/wp\/v2\/posts\/4849\/revisions\/4855"}],"wp:attachment":[{"href":"https:\/\/mering.info\/index.php?rest_route=%2Fwp%2Fv2%2Fmedia&parent=4849"}],"wp:term":[{"taxonomy":"category","embeddable":true,"href":"https:\/\/mering.info\/index.php?rest_route=%2Fwp%2Fv2%2Fcategories&post=4849"},{"taxonomy":"post_tag","embeddable":true,"href":"https:\/\/mering.info\/index.php?rest_route=%2Fwp%2Fv2%2Ftags&post=4849"}],"curies":[{"name":"wp","href":"https:\/\/api.w.org\/{rel}","templated":true}]}}