{"id":4859,"date":"2022-08-13T08:21:27","date_gmt":"2022-08-13T06:21:27","guid":{"rendered":"https:\/\/mering.info\/?p=4859"},"modified":"2022-08-13T08:21:27","modified_gmt":"2022-08-13T06:21:27","slug":"buendnis-trifft-auf-die-gen-wandel-radreisenden","status":"publish","type":"post","link":"https:\/\/mering.info\/?p=4859","title":{"rendered":"B\u00fcndnis trifft auf die GEN-Wandel-Radreisenden"},"content":{"rendered":"<p>Was sind die dr\u00e4ngenden Themen unserer Zukunft \u2013 und wie k\u00f6nnen wir diese angehen? Auf ihrer <a href=\"https:\/\/gen-deutschland.de\/projekt\/wan-wandelreise\/\" target=\"_blank\" rel=\"noopener\">GEN-Wandel-Radreise<\/a> quer durch Deutschland kam das Reise-Team des <a href=\"https:\/\/gen-deutschland.de\/wer-wir-sind\/\" target=\"_blank\" rel=\"noopener\">\u00d6kodorfnetzwerks GEN Deutschland e.V.<\/a> auch in Mering vorbei \u2013 und machte Halt, um sich \u00fcber unser \u201eB\u00fcndnis Nachhaltiges Mering\u201c zu informieren, sich mit uns auszutauschen und uns zu inspirieren.<\/p>\n<p>Das Treffen im Lippgarten fiel auf den sehr sonnigen und warmen 3. August. Kein Wunder, dass die ersch\u00f6pften Radelnden sich direkt nach Ankunft im Kneippbecken erfrischten. Etwa zehn Reisende trafen ein und breiteten sogleich mehrere Karten auf dem Boden aus. Zun\u00e4chst erz\u00e4hlten Michael Dudella und Sarah Kohlberger vom \u201eB\u00fcndnis Nachhaltiges Mering\u201c \u2013 wie es entstand, welche Formate und <a href=\"https:\/\/mering.info\/?page_id=4035\">Produkte<\/a> wir entwickelten und was wir uns f\u00fcr die Zukunft w\u00fcnschten.<\/p>\n<p>Die Besuchenden des <a href=\"https:\/\/gen-deutschland.de\/\" target=\"_blank\" rel=\"noopener\">Global Ecovillage Networks (GEN)<\/a> l\u00f6cherten uns noch mit Fragen zur Nachhaltigkeit und zum Engagement in unserer Region. Danach erz\u00e4hlten sie selbst von ihrer Reise und ihrem Ziel, in Austausch mit nachhaltigen Initiativen zu kommen, sich zu vernetzen und Handlungsans\u00e4tze f\u00fcr eine nachhaltige Zukunft zu diskutieren. Mithilfe der auf dem Boden ausgelegten Karten zeigten sie verschiedene Probleme der Zukunft auf \u2013 und dazu L\u00f6sungsans\u00e4tze mit anschaulichen Beispielen.<\/p>\n<p>Vor allem stellten wir uns der Frage, wie wir B\u00fcrger*innen mit der Gemeinde Mering zusammenarbeiten k\u00f6nnen, um unsere zukunftsorientierten Ideen und Projekte erm\u00f6glichen zu k\u00f6nnen. Wir haben von diesem spannenden Treffen einige Denkanst\u00f6\u00dfe mitgenommen. Es gibt noch viele Stellschrauben, an denen wir drehen k\u00f6nnen \u2013 und sehr zeitnah drehen m\u00fcssen, damit unsere Zukunft lebensf\u00e4hig bleibt.<\/p>\n<p>Die <a href=\"https:\/\/gen-deutschland.de\/projekt\/wan-wandelreise\/\" target=\"_blank\" rel=\"noopener\">GEN-Wandel-Radreise<\/a> begann am 1. August am Eibsee unterhalb der Zugspitze. Etwa 20 Teilnehmende, eine Kerngruppe begleitet von wechselnden Mitreisenden, fahren quer durch Deutschland, um an unterschiedlichen Orten Halt zu machen und verschiedene regionale Initiativen kennenzulernen. Dabei besuchen sie Workshops, Ausstellungen, Vortr\u00e4ge und viele weitere Aktionen der Gastgebenden. Insgesamt 40 Orte werden angefahren, bevor die Reisenden am 10. September nach 1200 Kilometer auf der Insel R\u00fcgen ihr Ziel erreichen.<\/p>\n<p>Ein Filmteam begleitet die Radreise, um im Anschluss einen etwa 30-min\u00fctigen Dokumentarfilm zusammenzustellen. Weitere Informationen zum GEN (Global Ecovillage Network) finden sich auf der Internetseite <a href=\"https:\/\/gen-deutschland.de\/\" target=\"_blank\" rel=\"noopener\">www.gen-deutschland.de<\/a>. Gef\u00f6rdert wird die Reise vom <a href=\"https:\/\/www.umweltbundesamt.de\/\" target=\"_blank\" rel=\"noopener\">Umweltbundesamt<\/a> und dem <a href=\"https:\/\/www.bmuv.de\/\" target=\"_blank\" rel=\"noopener\">Bundesministerium f\u00fcr Umwelt, Naturschutz, nukleare Sicherheit und Verbraucherschutz<\/a>.<\/p>\n","protected":false},"excerpt":{"rendered":"<p>Was sind die dr\u00e4ngenden Themen unserer Zukunft \u2013 und wie k\u00f6nnen wir diese angehen? Auf ihrer GEN-Wandel-Radreise quer durch Deutschland kam das Reise-Team des \u00d6kodorfnetzwerks GEN Deutschland e.V. auch in &hellip; <a href=\"https:\/\/mering.info\/?p=4859\" class=\"more-link\"><span class=\"screen-reader-text\">B\u00fcndnis trifft auf die GEN-Wandel-Radreisenden<\/span> weiterlesen <span class=\"meta-nav\">&rarr;<\/span><\/a><\/p>\n","protected":false},"author":12,"featured_media":4862,"comment_status":"open","ping_status":"open","sticky":false,"template":"","format":"standard","meta":{"jetpack_post_was_ever_published":false,"_jetpack_newsletter_access":"","_jetpack_dont_email_post_to_subs":false,"_jetpack_newsletter_tier_id":0,"_jetpack_memberships_contains_paywalled_content":false,"_jetpack_memberships_contains_paid_content":false,"footnotes":"","jetpack_publicize_message":"","jetpack_publicize_feature_enabled":true,"jetpack_social_post_already_shared":true,"jetpack_social_options":{"image_generator_settings":{"template":"highway","default_image_id":0,"font":"","enabled":false},"version":2}},"categories":[40],"tags":[195,197,196,198],"class_list":["post-4859","post","type-post","status-publish","format-standard","has-post-thumbnail","hentry","category-ideen","tag-gen","tag-radreise","tag-wandel","tag-zukunft"],"yoast_head":"<!-- This site is optimized with the Yoast SEO plugin v27.5 - https:\/\/yoast.com\/product\/yoast-seo-wordpress\/ -->\n<title>B\u00fcndnis trifft auf die GEN-Wandel-Radreisenden - Nachhaltiges Mering<\/title>\n<meta name=\"description\" content=\"Auf ihrer GEN-Wandel-Radreise kam das Reise-Team auch in Mering vorbei \u2013 und sprach mit uns \u00fcber die dr\u00e4ngenden Fragen der Zukunft.\" \/>\n<meta name=\"robots\" content=\"index, follow, max-snippet:-1, max-image-preview:large, max-video-preview:-1\" \/>\n<link rel=\"canonical\" href=\"https:\/\/mering.info\/?p=4859\" \/>\n<meta property=\"og:locale\" content=\"de_DE\" \/>\n<meta property=\"og:type\" content=\"article\" \/>\n<meta property=\"og:title\" content=\"B\u00fcndnis trifft auf die GEN-Wandel-Radreisenden - Nachhaltiges Mering\" \/>\n<meta property=\"og:description\" content=\"Auf ihrer GEN-Wandel-Radreise kam das Reise-Team auch in Mering vorbei \u2013 und sprach mit uns \u00fcber die dr\u00e4ngenden Fragen der Zukunft.\" \/>\n<meta property=\"og:url\" content=\"https:\/\/mering.info\/?p=4859\" \/>\n<meta property=\"og:site_name\" content=\"Nachhaltiges Mering\" \/>\n<meta property=\"article:published_time\" content=\"2022-08-13T06:21:27+00:00\" \/>\n<meta property=\"og:image\" content=\"https:\/\/mering.info\/wp-content\/uploads\/2022\/08\/20220803_203850_700_tiny.jpg\" \/>\n\t<meta property=\"og:image:width\" content=\"700\" \/>\n\t<meta property=\"og:image:height\" content=\"416\" \/>\n\t<meta property=\"og:image:type\" content=\"image\/jpeg\" \/>\n<meta name=\"author\" content=\"Sarah Kohlberger\" \/>\n<meta name=\"twitter:card\" content=\"summary_large_image\" \/>\n<meta name=\"twitter:label1\" content=\"Verfasst von\" \/>\n\t<meta name=\"twitter:data1\" content=\"Sarah Kohlberger\" \/>\n\t<meta name=\"twitter:label2\" content=\"Gesch\u00e4tzte Lesezeit\" \/>\n\t<meta name=\"twitter:data2\" content=\"2\u00a0Minuten\" \/>\n<script type=\"application\/ld+json\" class=\"yoast-schema-graph\">{\"@context\":\"https:\\\/\\\/schema.org\",\"@graph\":[{\"@type\":\"Article\",\"@id\":\"https:\\\/\\\/mering.info\\\/?p=4859#article\",\"isPartOf\":{\"@id\":\"https:\\\/\\\/mering.info\\\/?p=4859\"},\"author\":{\"name\":\"Sarah Kohlberger\",\"@id\":\"https:\\\/\\\/mering.info\\\/#\\\/schema\\\/person\\\/0855fe0b7a950a699d3c281503f9bdf9\"},\"headline\":\"B\u00fcndnis trifft auf die GEN-Wandel-Radreisenden\",\"datePublished\":\"2022-08-13T06:21:27+00:00\",\"mainEntityOfPage\":{\"@id\":\"https:\\\/\\\/mering.info\\\/?p=4859\"},\"wordCount\":384,\"commentCount\":0,\"image\":{\"@id\":\"https:\\\/\\\/mering.info\\\/?p=4859#primaryimage\"},\"thumbnailUrl\":\"https:\\\/\\\/mering.info\\\/wp-content\\\/uploads\\\/2022\\\/08\\\/20220803_203850_700_tiny.jpg\",\"keywords\":[\"GEN\",\"Radreise\",\"Wandel\",\"Zukunft\"],\"articleSection\":[\"Ideen\"],\"inLanguage\":\"de\",\"potentialAction\":[{\"@type\":\"CommentAction\",\"name\":\"Comment\",\"target\":[\"https:\\\/\\\/mering.info\\\/?p=4859#respond\"]}]},{\"@type\":\"WebPage\",\"@id\":\"https:\\\/\\\/mering.info\\\/?p=4859\",\"url\":\"https:\\\/\\\/mering.info\\\/?p=4859\",\"name\":\"B\u00fcndnis trifft auf die GEN-Wandel-Radreisenden - Nachhaltiges Mering\",\"isPartOf\":{\"@id\":\"https:\\\/\\\/mering.info\\\/#website\"},\"primaryImageOfPage\":{\"@id\":\"https:\\\/\\\/mering.info\\\/?p=4859#primaryimage\"},\"image\":{\"@id\":\"https:\\\/\\\/mering.info\\\/?p=4859#primaryimage\"},\"thumbnailUrl\":\"https:\\\/\\\/mering.info\\\/wp-content\\\/uploads\\\/2022\\\/08\\\/20220803_203850_700_tiny.jpg\",\"datePublished\":\"2022-08-13T06:21:27+00:00\",\"author\":{\"@id\":\"https:\\\/\\\/mering.info\\\/#\\\/schema\\\/person\\\/0855fe0b7a950a699d3c281503f9bdf9\"},\"description\":\"Auf ihrer GEN-Wandel-Radreise kam das Reise-Team auch in Mering vorbei \u2013 und sprach mit uns \u00fcber die dr\u00e4ngenden Fragen der Zukunft.\",\"breadcrumb\":{\"@id\":\"https:\\\/\\\/mering.info\\\/?p=4859#breadcrumb\"},\"inLanguage\":\"de\",\"potentialAction\":[{\"@type\":\"ReadAction\",\"target\":[\"https:\\\/\\\/mering.info\\\/?p=4859\"]}]},{\"@type\":\"ImageObject\",\"inLanguage\":\"de\",\"@id\":\"https:\\\/\\\/mering.info\\\/?p=4859#primaryimage\",\"url\":\"https:\\\/\\\/mering.info\\\/wp-content\\\/uploads\\\/2022\\\/08\\\/20220803_203850_700_tiny.jpg\",\"contentUrl\":\"https:\\\/\\\/mering.info\\\/wp-content\\\/uploads\\\/2022\\\/08\\\/20220803_203850_700_tiny.jpg\",\"width\":700,\"height\":416},{\"@type\":\"BreadcrumbList\",\"@id\":\"https:\\\/\\\/mering.info\\\/?p=4859#breadcrumb\",\"itemListElement\":[{\"@type\":\"ListItem\",\"position\":1,\"name\":\"Startseite\",\"item\":\"https:\\\/\\\/mering.info\\\/\"},{\"@type\":\"ListItem\",\"position\":2,\"name\":\"B\u00fcndnis trifft auf die GEN-Wandel-Radreisenden\"}]},{\"@type\":\"WebSite\",\"@id\":\"https:\\\/\\\/mering.info\\\/#website\",\"url\":\"https:\\\/\\\/mering.info\\\/\",\"name\":\"Nachhaltiges Mering\",\"description\":\"Zukunftsf\u00e4higes Mering\",\"potentialAction\":[{\"@type\":\"SearchAction\",\"target\":{\"@type\":\"EntryPoint\",\"urlTemplate\":\"https:\\\/\\\/mering.info\\\/?s={search_term_string}\"},\"query-input\":{\"@type\":\"PropertyValueSpecification\",\"valueRequired\":true,\"valueName\":\"search_term_string\"}}],\"inLanguage\":\"de\"},{\"@type\":\"Person\",\"@id\":\"https:\\\/\\\/mering.info\\\/#\\\/schema\\\/person\\\/0855fe0b7a950a699d3c281503f9bdf9\",\"name\":\"Sarah Kohlberger\",\"url\":\"https:\\\/\\\/mering.info\\\/?author=12\"}]}<\/script>\n<!-- \/ Yoast SEO plugin. -->","yoast_head_json":{"title":"B\u00fcndnis trifft auf die GEN-Wandel-Radreisenden - Nachhaltiges Mering","description":"Auf ihrer GEN-Wandel-Radreise kam das Reise-Team auch in Mering vorbei \u2013 und sprach mit uns \u00fcber die dr\u00e4ngenden Fragen der Zukunft.","robots":{"index":"index","follow":"follow","max-snippet":"max-snippet:-1","max-image-preview":"max-image-preview:large","max-video-preview":"max-video-preview:-1"},"canonical":"https:\/\/mering.info\/?p=4859","og_locale":"de_DE","og_type":"article","og_title":"B\u00fcndnis trifft auf die GEN-Wandel-Radreisenden - Nachhaltiges Mering","og_description":"Auf ihrer GEN-Wandel-Radreise kam das Reise-Team auch in Mering vorbei \u2013 und sprach mit uns \u00fcber die dr\u00e4ngenden Fragen der Zukunft.","og_url":"https:\/\/mering.info\/?p=4859","og_site_name":"Nachhaltiges Mering","article_published_time":"2022-08-13T06:21:27+00:00","og_image":[{"width":700,"height":416,"url":"https:\/\/mering.info\/wp-content\/uploads\/2022\/08\/20220803_203850_700_tiny.jpg","type":"image\/jpeg"}],"author":"Sarah Kohlberger","twitter_card":"summary_large_image","twitter_misc":{"Verfasst von":"Sarah Kohlberger","Gesch\u00e4tzte Lesezeit":"2\u00a0Minuten"},"schema":{"@context":"https:\/\/schema.org","@graph":[{"@type":"Article","@id":"https:\/\/mering.info\/?p=4859#article","isPartOf":{"@id":"https:\/\/mering.info\/?p=4859"},"author":{"name":"Sarah Kohlberger","@id":"https:\/\/mering.info\/#\/schema\/person\/0855fe0b7a950a699d3c281503f9bdf9"},"headline":"B\u00fcndnis trifft auf die GEN-Wandel-Radreisenden","datePublished":"2022-08-13T06:21:27+00:00","mainEntityOfPage":{"@id":"https:\/\/mering.info\/?p=4859"},"wordCount":384,"commentCount":0,"image":{"@id":"https:\/\/mering.info\/?p=4859#primaryimage"},"thumbnailUrl":"https:\/\/mering.info\/wp-content\/uploads\/2022\/08\/20220803_203850_700_tiny.jpg","keywords":["GEN","Radreise","Wandel","Zukunft"],"articleSection":["Ideen"],"inLanguage":"de","potentialAction":[{"@type":"CommentAction","name":"Comment","target":["https:\/\/mering.info\/?p=4859#respond"]}]},{"@type":"WebPage","@id":"https:\/\/mering.info\/?p=4859","url":"https:\/\/mering.info\/?p=4859","name":"B\u00fcndnis trifft auf die GEN-Wandel-Radreisenden - Nachhaltiges Mering","isPartOf":{"@id":"https:\/\/mering.info\/#website"},"primaryImageOfPage":{"@id":"https:\/\/mering.info\/?p=4859#primaryimage"},"image":{"@id":"https:\/\/mering.info\/?p=4859#primaryimage"},"thumbnailUrl":"https:\/\/mering.info\/wp-content\/uploads\/2022\/08\/20220803_203850_700_tiny.jpg","datePublished":"2022-08-13T06:21:27+00:00","author":{"@id":"https:\/\/mering.info\/#\/schema\/person\/0855fe0b7a950a699d3c281503f9bdf9"},"description":"Auf ihrer GEN-Wandel-Radreise kam das Reise-Team auch in Mering vorbei \u2013 und sprach mit uns \u00fcber die dr\u00e4ngenden Fragen der Zukunft.","breadcrumb":{"@id":"https:\/\/mering.info\/?p=4859#breadcrumb"},"inLanguage":"de","potentialAction":[{"@type":"ReadAction","target":["https:\/\/mering.info\/?p=4859"]}]},{"@type":"ImageObject","inLanguage":"de","@id":"https:\/\/mering.info\/?p=4859#primaryimage","url":"https:\/\/mering.info\/wp-content\/uploads\/2022\/08\/20220803_203850_700_tiny.jpg","contentUrl":"https:\/\/mering.info\/wp-content\/uploads\/2022\/08\/20220803_203850_700_tiny.jpg","width":700,"height":416},{"@type":"BreadcrumbList","@id":"https:\/\/mering.info\/?p=4859#breadcrumb","itemListElement":[{"@type":"ListItem","position":1,"name":"Startseite","item":"https:\/\/mering.info\/"},{"@type":"ListItem","position":2,"name":"B\u00fcndnis trifft auf die GEN-Wandel-Radreisenden"}]},{"@type":"WebSite","@id":"https:\/\/mering.info\/#website","url":"https:\/\/mering.info\/","name":"Nachhaltiges Mering","description":"Zukunftsf\u00e4higes Mering","potentialAction":[{"@type":"SearchAction","target":{"@type":"EntryPoint","urlTemplate":"https:\/\/mering.info\/?s={search_term_string}"},"query-input":{"@type":"PropertyValueSpecification","valueRequired":true,"valueName":"search_term_string"}}],"inLanguage":"de"},{"@type":"Person","@id":"https:\/\/mering.info\/#\/schema\/person\/0855fe0b7a950a699d3c281503f9bdf9","name":"Sarah Kohlberger","url":"https:\/\/mering.info\/?author=12"}]}},"jetpack_publicize_connections":[],"jetpack_featured_media_url":"https:\/\/mering.info\/wp-content\/uploads\/2022\/08\/20220803_203850_700_tiny.jpg","jetpack_sharing_enabled":true,"_links":{"self":[{"href":"https:\/\/mering.info\/index.php?rest_route=\/wp\/v2\/posts\/4859","targetHints":{"allow":["GET"]}}],"collection":[{"href":"https:\/\/mering.info\/index.php?rest_route=\/wp\/v2\/posts"}],"about":[{"href":"https:\/\/mering.info\/index.php?rest_route=\/wp\/v2\/types\/post"}],"author":[{"embeddable":true,"href":"https:\/\/mering.info\/index.php?rest_route=\/wp\/v2\/users\/12"}],"replies":[{"embeddable":true,"href":"https:\/\/mering.info\/index.php?rest_route=%2Fwp%2Fv2%2Fcomments&post=4859"}],"version-history":[{"count":2,"href":"https:\/\/mering.info\/index.php?rest_route=\/wp\/v2\/posts\/4859\/revisions"}],"predecessor-version":[{"id":4863,"href":"https:\/\/mering.info\/index.php?rest_route=\/wp\/v2\/posts\/4859\/revisions\/4863"}],"wp:featuredmedia":[{"embeddable":true,"href":"https:\/\/mering.info\/index.php?rest_route=\/wp\/v2\/media\/4862"}],"wp:attachment":[{"href":"https:\/\/mering.info\/index.php?rest_route=%2Fwp%2Fv2%2Fmedia&parent=4859"}],"wp:term":[{"taxonomy":"category","embeddable":true,"href":"https:\/\/mering.info\/index.php?rest_route=%2Fwp%2Fv2%2Fcategories&post=4859"},{"taxonomy":"post_tag","embeddable":true,"href":"https:\/\/mering.info\/index.php?rest_route=%2Fwp%2Fv2%2Ftags&post=4859"}],"curies":[{"name":"wp","href":"https:\/\/api.w.org\/{rel}","templated":true}]}}