{"id":4935,"date":"2022-09-26T21:39:45","date_gmt":"2022-09-26T19:39:45","guid":{"rendered":"https:\/\/mering.info\/?p=4935"},"modified":"2022-09-26T21:39:45","modified_gmt":"2022-09-26T19:39:45","slug":"weltklimastreik-auch-in-mering-mit-konkreten-forderungen-der-fff","status":"publish","type":"post","link":"https:\/\/mering.info\/?p=4935","title":{"rendered":"Weltklimastreik auch in Mering &#8211; mit konkreten Forderungen der FFF"},"content":{"rendered":"<p><em>&#8222;Raus aus dem Gel\u00e4ndewagen, alle k\u00f6nnt ihr Fahrrad fahren!&#8220;<\/em><\/p>\n<p>Mit diesem und vielen weiteren Spr\u00fcchen und Parolen zogen die Fridays for Future unter Mithilfe der Parents for Future Mering und vielen tollen Ordnern und Ordnerinnen am vergangenen Globalen Klimastreiktag, am Freitag, 23. September 2022, auch durch Merings Stra\u00dfen. Der Klimaschutz darf neben anderen Krisen nicht vergessen werden, vor allem wenn wir bedenken, dass viele Krisen erst durch fehlenden Klimaschutz entstehen. Daher beteiligten sich auch einige Aktive des B\u00fcndnis mit Begeisterung an dem Stra\u00dfenzug durch Mering.<\/p>\n<p>Zun\u00e4chst versammelten sich die Demonstrierenden sowie die Helfenden auf dem Badanger-Gel\u00e4nde. Bei strahlendem Sonnenschein und warmen Temperaturen startete die Demo um 16 Uhr, und der Zug f\u00fchrte vom Badanger \u00fcber die M\u00fcnchnerstra\u00dfe um die Kirche herum bis zum Zielort, dem Marktplatz.<\/p>\n<p>Dort angekommen stellten die Demonstrierenden ihre konkreten Forderungen an die Meringer Lokalpolitik. Gute Ans\u00e4tze w\u00e4ren vorhanden, die Beteiligten im Gemeinderat gewillt und offen f\u00fcr Ideen, Pl\u00e4ne gebe es auch schon &#8211; doch die Umsetzung lasse h\u00e4ufig zu w\u00fcnschen \u00fcbrig, teils auch, weil sich die Beteiligten nicht einigen k\u00f6nnen. Als Beispiele f\u00fchrten sie die Fahrradstellpl\u00e4tze und fehlenden Radwege an &#8211; aber auch der Mangel an ausreichenden Elektroladestationen, die mit Zunahme der Elektroautos und -fahrr\u00e4dern immer n\u00f6tiger werden, sollte ausgeglichen werden.<\/p>\n<p>Auch wir vom B\u00fcndnis hoffen, dass der Marktgemeinderat den Ruf der Demonstrierenden geh\u00f6rt hat und sich die Forderung zu Herzen nimmt: bei seinen Beschl\u00fcssen auf einen effektiven, gerechten und vor allem schnellen Klimaschutz zu achten.<\/p>\n<p>Unser Dank gilt den Kindern und Jugendlichen von Fridays For Future, die sich mit voller Motivation weiterhin diesem wichtigen Thema widmen und mit sich viel Engagement Spr\u00fcche und Reden \u00fcberlegten und die Demo anleiteten. Auch in Mering kann noch viel f\u00fcr den Klimaschutz getan werden &#8211; und es braucht Menschen wie euch, die immer wieder darauf aufmerksam machen.<\/p>\n<p><em>Bild: Michael Dudella<\/em><\/p>\n","protected":false},"excerpt":{"rendered":"<p>&#8222;Raus aus dem Gel\u00e4ndewagen, alle k\u00f6nnt ihr Fahrrad fahren!&#8220; Mit diesem und vielen weiteren Spr\u00fcchen und Parolen zogen die Fridays for Future unter Mithilfe der Parents for Future Mering und &hellip; <a href=\"https:\/\/mering.info\/?p=4935\" class=\"more-link\"><span class=\"screen-reader-text\">Weltklimastreik auch in Mering &#8211; mit konkreten Forderungen der FFF<\/span> weiterlesen <span class=\"meta-nav\">&rarr;<\/span><\/a><\/p>\n","protected":false},"author":12,"featured_media":4937,"comment_status":"open","ping_status":"open","sticky":false,"template":"","format":"standard","meta":{"jetpack_post_was_ever_published":false,"_jetpack_newsletter_access":"","_jetpack_dont_email_post_to_subs":false,"_jetpack_newsletter_tier_id":0,"_jetpack_memberships_contains_paywalled_content":false,"_jetpack_memberships_contains_paid_content":false,"footnotes":"","jetpack_publicize_message":"","jetpack_publicize_feature_enabled":true,"jetpack_social_post_already_shared":true,"jetpack_social_options":{"image_generator_settings":{"template":"highway","default_image_id":0,"font":"","enabled":false},"version":2}},"categories":[201],"tags":[199,154,122],"class_list":["post-4935","post","type-post","status-publish","format-standard","has-post-thumbnail","hentry","category-klimastreik-veranstaltung-2","tag-fridays-for-future","tag-klimastreik","tag-klimawandel"],"yoast_head":"<!-- This site is optimized with the Yoast SEO plugin v27.4 - https:\/\/yoast.com\/product\/yoast-seo-wordpress\/ -->\n<title>Weltklimastreik auch in Mering - mit konkreten Forderungen der FFF - Nachhaltiges Mering<\/title>\n<meta name=\"description\" content=\"Mehr mit dem Fahrrad fahren anstatt mit dem Auto - das ist eine der Forderungen der FFF. Mit ihren Parolen zogen sie auch durch Mering.\" \/>\n<meta name=\"robots\" content=\"index, follow, max-snippet:-1, max-image-preview:large, max-video-preview:-1\" \/>\n<link rel=\"canonical\" href=\"https:\/\/mering.info\/?p=4935\" \/>\n<meta property=\"og:locale\" content=\"de_DE\" \/>\n<meta property=\"og:type\" content=\"article\" \/>\n<meta property=\"og:title\" content=\"Weltklimastreik auch in Mering - mit konkreten Forderungen der FFF - Nachhaltiges Mering\" \/>\n<meta property=\"og:description\" content=\"Mehr mit dem Fahrrad fahren anstatt mit dem Auto - das ist eine der Forderungen der FFF. Mit ihren Parolen zogen sie auch durch Mering.\" \/>\n<meta property=\"og:url\" content=\"https:\/\/mering.info\/?p=4935\" \/>\n<meta property=\"og:site_name\" content=\"Nachhaltiges Mering\" \/>\n<meta property=\"article:published_time\" content=\"2022-09-26T19:39:45+00:00\" \/>\n<meta property=\"og:image\" content=\"https:\/\/mering.info\/wp-content\/uploads\/2022\/09\/20220923_164027_klein.jpg\" \/>\n\t<meta property=\"og:image:width\" content=\"700\" \/>\n\t<meta property=\"og:image:height\" content=\"400\" \/>\n\t<meta property=\"og:image:type\" content=\"image\/jpeg\" \/>\n<meta name=\"author\" content=\"Sarah Kohlberger\" \/>\n<meta name=\"twitter:card\" content=\"summary_large_image\" \/>\n<meta name=\"twitter:label1\" content=\"Verfasst von\" \/>\n\t<meta name=\"twitter:data1\" content=\"Sarah Kohlberger\" \/>\n\t<meta name=\"twitter:label2\" content=\"Gesch\u00e4tzte Lesezeit\" \/>\n\t<meta name=\"twitter:data2\" content=\"2\u00a0Minuten\" \/>\n<script type=\"application\/ld+json\" class=\"yoast-schema-graph\">{\"@context\":\"https:\\\/\\\/schema.org\",\"@graph\":[{\"@type\":\"Article\",\"@id\":\"https:\\\/\\\/mering.info\\\/?p=4935#article\",\"isPartOf\":{\"@id\":\"https:\\\/\\\/mering.info\\\/?p=4935\"},\"author\":{\"name\":\"Sarah Kohlberger\",\"@id\":\"https:\\\/\\\/mering.info\\\/#\\\/schema\\\/person\\\/0855fe0b7a950a699d3c281503f9bdf9\"},\"headline\":\"Weltklimastreik auch in Mering &#8211; mit konkreten Forderungen der FFF\",\"datePublished\":\"2022-09-26T19:39:45+00:00\",\"mainEntityOfPage\":{\"@id\":\"https:\\\/\\\/mering.info\\\/?p=4935\"},\"wordCount\":335,\"commentCount\":0,\"image\":{\"@id\":\"https:\\\/\\\/mering.info\\\/?p=4935#primaryimage\"},\"thumbnailUrl\":\"https:\\\/\\\/mering.info\\\/wp-content\\\/uploads\\\/2022\\\/09\\\/20220923_164027_klein.jpg\",\"keywords\":[\"Fridays for Future\",\"Klimastreik\",\"Klimawandel\"],\"articleSection\":[\"Klimastreik\"],\"inLanguage\":\"de\",\"potentialAction\":[{\"@type\":\"CommentAction\",\"name\":\"Comment\",\"target\":[\"https:\\\/\\\/mering.info\\\/?p=4935#respond\"]}]},{\"@type\":\"WebPage\",\"@id\":\"https:\\\/\\\/mering.info\\\/?p=4935\",\"url\":\"https:\\\/\\\/mering.info\\\/?p=4935\",\"name\":\"Weltklimastreik auch in Mering - mit konkreten Forderungen der FFF - Nachhaltiges Mering\",\"isPartOf\":{\"@id\":\"https:\\\/\\\/mering.info\\\/#website\"},\"primaryImageOfPage\":{\"@id\":\"https:\\\/\\\/mering.info\\\/?p=4935#primaryimage\"},\"image\":{\"@id\":\"https:\\\/\\\/mering.info\\\/?p=4935#primaryimage\"},\"thumbnailUrl\":\"https:\\\/\\\/mering.info\\\/wp-content\\\/uploads\\\/2022\\\/09\\\/20220923_164027_klein.jpg\",\"datePublished\":\"2022-09-26T19:39:45+00:00\",\"author\":{\"@id\":\"https:\\\/\\\/mering.info\\\/#\\\/schema\\\/person\\\/0855fe0b7a950a699d3c281503f9bdf9\"},\"description\":\"Mehr mit dem Fahrrad fahren anstatt mit dem Auto - das ist eine der Forderungen der FFF. Mit ihren Parolen zogen sie auch durch Mering.\",\"breadcrumb\":{\"@id\":\"https:\\\/\\\/mering.info\\\/?p=4935#breadcrumb\"},\"inLanguage\":\"de\",\"potentialAction\":[{\"@type\":\"ReadAction\",\"target\":[\"https:\\\/\\\/mering.info\\\/?p=4935\"]}]},{\"@type\":\"ImageObject\",\"inLanguage\":\"de\",\"@id\":\"https:\\\/\\\/mering.info\\\/?p=4935#primaryimage\",\"url\":\"https:\\\/\\\/mering.info\\\/wp-content\\\/uploads\\\/2022\\\/09\\\/20220923_164027_klein.jpg\",\"contentUrl\":\"https:\\\/\\\/mering.info\\\/wp-content\\\/uploads\\\/2022\\\/09\\\/20220923_164027_klein.jpg\",\"width\":700,\"height\":400,\"caption\":\"Weltklimastreik\"},{\"@type\":\"BreadcrumbList\",\"@id\":\"https:\\\/\\\/mering.info\\\/?p=4935#breadcrumb\",\"itemListElement\":[{\"@type\":\"ListItem\",\"position\":1,\"name\":\"Startseite\",\"item\":\"https:\\\/\\\/mering.info\\\/\"},{\"@type\":\"ListItem\",\"position\":2,\"name\":\"Weltklimastreik auch in Mering &#8211; mit konkreten Forderungen der FFF\"}]},{\"@type\":\"WebSite\",\"@id\":\"https:\\\/\\\/mering.info\\\/#website\",\"url\":\"https:\\\/\\\/mering.info\\\/\",\"name\":\"Nachhaltiges Mering\",\"description\":\"Zukunftsf\u00e4higes Mering\",\"potentialAction\":[{\"@type\":\"SearchAction\",\"target\":{\"@type\":\"EntryPoint\",\"urlTemplate\":\"https:\\\/\\\/mering.info\\\/?s={search_term_string}\"},\"query-input\":{\"@type\":\"PropertyValueSpecification\",\"valueRequired\":true,\"valueName\":\"search_term_string\"}}],\"inLanguage\":\"de\"},{\"@type\":\"Person\",\"@id\":\"https:\\\/\\\/mering.info\\\/#\\\/schema\\\/person\\\/0855fe0b7a950a699d3c281503f9bdf9\",\"name\":\"Sarah Kohlberger\",\"url\":\"https:\\\/\\\/mering.info\\\/?author=12\"}]}<\/script>\n<!-- \/ Yoast SEO plugin. -->","yoast_head_json":{"title":"Weltklimastreik auch in Mering - mit konkreten Forderungen der FFF - Nachhaltiges Mering","description":"Mehr mit dem Fahrrad fahren anstatt mit dem Auto - das ist eine der Forderungen der FFF. Mit ihren Parolen zogen sie auch durch Mering.","robots":{"index":"index","follow":"follow","max-snippet":"max-snippet:-1","max-image-preview":"max-image-preview:large","max-video-preview":"max-video-preview:-1"},"canonical":"https:\/\/mering.info\/?p=4935","og_locale":"de_DE","og_type":"article","og_title":"Weltklimastreik auch in Mering - mit konkreten Forderungen der FFF - Nachhaltiges Mering","og_description":"Mehr mit dem Fahrrad fahren anstatt mit dem Auto - das ist eine der Forderungen der FFF. Mit ihren Parolen zogen sie auch durch Mering.","og_url":"https:\/\/mering.info\/?p=4935","og_site_name":"Nachhaltiges Mering","article_published_time":"2022-09-26T19:39:45+00:00","og_image":[{"width":700,"height":400,"url":"https:\/\/mering.info\/wp-content\/uploads\/2022\/09\/20220923_164027_klein.jpg","type":"image\/jpeg"}],"author":"Sarah Kohlberger","twitter_card":"summary_large_image","twitter_misc":{"Verfasst von":"Sarah Kohlberger","Gesch\u00e4tzte Lesezeit":"2\u00a0Minuten"},"schema":{"@context":"https:\/\/schema.org","@graph":[{"@type":"Article","@id":"https:\/\/mering.info\/?p=4935#article","isPartOf":{"@id":"https:\/\/mering.info\/?p=4935"},"author":{"name":"Sarah Kohlberger","@id":"https:\/\/mering.info\/#\/schema\/person\/0855fe0b7a950a699d3c281503f9bdf9"},"headline":"Weltklimastreik auch in Mering &#8211; mit konkreten Forderungen der FFF","datePublished":"2022-09-26T19:39:45+00:00","mainEntityOfPage":{"@id":"https:\/\/mering.info\/?p=4935"},"wordCount":335,"commentCount":0,"image":{"@id":"https:\/\/mering.info\/?p=4935#primaryimage"},"thumbnailUrl":"https:\/\/mering.info\/wp-content\/uploads\/2022\/09\/20220923_164027_klein.jpg","keywords":["Fridays for Future","Klimastreik","Klimawandel"],"articleSection":["Klimastreik"],"inLanguage":"de","potentialAction":[{"@type":"CommentAction","name":"Comment","target":["https:\/\/mering.info\/?p=4935#respond"]}]},{"@type":"WebPage","@id":"https:\/\/mering.info\/?p=4935","url":"https:\/\/mering.info\/?p=4935","name":"Weltklimastreik auch in Mering - mit konkreten Forderungen der FFF - Nachhaltiges Mering","isPartOf":{"@id":"https:\/\/mering.info\/#website"},"primaryImageOfPage":{"@id":"https:\/\/mering.info\/?p=4935#primaryimage"},"image":{"@id":"https:\/\/mering.info\/?p=4935#primaryimage"},"thumbnailUrl":"https:\/\/mering.info\/wp-content\/uploads\/2022\/09\/20220923_164027_klein.jpg","datePublished":"2022-09-26T19:39:45+00:00","author":{"@id":"https:\/\/mering.info\/#\/schema\/person\/0855fe0b7a950a699d3c281503f9bdf9"},"description":"Mehr mit dem Fahrrad fahren anstatt mit dem Auto - das ist eine der Forderungen der FFF. Mit ihren Parolen zogen sie auch durch Mering.","breadcrumb":{"@id":"https:\/\/mering.info\/?p=4935#breadcrumb"},"inLanguage":"de","potentialAction":[{"@type":"ReadAction","target":["https:\/\/mering.info\/?p=4935"]}]},{"@type":"ImageObject","inLanguage":"de","@id":"https:\/\/mering.info\/?p=4935#primaryimage","url":"https:\/\/mering.info\/wp-content\/uploads\/2022\/09\/20220923_164027_klein.jpg","contentUrl":"https:\/\/mering.info\/wp-content\/uploads\/2022\/09\/20220923_164027_klein.jpg","width":700,"height":400,"caption":"Weltklimastreik"},{"@type":"BreadcrumbList","@id":"https:\/\/mering.info\/?p=4935#breadcrumb","itemListElement":[{"@type":"ListItem","position":1,"name":"Startseite","item":"https:\/\/mering.info\/"},{"@type":"ListItem","position":2,"name":"Weltklimastreik auch in Mering &#8211; mit konkreten Forderungen der FFF"}]},{"@type":"WebSite","@id":"https:\/\/mering.info\/#website","url":"https:\/\/mering.info\/","name":"Nachhaltiges Mering","description":"Zukunftsf\u00e4higes Mering","potentialAction":[{"@type":"SearchAction","target":{"@type":"EntryPoint","urlTemplate":"https:\/\/mering.info\/?s={search_term_string}"},"query-input":{"@type":"PropertyValueSpecification","valueRequired":true,"valueName":"search_term_string"}}],"inLanguage":"de"},{"@type":"Person","@id":"https:\/\/mering.info\/#\/schema\/person\/0855fe0b7a950a699d3c281503f9bdf9","name":"Sarah Kohlberger","url":"https:\/\/mering.info\/?author=12"}]}},"jetpack_publicize_connections":[],"jetpack_featured_media_url":"https:\/\/mering.info\/wp-content\/uploads\/2022\/09\/20220923_164027_klein.jpg","jetpack_sharing_enabled":true,"_links":{"self":[{"href":"https:\/\/mering.info\/index.php?rest_route=\/wp\/v2\/posts\/4935","targetHints":{"allow":["GET"]}}],"collection":[{"href":"https:\/\/mering.info\/index.php?rest_route=\/wp\/v2\/posts"}],"about":[{"href":"https:\/\/mering.info\/index.php?rest_route=\/wp\/v2\/types\/post"}],"author":[{"embeddable":true,"href":"https:\/\/mering.info\/index.php?rest_route=\/wp\/v2\/users\/12"}],"replies":[{"embeddable":true,"href":"https:\/\/mering.info\/index.php?rest_route=%2Fwp%2Fv2%2Fcomments&post=4935"}],"version-history":[{"count":4,"href":"https:\/\/mering.info\/index.php?rest_route=\/wp\/v2\/posts\/4935\/revisions"}],"predecessor-version":[{"id":4940,"href":"https:\/\/mering.info\/index.php?rest_route=\/wp\/v2\/posts\/4935\/revisions\/4940"}],"wp:featuredmedia":[{"embeddable":true,"href":"https:\/\/mering.info\/index.php?rest_route=\/wp\/v2\/media\/4937"}],"wp:attachment":[{"href":"https:\/\/mering.info\/index.php?rest_route=%2Fwp%2Fv2%2Fmedia&parent=4935"}],"wp:term":[{"taxonomy":"category","embeddable":true,"href":"https:\/\/mering.info\/index.php?rest_route=%2Fwp%2Fv2%2Fcategories&post=4935"},{"taxonomy":"post_tag","embeddable":true,"href":"https:\/\/mering.info\/index.php?rest_route=%2Fwp%2Fv2%2Ftags&post=4935"}],"curies":[{"name":"wp","href":"https:\/\/api.w.org\/{rel}","templated":true}]}}