{"id":4943,"date":"2022-09-26T22:36:22","date_gmt":"2022-09-26T20:36:22","guid":{"rendered":"https:\/\/mering.info\/?p=4943"},"modified":"2022-10-01T13:25:55","modified_gmt":"2022-10-01T11:25:55","slug":"1000-jahre-mering-und-wir-mittendrin","status":"publish","type":"post","link":"https:\/\/mering.info\/?p=4943","title":{"rendered":"1000 Jahre Mering &#8211; und wir mittendrin!"},"content":{"rendered":"<p><span class=\"_aacl _aaco _aacu _aacx _aad7 _aade\">Die 1000-Jahr-Feier r\u00fcckt immer n\u00e4her!<\/span><\/p>\n<p>In Mering finden von 29. September bis 2. Oktober die Festtage Lichterwelt anl\u00e4sslich des 1000-j\u00e4hrigen Ortsjubil\u00e4ums von Mering statt &#8211; und auch wir vom B\u00fcndnis wollen unseren Teil dazu beitragen, dass Mering in hellem Schein leuchtet! Wir lassen an der Paar Boote mit Teelichtern schwimmen &#8211; und sind auch schon flei\u00dfig am Basteln. Kommt vorbei und lasst euch von den Lichtern auf der Paar begeistern!<\/p>\n<p>Ihr findet uns Donnerstag- und Freitagabend von 19 bis 21 Uhr an den Paarbr\u00fccken. <span class=\"_aacl _aaco _aacu _aacx _aad7 _aade\">Gegen eine Spende d\u00fcrft ihr die Boote im Anschluss auch mitnehmen. Wir freuen uns auf sch\u00f6ne Festtage!<\/span><\/p>\n<p><em>Bild: Valerie Klatte-Asselmeyer<\/em><\/p>\n","protected":false},"excerpt":{"rendered":"<p>Die 1000-Jahr-Feier r\u00fcckt immer n\u00e4her! In Mering finden von 29. September bis 2. Oktober die Festtage Lichterwelt anl\u00e4sslich des 1000-j\u00e4hrigen Ortsjubil\u00e4ums von Mering statt &#8211; und auch wir vom B\u00fcndnis &hellip; <a href=\"https:\/\/mering.info\/?p=4943\" class=\"more-link\"><span class=\"screen-reader-text\">1000 Jahre Mering &#8211; und wir mittendrin!<\/span> weiterlesen <span class=\"meta-nav\">&rarr;<\/span><\/a><\/p>\n","protected":false},"author":12,"featured_media":4942,"comment_status":"open","ping_status":"open","sticky":false,"template":"","format":"standard","meta":{"jetpack_post_was_ever_published":false,"_jetpack_newsletter_access":"","_jetpack_dont_email_post_to_subs":false,"_jetpack_newsletter_tier_id":0,"_jetpack_memberships_contains_paywalled_content":false,"_jetpack_memberships_contains_paid_content":false,"footnotes":"","jetpack_publicize_message":"","jetpack_publicize_feature_enabled":true,"jetpack_social_post_already_shared":true,"jetpack_social_options":{"image_generator_settings":{"template":"highway","default_image_id":0,"font":"","enabled":false},"version":2}},"categories":[74],"tags":[202],"class_list":["post-4943","post","type-post","status-publish","format-standard","has-post-thumbnail","hentry","category-veranstaltungs-tipp","tag-1000-jahre-mering"],"yoast_head":"<!-- This site is optimized with the Yoast SEO plugin v27.5 - https:\/\/yoast.com\/product\/yoast-seo-wordpress\/ -->\n<title>1000 Jahre Mering - und wir mittendrin! - Nachhaltiges Mering<\/title>\n<meta name=\"description\" content=\"Mering feiert Ortsjubil\u00e4um - und auch wir wollen unseren Teil dazu beitragen, dass Mering in hellem Schein leuchtet!\" \/>\n<meta name=\"robots\" content=\"index, follow, max-snippet:-1, max-image-preview:large, max-video-preview:-1\" \/>\n<link rel=\"canonical\" href=\"https:\/\/mering.info\/?p=4943\" \/>\n<meta property=\"og:locale\" content=\"de_DE\" \/>\n<meta property=\"og:type\" content=\"article\" \/>\n<meta property=\"og:title\" content=\"1000 Jahre Mering - und wir mittendrin! - Nachhaltiges Mering\" \/>\n<meta property=\"og:description\" content=\"Mering feiert Ortsjubil\u00e4um - und auch wir wollen unseren Teil dazu beitragen, dass Mering in hellem Schein leuchtet!\" \/>\n<meta property=\"og:url\" content=\"https:\/\/mering.info\/?p=4943\" \/>\n<meta property=\"og:site_name\" content=\"Nachhaltiges Mering\" \/>\n<meta property=\"article:published_time\" content=\"2022-09-26T20:36:22+00:00\" \/>\n<meta property=\"article:modified_time\" content=\"2022-10-01T11:25:55+00:00\" \/>\n<meta property=\"og:image\" content=\"https:\/\/mering.info\/wp-content\/uploads\/2022\/09\/signal-2022-09-24-12-15-52-195_700_tiny.jpg\" \/>\n\t<meta property=\"og:image:width\" content=\"700\" \/>\n\t<meta property=\"og:image:height\" content=\"437\" \/>\n\t<meta property=\"og:image:type\" content=\"image\/jpeg\" \/>\n<meta name=\"author\" content=\"Sarah Kohlberger\" \/>\n<meta name=\"twitter:card\" content=\"summary_large_image\" \/>\n<meta name=\"twitter:label1\" content=\"Verfasst von\" \/>\n\t<meta name=\"twitter:data1\" content=\"Sarah Kohlberger\" \/>\n\t<meta name=\"twitter:label2\" content=\"Gesch\u00e4tzte Lesezeit\" \/>\n\t<meta name=\"twitter:data2\" content=\"1\u00a0Minute\" \/>\n<script type=\"application\/ld+json\" class=\"yoast-schema-graph\">{\"@context\":\"https:\\\/\\\/schema.org\",\"@graph\":[{\"@type\":\"Article\",\"@id\":\"https:\\\/\\\/mering.info\\\/?p=4943#article\",\"isPartOf\":{\"@id\":\"https:\\\/\\\/mering.info\\\/?p=4943\"},\"author\":{\"name\":\"Sarah Kohlberger\",\"@id\":\"https:\\\/\\\/mering.info\\\/#\\\/schema\\\/person\\\/0855fe0b7a950a699d3c281503f9bdf9\"},\"headline\":\"1000 Jahre Mering &#8211; und wir mittendrin!\",\"datePublished\":\"2022-09-26T20:36:22+00:00\",\"dateModified\":\"2022-10-01T11:25:55+00:00\",\"mainEntityOfPage\":{\"@id\":\"https:\\\/\\\/mering.info\\\/?p=4943\"},\"wordCount\":116,\"commentCount\":0,\"image\":{\"@id\":\"https:\\\/\\\/mering.info\\\/?p=4943#primaryimage\"},\"thumbnailUrl\":\"https:\\\/\\\/mering.info\\\/wp-content\\\/uploads\\\/2022\\\/09\\\/signal-2022-09-24-12-15-52-195_700_tiny.jpg\",\"keywords\":[\"1000 Jahre Mering\"],\"articleSection\":[\"Veranstaltungs-Tipp\"],\"inLanguage\":\"de\",\"potentialAction\":[{\"@type\":\"CommentAction\",\"name\":\"Comment\",\"target\":[\"https:\\\/\\\/mering.info\\\/?p=4943#respond\"]}]},{\"@type\":\"WebPage\",\"@id\":\"https:\\\/\\\/mering.info\\\/?p=4943\",\"url\":\"https:\\\/\\\/mering.info\\\/?p=4943\",\"name\":\"1000 Jahre Mering - und wir mittendrin! - Nachhaltiges Mering\",\"isPartOf\":{\"@id\":\"https:\\\/\\\/mering.info\\\/#website\"},\"primaryImageOfPage\":{\"@id\":\"https:\\\/\\\/mering.info\\\/?p=4943#primaryimage\"},\"image\":{\"@id\":\"https:\\\/\\\/mering.info\\\/?p=4943#primaryimage\"},\"thumbnailUrl\":\"https:\\\/\\\/mering.info\\\/wp-content\\\/uploads\\\/2022\\\/09\\\/signal-2022-09-24-12-15-52-195_700_tiny.jpg\",\"datePublished\":\"2022-09-26T20:36:22+00:00\",\"dateModified\":\"2022-10-01T11:25:55+00:00\",\"author\":{\"@id\":\"https:\\\/\\\/mering.info\\\/#\\\/schema\\\/person\\\/0855fe0b7a950a699d3c281503f9bdf9\"},\"description\":\"Mering feiert Ortsjubil\u00e4um - und auch wir wollen unseren Teil dazu beitragen, dass Mering in hellem Schein leuchtet!\",\"breadcrumb\":{\"@id\":\"https:\\\/\\\/mering.info\\\/?p=4943#breadcrumb\"},\"inLanguage\":\"de\",\"potentialAction\":[{\"@type\":\"ReadAction\",\"target\":[\"https:\\\/\\\/mering.info\\\/?p=4943\"]}]},{\"@type\":\"ImageObject\",\"inLanguage\":\"de\",\"@id\":\"https:\\\/\\\/mering.info\\\/?p=4943#primaryimage\",\"url\":\"https:\\\/\\\/mering.info\\\/wp-content\\\/uploads\\\/2022\\\/09\\\/signal-2022-09-24-12-15-52-195_700_tiny.jpg\",\"contentUrl\":\"https:\\\/\\\/mering.info\\\/wp-content\\\/uploads\\\/2022\\\/09\\\/signal-2022-09-24-12-15-52-195_700_tiny.jpg\",\"width\":700,\"height\":437,\"caption\":\"1000 Jahre Mering\"},{\"@type\":\"BreadcrumbList\",\"@id\":\"https:\\\/\\\/mering.info\\\/?p=4943#breadcrumb\",\"itemListElement\":[{\"@type\":\"ListItem\",\"position\":1,\"name\":\"Startseite\",\"item\":\"https:\\\/\\\/mering.info\\\/\"},{\"@type\":\"ListItem\",\"position\":2,\"name\":\"1000 Jahre Mering &#8211; und wir mittendrin!\"}]},{\"@type\":\"WebSite\",\"@id\":\"https:\\\/\\\/mering.info\\\/#website\",\"url\":\"https:\\\/\\\/mering.info\\\/\",\"name\":\"Nachhaltiges Mering\",\"description\":\"Zukunftsf\u00e4higes Mering\",\"potentialAction\":[{\"@type\":\"SearchAction\",\"target\":{\"@type\":\"EntryPoint\",\"urlTemplate\":\"https:\\\/\\\/mering.info\\\/?s={search_term_string}\"},\"query-input\":{\"@type\":\"PropertyValueSpecification\",\"valueRequired\":true,\"valueName\":\"search_term_string\"}}],\"inLanguage\":\"de\"},{\"@type\":\"Person\",\"@id\":\"https:\\\/\\\/mering.info\\\/#\\\/schema\\\/person\\\/0855fe0b7a950a699d3c281503f9bdf9\",\"name\":\"Sarah Kohlberger\",\"url\":\"https:\\\/\\\/mering.info\\\/?author=12\"}]}<\/script>\n<!-- \/ Yoast SEO plugin. -->","yoast_head_json":{"title":"1000 Jahre Mering - und wir mittendrin! - Nachhaltiges Mering","description":"Mering feiert Ortsjubil\u00e4um - und auch wir wollen unseren Teil dazu beitragen, dass Mering in hellem Schein leuchtet!","robots":{"index":"index","follow":"follow","max-snippet":"max-snippet:-1","max-image-preview":"max-image-preview:large","max-video-preview":"max-video-preview:-1"},"canonical":"https:\/\/mering.info\/?p=4943","og_locale":"de_DE","og_type":"article","og_title":"1000 Jahre Mering - und wir mittendrin! - Nachhaltiges Mering","og_description":"Mering feiert Ortsjubil\u00e4um - und auch wir wollen unseren Teil dazu beitragen, dass Mering in hellem Schein leuchtet!","og_url":"https:\/\/mering.info\/?p=4943","og_site_name":"Nachhaltiges Mering","article_published_time":"2022-09-26T20:36:22+00:00","article_modified_time":"2022-10-01T11:25:55+00:00","og_image":[{"width":700,"height":437,"url":"https:\/\/mering.info\/wp-content\/uploads\/2022\/09\/signal-2022-09-24-12-15-52-195_700_tiny.jpg","type":"image\/jpeg"}],"author":"Sarah Kohlberger","twitter_card":"summary_large_image","twitter_misc":{"Verfasst von":"Sarah Kohlberger","Gesch\u00e4tzte Lesezeit":"1\u00a0Minute"},"schema":{"@context":"https:\/\/schema.org","@graph":[{"@type":"Article","@id":"https:\/\/mering.info\/?p=4943#article","isPartOf":{"@id":"https:\/\/mering.info\/?p=4943"},"author":{"name":"Sarah Kohlberger","@id":"https:\/\/mering.info\/#\/schema\/person\/0855fe0b7a950a699d3c281503f9bdf9"},"headline":"1000 Jahre Mering &#8211; und wir mittendrin!","datePublished":"2022-09-26T20:36:22+00:00","dateModified":"2022-10-01T11:25:55+00:00","mainEntityOfPage":{"@id":"https:\/\/mering.info\/?p=4943"},"wordCount":116,"commentCount":0,"image":{"@id":"https:\/\/mering.info\/?p=4943#primaryimage"},"thumbnailUrl":"https:\/\/mering.info\/wp-content\/uploads\/2022\/09\/signal-2022-09-24-12-15-52-195_700_tiny.jpg","keywords":["1000 Jahre Mering"],"articleSection":["Veranstaltungs-Tipp"],"inLanguage":"de","potentialAction":[{"@type":"CommentAction","name":"Comment","target":["https:\/\/mering.info\/?p=4943#respond"]}]},{"@type":"WebPage","@id":"https:\/\/mering.info\/?p=4943","url":"https:\/\/mering.info\/?p=4943","name":"1000 Jahre Mering - und wir mittendrin! - Nachhaltiges Mering","isPartOf":{"@id":"https:\/\/mering.info\/#website"},"primaryImageOfPage":{"@id":"https:\/\/mering.info\/?p=4943#primaryimage"},"image":{"@id":"https:\/\/mering.info\/?p=4943#primaryimage"},"thumbnailUrl":"https:\/\/mering.info\/wp-content\/uploads\/2022\/09\/signal-2022-09-24-12-15-52-195_700_tiny.jpg","datePublished":"2022-09-26T20:36:22+00:00","dateModified":"2022-10-01T11:25:55+00:00","author":{"@id":"https:\/\/mering.info\/#\/schema\/person\/0855fe0b7a950a699d3c281503f9bdf9"},"description":"Mering feiert Ortsjubil\u00e4um - und auch wir wollen unseren Teil dazu beitragen, dass Mering in hellem Schein leuchtet!","breadcrumb":{"@id":"https:\/\/mering.info\/?p=4943#breadcrumb"},"inLanguage":"de","potentialAction":[{"@type":"ReadAction","target":["https:\/\/mering.info\/?p=4943"]}]},{"@type":"ImageObject","inLanguage":"de","@id":"https:\/\/mering.info\/?p=4943#primaryimage","url":"https:\/\/mering.info\/wp-content\/uploads\/2022\/09\/signal-2022-09-24-12-15-52-195_700_tiny.jpg","contentUrl":"https:\/\/mering.info\/wp-content\/uploads\/2022\/09\/signal-2022-09-24-12-15-52-195_700_tiny.jpg","width":700,"height":437,"caption":"1000 Jahre Mering"},{"@type":"BreadcrumbList","@id":"https:\/\/mering.info\/?p=4943#breadcrumb","itemListElement":[{"@type":"ListItem","position":1,"name":"Startseite","item":"https:\/\/mering.info\/"},{"@type":"ListItem","position":2,"name":"1000 Jahre Mering &#8211; und wir mittendrin!"}]},{"@type":"WebSite","@id":"https:\/\/mering.info\/#website","url":"https:\/\/mering.info\/","name":"Nachhaltiges Mering","description":"Zukunftsf\u00e4higes Mering","potentialAction":[{"@type":"SearchAction","target":{"@type":"EntryPoint","urlTemplate":"https:\/\/mering.info\/?s={search_term_string}"},"query-input":{"@type":"PropertyValueSpecification","valueRequired":true,"valueName":"search_term_string"}}],"inLanguage":"de"},{"@type":"Person","@id":"https:\/\/mering.info\/#\/schema\/person\/0855fe0b7a950a699d3c281503f9bdf9","name":"Sarah Kohlberger","url":"https:\/\/mering.info\/?author=12"}]}},"jetpack_publicize_connections":[],"jetpack_featured_media_url":"https:\/\/mering.info\/wp-content\/uploads\/2022\/09\/signal-2022-09-24-12-15-52-195_700_tiny.jpg","jetpack_sharing_enabled":true,"_links":{"self":[{"href":"https:\/\/mering.info\/index.php?rest_route=\/wp\/v2\/posts\/4943","targetHints":{"allow":["GET"]}}],"collection":[{"href":"https:\/\/mering.info\/index.php?rest_route=\/wp\/v2\/posts"}],"about":[{"href":"https:\/\/mering.info\/index.php?rest_route=\/wp\/v2\/types\/post"}],"author":[{"embeddable":true,"href":"https:\/\/mering.info\/index.php?rest_route=\/wp\/v2\/users\/12"}],"replies":[{"embeddable":true,"href":"https:\/\/mering.info\/index.php?rest_route=%2Fwp%2Fv2%2Fcomments&post=4943"}],"version-history":[{"count":2,"href":"https:\/\/mering.info\/index.php?rest_route=\/wp\/v2\/posts\/4943\/revisions"}],"predecessor-version":[{"id":4948,"href":"https:\/\/mering.info\/index.php?rest_route=\/wp\/v2\/posts\/4943\/revisions\/4948"}],"wp:featuredmedia":[{"embeddable":true,"href":"https:\/\/mering.info\/index.php?rest_route=\/wp\/v2\/media\/4942"}],"wp:attachment":[{"href":"https:\/\/mering.info\/index.php?rest_route=%2Fwp%2Fv2%2Fmedia&parent=4943"}],"wp:term":[{"taxonomy":"category","embeddable":true,"href":"https:\/\/mering.info\/index.php?rest_route=%2Fwp%2Fv2%2Fcategories&post=4943"},{"taxonomy":"post_tag","embeddable":true,"href":"https:\/\/mering.info\/index.php?rest_route=%2Fwp%2Fv2%2Ftags&post=4943"}],"curies":[{"name":"wp","href":"https:\/\/api.w.org\/{rel}","templated":true}]}}