{"id":5172,"date":"2022-11-06T14:58:23","date_gmt":"2022-11-06T13:58:23","guid":{"rendered":"https:\/\/mering.info\/?p=5172"},"modified":"2022-11-06T14:58:23","modified_gmt":"2022-11-06T13:58:23","slug":"infoveranstaltung-energie-in-buergerhand","status":"publish","type":"post","link":"https:\/\/mering.info\/?p=5172","title":{"rendered":"Infoveranstaltung Energie in B\u00fcrgerhand"},"content":{"rendered":"<p class=\"western\">Am Mittwoch, 26. Oktober, fand im Wasserhaus eine etwa zweist\u00fcndige Informationsveranstaltung zum Thema \u201eEnergiewende in der Hand von B\u00fcrgerinnen und B\u00fcrgern\u201c statt. Als Veranstalter fungierten Forum Zukunft und die Marktgemeinde Mering in Zusammenarbeit mit der BEG und der DoppelErnte GmbH.<\/p>\n<p class=\"western\">Nach ein paar begr\u00fc\u00dfenden Worten von Merings Umweltbeauftragte Petra von Thienen und B\u00fcrgermeister Florian Mayer f\u00fchrte Ernst Haile vom Forum Zukunft thematisch in den Abend ein. Danach <span style=\"color: #000000;\"><span style=\"font-size: small;\"><span lang=\"de-DE\">erz\u00e4hlte<\/span><\/span><\/span> Peter Mie\u00dfl <span style=\"color: #000000;\"><span style=\"font-size: small;\"><span lang=\"de-DE\">von der <\/span><\/span><\/span>B\u00fcrger-Energie-Genossenschaft, bevor Thomas Rebitzer und seine Tochter Laura Rebitzer n\u00e4her zum Thema Agri-PV-Anlage informierten und <span style=\"color: #000000;\"><span style=\"font-size: small;\"><span lang=\"de-DE\">die<\/span><\/span><\/span> DoppelErnte GmBH vorstellten. Im Anschluss fand eine Podiumsdiskussion statt, bei der sich viele Interessierte zu Wort meldeten und ein reger Austausch stattfand.<\/p>\n<p><img fetchpriority=\"high\" decoding=\"async\" class=\"alignnone size-medium wp-image-5171\" src=\"https:\/\/mering.info\/wp-content\/uploads\/2022\/11\/Energie_VA_02-300x168.jpg\" alt=\"\" width=\"300\" height=\"168\" srcset=\"https:\/\/mering.info\/wp-content\/uploads\/2022\/11\/Energie_VA_02-300x168.jpg 300w, https:\/\/mering.info\/wp-content\/uploads\/2022\/11\/Energie_VA_02.jpg 700w\" sizes=\"(max-width: 300px) 100vw, 300px\" \/><\/p>\n<p class=\"western\">Auch wir waren mit einem Infostand dabei und freuten uns \u00fcber das rege Interesse \u2013 das Thema Energieautarkie besch\u00e4ftigt in der heutigen Zeit <span style=\"color: #000000;\"><span style=\"font-size: small;\"><span lang=\"de-DE\">viele<\/span><\/span><\/span>. Was k\u00f6nnen wir als B\u00fcrger:innen dazu beitragen? Wen das Thema interessiert, darf dranbleiben: Die Gemeinde arbeitet bereits an verschiedenen Ideen und Projekten.<\/p>\n<p><em>Bilder: J\u00f6rg H\u00e4berle<\/em><\/p>\n","protected":false},"excerpt":{"rendered":"<p>Am Mittwoch, 26. Oktober, fand im Wasserhaus eine etwa zweist\u00fcndige Informationsveranstaltung zum Thema \u201eEnergiewende in der Hand von B\u00fcrgerinnen und B\u00fcrgern\u201c statt. Als Veranstalter fungierten Forum Zukunft und die Marktgemeinde &hellip; <a href=\"https:\/\/mering.info\/?p=5172\" class=\"more-link\"><span class=\"screen-reader-text\">Infoveranstaltung Energie in B\u00fcrgerhand<\/span> weiterlesen <span class=\"meta-nav\">&rarr;<\/span><\/a><\/p>\n","protected":false},"author":12,"featured_media":5170,"comment_status":"open","ping_status":"open","sticky":false,"template":"","format":"standard","meta":{"jetpack_post_was_ever_published":false,"_jetpack_newsletter_access":"","_jetpack_dont_email_post_to_subs":false,"_jetpack_newsletter_tier_id":0,"_jetpack_memberships_contains_paywalled_content":false,"_jetpack_memberships_contains_paid_content":false,"footnotes":"","jetpack_publicize_message":"","jetpack_publicize_feature_enabled":true,"jetpack_social_post_already_shared":true,"jetpack_social_options":{"image_generator_settings":{"template":"highway","default_image_id":0,"font":"","enabled":false},"version":2}},"categories":[81],"tags":[109,203],"class_list":["post-5172","post","type-post","status-publish","format-standard","has-post-thumbnail","hentry","category-information","tag-energie","tag-energiewende"],"yoast_head":"<!-- This site is optimized with the Yoast SEO plugin v27.5 - https:\/\/yoast.com\/product\/yoast-seo-wordpress\/ -->\n<title>Infoveranstaltung Energie in B\u00fcrgerhand - Nachhaltiges Mering<\/title>\n<meta name=\"description\" content=\"Am 26. Oktober fand eine etwa zweist\u00fcndige Informationsveranstaltung zum Thema \u201eEnergiewende in der Hand von B\u00fcrgerinnen und B\u00fcrgern\u201c statt.\" \/>\n<meta name=\"robots\" content=\"index, follow, max-snippet:-1, max-image-preview:large, max-video-preview:-1\" \/>\n<link rel=\"canonical\" href=\"https:\/\/mering.info\/?p=5172\" \/>\n<meta property=\"og:locale\" content=\"de_DE\" \/>\n<meta property=\"og:type\" content=\"article\" \/>\n<meta property=\"og:title\" content=\"Infoveranstaltung Energie in B\u00fcrgerhand - Nachhaltiges Mering\" \/>\n<meta property=\"og:description\" content=\"Am 26. Oktober fand eine etwa zweist\u00fcndige Informationsveranstaltung zum Thema \u201eEnergiewende in der Hand von B\u00fcrgerinnen und B\u00fcrgern\u201c statt.\" \/>\n<meta property=\"og:url\" content=\"https:\/\/mering.info\/?p=5172\" \/>\n<meta property=\"og:site_name\" content=\"Nachhaltiges Mering\" \/>\n<meta property=\"article:published_time\" content=\"2022-11-06T13:58:23+00:00\" \/>\n<meta property=\"og:image\" content=\"https:\/\/mering.info\/wp-content\/uploads\/2022\/11\/Energie_VA_01.jpg\" \/>\n\t<meta property=\"og:image:width\" content=\"700\" \/>\n\t<meta property=\"og:image:height\" content=\"393\" \/>\n\t<meta property=\"og:image:type\" content=\"image\/jpeg\" \/>\n<meta name=\"author\" content=\"Sarah Kohlberger\" \/>\n<meta name=\"twitter:card\" content=\"summary_large_image\" \/>\n<meta name=\"twitter:label1\" content=\"Verfasst von\" \/>\n\t<meta name=\"twitter:data1\" content=\"Sarah Kohlberger\" \/>\n\t<meta name=\"twitter:label2\" content=\"Gesch\u00e4tzte Lesezeit\" \/>\n\t<meta name=\"twitter:data2\" content=\"2\u00a0Minuten\" \/>\n<script type=\"application\/ld+json\" class=\"yoast-schema-graph\">{\"@context\":\"https:\\\/\\\/schema.org\",\"@graph\":[{\"@type\":\"Article\",\"@id\":\"https:\\\/\\\/mering.info\\\/?p=5172#article\",\"isPartOf\":{\"@id\":\"https:\\\/\\\/mering.info\\\/?p=5172\"},\"author\":{\"name\":\"Sarah Kohlberger\",\"@id\":\"https:\\\/\\\/mering.info\\\/#\\\/schema\\\/person\\\/0855fe0b7a950a699d3c281503f9bdf9\"},\"headline\":\"Infoveranstaltung Energie in B\u00fcrgerhand\",\"datePublished\":\"2022-11-06T13:58:23+00:00\",\"mainEntityOfPage\":{\"@id\":\"https:\\\/\\\/mering.info\\\/?p=5172\"},\"wordCount\":178,\"commentCount\":0,\"image\":{\"@id\":\"https:\\\/\\\/mering.info\\\/?p=5172#primaryimage\"},\"thumbnailUrl\":\"https:\\\/\\\/mering.info\\\/wp-content\\\/uploads\\\/2022\\\/11\\\/Energie_VA_01.jpg\",\"keywords\":[\"Energie\",\"Energiewende\"],\"articleSection\":[\"Information\"],\"inLanguage\":\"de\",\"potentialAction\":[{\"@type\":\"CommentAction\",\"name\":\"Comment\",\"target\":[\"https:\\\/\\\/mering.info\\\/?p=5172#respond\"]}]},{\"@type\":\"WebPage\",\"@id\":\"https:\\\/\\\/mering.info\\\/?p=5172\",\"url\":\"https:\\\/\\\/mering.info\\\/?p=5172\",\"name\":\"Infoveranstaltung Energie in B\u00fcrgerhand - Nachhaltiges Mering\",\"isPartOf\":{\"@id\":\"https:\\\/\\\/mering.info\\\/#website\"},\"primaryImageOfPage\":{\"@id\":\"https:\\\/\\\/mering.info\\\/?p=5172#primaryimage\"},\"image\":{\"@id\":\"https:\\\/\\\/mering.info\\\/?p=5172#primaryimage\"},\"thumbnailUrl\":\"https:\\\/\\\/mering.info\\\/wp-content\\\/uploads\\\/2022\\\/11\\\/Energie_VA_01.jpg\",\"datePublished\":\"2022-11-06T13:58:23+00:00\",\"author\":{\"@id\":\"https:\\\/\\\/mering.info\\\/#\\\/schema\\\/person\\\/0855fe0b7a950a699d3c281503f9bdf9\"},\"description\":\"Am 26. Oktober fand eine etwa zweist\u00fcndige Informationsveranstaltung zum Thema \u201eEnergiewende in der Hand von B\u00fcrgerinnen und B\u00fcrgern\u201c statt.\",\"breadcrumb\":{\"@id\":\"https:\\\/\\\/mering.info\\\/?p=5172#breadcrumb\"},\"inLanguage\":\"de\",\"potentialAction\":[{\"@type\":\"ReadAction\",\"target\":[\"https:\\\/\\\/mering.info\\\/?p=5172\"]}]},{\"@type\":\"ImageObject\",\"inLanguage\":\"de\",\"@id\":\"https:\\\/\\\/mering.info\\\/?p=5172#primaryimage\",\"url\":\"https:\\\/\\\/mering.info\\\/wp-content\\\/uploads\\\/2022\\\/11\\\/Energie_VA_01.jpg\",\"contentUrl\":\"https:\\\/\\\/mering.info\\\/wp-content\\\/uploads\\\/2022\\\/11\\\/Energie_VA_01.jpg\",\"width\":700,\"height\":393},{\"@type\":\"BreadcrumbList\",\"@id\":\"https:\\\/\\\/mering.info\\\/?p=5172#breadcrumb\",\"itemListElement\":[{\"@type\":\"ListItem\",\"position\":1,\"name\":\"Startseite\",\"item\":\"https:\\\/\\\/mering.info\\\/\"},{\"@type\":\"ListItem\",\"position\":2,\"name\":\"Infoveranstaltung Energie in B\u00fcrgerhand\"}]},{\"@type\":\"WebSite\",\"@id\":\"https:\\\/\\\/mering.info\\\/#website\",\"url\":\"https:\\\/\\\/mering.info\\\/\",\"name\":\"Nachhaltiges Mering\",\"description\":\"Zukunftsf\u00e4higes Mering\",\"potentialAction\":[{\"@type\":\"SearchAction\",\"target\":{\"@type\":\"EntryPoint\",\"urlTemplate\":\"https:\\\/\\\/mering.info\\\/?s={search_term_string}\"},\"query-input\":{\"@type\":\"PropertyValueSpecification\",\"valueRequired\":true,\"valueName\":\"search_term_string\"}}],\"inLanguage\":\"de\"},{\"@type\":\"Person\",\"@id\":\"https:\\\/\\\/mering.info\\\/#\\\/schema\\\/person\\\/0855fe0b7a950a699d3c281503f9bdf9\",\"name\":\"Sarah Kohlberger\",\"url\":\"https:\\\/\\\/mering.info\\\/?author=12\"}]}<\/script>\n<!-- \/ Yoast SEO plugin. -->","yoast_head_json":{"title":"Infoveranstaltung Energie in B\u00fcrgerhand - Nachhaltiges Mering","description":"Am 26. Oktober fand eine etwa zweist\u00fcndige Informationsveranstaltung zum Thema \u201eEnergiewende in der Hand von B\u00fcrgerinnen und B\u00fcrgern\u201c statt.","robots":{"index":"index","follow":"follow","max-snippet":"max-snippet:-1","max-image-preview":"max-image-preview:large","max-video-preview":"max-video-preview:-1"},"canonical":"https:\/\/mering.info\/?p=5172","og_locale":"de_DE","og_type":"article","og_title":"Infoveranstaltung Energie in B\u00fcrgerhand - Nachhaltiges Mering","og_description":"Am 26. Oktober fand eine etwa zweist\u00fcndige Informationsveranstaltung zum Thema \u201eEnergiewende in der Hand von B\u00fcrgerinnen und B\u00fcrgern\u201c statt.","og_url":"https:\/\/mering.info\/?p=5172","og_site_name":"Nachhaltiges Mering","article_published_time":"2022-11-06T13:58:23+00:00","og_image":[{"width":700,"height":393,"url":"https:\/\/mering.info\/wp-content\/uploads\/2022\/11\/Energie_VA_01.jpg","type":"image\/jpeg"}],"author":"Sarah Kohlberger","twitter_card":"summary_large_image","twitter_misc":{"Verfasst von":"Sarah Kohlberger","Gesch\u00e4tzte Lesezeit":"2\u00a0Minuten"},"schema":{"@context":"https:\/\/schema.org","@graph":[{"@type":"Article","@id":"https:\/\/mering.info\/?p=5172#article","isPartOf":{"@id":"https:\/\/mering.info\/?p=5172"},"author":{"name":"Sarah Kohlberger","@id":"https:\/\/mering.info\/#\/schema\/person\/0855fe0b7a950a699d3c281503f9bdf9"},"headline":"Infoveranstaltung Energie in B\u00fcrgerhand","datePublished":"2022-11-06T13:58:23+00:00","mainEntityOfPage":{"@id":"https:\/\/mering.info\/?p=5172"},"wordCount":178,"commentCount":0,"image":{"@id":"https:\/\/mering.info\/?p=5172#primaryimage"},"thumbnailUrl":"https:\/\/mering.info\/wp-content\/uploads\/2022\/11\/Energie_VA_01.jpg","keywords":["Energie","Energiewende"],"articleSection":["Information"],"inLanguage":"de","potentialAction":[{"@type":"CommentAction","name":"Comment","target":["https:\/\/mering.info\/?p=5172#respond"]}]},{"@type":"WebPage","@id":"https:\/\/mering.info\/?p=5172","url":"https:\/\/mering.info\/?p=5172","name":"Infoveranstaltung Energie in B\u00fcrgerhand - Nachhaltiges Mering","isPartOf":{"@id":"https:\/\/mering.info\/#website"},"primaryImageOfPage":{"@id":"https:\/\/mering.info\/?p=5172#primaryimage"},"image":{"@id":"https:\/\/mering.info\/?p=5172#primaryimage"},"thumbnailUrl":"https:\/\/mering.info\/wp-content\/uploads\/2022\/11\/Energie_VA_01.jpg","datePublished":"2022-11-06T13:58:23+00:00","author":{"@id":"https:\/\/mering.info\/#\/schema\/person\/0855fe0b7a950a699d3c281503f9bdf9"},"description":"Am 26. Oktober fand eine etwa zweist\u00fcndige Informationsveranstaltung zum Thema \u201eEnergiewende in der Hand von B\u00fcrgerinnen und B\u00fcrgern\u201c statt.","breadcrumb":{"@id":"https:\/\/mering.info\/?p=5172#breadcrumb"},"inLanguage":"de","potentialAction":[{"@type":"ReadAction","target":["https:\/\/mering.info\/?p=5172"]}]},{"@type":"ImageObject","inLanguage":"de","@id":"https:\/\/mering.info\/?p=5172#primaryimage","url":"https:\/\/mering.info\/wp-content\/uploads\/2022\/11\/Energie_VA_01.jpg","contentUrl":"https:\/\/mering.info\/wp-content\/uploads\/2022\/11\/Energie_VA_01.jpg","width":700,"height":393},{"@type":"BreadcrumbList","@id":"https:\/\/mering.info\/?p=5172#breadcrumb","itemListElement":[{"@type":"ListItem","position":1,"name":"Startseite","item":"https:\/\/mering.info\/"},{"@type":"ListItem","position":2,"name":"Infoveranstaltung Energie in B\u00fcrgerhand"}]},{"@type":"WebSite","@id":"https:\/\/mering.info\/#website","url":"https:\/\/mering.info\/","name":"Nachhaltiges Mering","description":"Zukunftsf\u00e4higes Mering","potentialAction":[{"@type":"SearchAction","target":{"@type":"EntryPoint","urlTemplate":"https:\/\/mering.info\/?s={search_term_string}"},"query-input":{"@type":"PropertyValueSpecification","valueRequired":true,"valueName":"search_term_string"}}],"inLanguage":"de"},{"@type":"Person","@id":"https:\/\/mering.info\/#\/schema\/person\/0855fe0b7a950a699d3c281503f9bdf9","name":"Sarah Kohlberger","url":"https:\/\/mering.info\/?author=12"}]}},"jetpack_publicize_connections":[],"jetpack_featured_media_url":"https:\/\/mering.info\/wp-content\/uploads\/2022\/11\/Energie_VA_01.jpg","jetpack_sharing_enabled":true,"_links":{"self":[{"href":"https:\/\/mering.info\/index.php?rest_route=\/wp\/v2\/posts\/5172","targetHints":{"allow":["GET"]}}],"collection":[{"href":"https:\/\/mering.info\/index.php?rest_route=\/wp\/v2\/posts"}],"about":[{"href":"https:\/\/mering.info\/index.php?rest_route=\/wp\/v2\/types\/post"}],"author":[{"embeddable":true,"href":"https:\/\/mering.info\/index.php?rest_route=\/wp\/v2\/users\/12"}],"replies":[{"embeddable":true,"href":"https:\/\/mering.info\/index.php?rest_route=%2Fwp%2Fv2%2Fcomments&post=5172"}],"version-history":[{"count":2,"href":"https:\/\/mering.info\/index.php?rest_route=\/wp\/v2\/posts\/5172\/revisions"}],"predecessor-version":[{"id":5174,"href":"https:\/\/mering.info\/index.php?rest_route=\/wp\/v2\/posts\/5172\/revisions\/5174"}],"wp:featuredmedia":[{"embeddable":true,"href":"https:\/\/mering.info\/index.php?rest_route=\/wp\/v2\/media\/5170"}],"wp:attachment":[{"href":"https:\/\/mering.info\/index.php?rest_route=%2Fwp%2Fv2%2Fmedia&parent=5172"}],"wp:term":[{"taxonomy":"category","embeddable":true,"href":"https:\/\/mering.info\/index.php?rest_route=%2Fwp%2Fv2%2Fcategories&post=5172"},{"taxonomy":"post_tag","embeddable":true,"href":"https:\/\/mering.info\/index.php?rest_route=%2Fwp%2Fv2%2Ftags&post=5172"}],"curies":[{"name":"wp","href":"https:\/\/api.w.org\/{rel}","templated":true}]}}