{"id":5184,"date":"2022-11-15T21:02:48","date_gmt":"2022-11-15T20:02:48","guid":{"rendered":"https:\/\/mering.info\/?p=5184"},"modified":"2024-08-03T18:57:39","modified_gmt":"2024-08-03T16:57:39","slug":"tv-beitrag-ueber-taeglichen-kampf-um-die-windkraft","status":"publish","type":"post","link":"https:\/\/mering.info\/?p=5184","title":{"rendered":"TV-Beitrag \u00fcber &#8222;t\u00e4glichen Kampf&#8220; um die Windkraft"},"content":{"rendered":"<p>Warum l\u00e4uft es mit der Energiewende in Deutschland so schleppend? Warum kommt sie nicht voran? Aufschluss dar\u00fcber gibt uns die Dokumentation &#8222;Kampf ums Klima&#8220;, die das Erste Anfang November zeigte.<\/p>\n<p>Immer wieder stehen Windkraftbef\u00fcrworter:innen vor meterhohen H\u00fcrden. Von Anfeindungen, Besch\u00e4digungen, Raub, Behinderungen bis hin zur Sabotage &#8211; das sind nur ein paar der Steine, die den Aktiven in den Weg gelegt werden. Der &#8222;t\u00e4gliche Kampf&#8220; ist zu einer wahren &#8222;Schlacht&#8220; geworden. Schuld daran sind h\u00e4ufig Klimaleugner:innen, die die Energiewende sabotieren.<\/p>\n<p>Die Rede ist von Statistiken \u00fcber den Infraschall der Windr\u00e4der, obwohl tats\u00e4chlich eine T\u00fcr\u00f6ffnung 2500 Mal intensiver ist wie ein Windrad &#8211; Erkl\u00e4rung: ein simpler Rechenfehler. Die Rede ist von Vogelopferzahlen, die zwar immer wieder ein Argument sind, allerdings in keinem Verh\u00e4ltnis stehen zu Vogelopferzahlen durch Autos, Eisenbahnen, Pestizidvergiftungen, Insektensterben oder Hochspannungsleitungen. Und die Rede ist von toten V\u00f6geln am Fu\u00df der Windr\u00e4der, die wohl durch Infektionen oder Autounf\u00e4lle ums Leben kamen, also wahrscheinlich absichtlich platziert worden sind. Die Gegner stellen Nester auf, bohren an Kabeln und s\u00e4gen an Rotoren, die Bauvorhaben werden immer wieder verschoben oder abgelehnt &#8211; obwohl wir eine Energiewende so dringend br\u00e4uchten.<\/p>\n<p>Und wer steckt hinter diesen Aktionen? Menschen, die sich der Ernsthaftigkeit des Klimawandels wohl nicht bewusst sind, darunter auch Politiker:innen aus verschiedenen Parteien. &#8222;Haben Sie sich schon mal gefragt, warum alle, die es sich zeitlich und geldlich leisten k\u00f6nnen, im Winter nach S\u00fcden entfliehen? Doch nicht deswegen, weil es da so schrecklich warm ist, sondern weil es da so sch\u00f6n warm ist&#8220;, erkl\u00e4rt beispielsweise der AFD-Klima-Experte Michael Limburg. Direkt nach dieser Aussage zeigt der ARD-Beitrag Bilder der seit Jahren in den L\u00e4ndern um uns herum verheerenden Br\u00e4nde und D\u00fcrren, bei denen tausende Menschen und W\u00e4lder starben &#8211; gefolgt von Limburgs Aussage, wir br\u00e4uchten eigentlich &#8222;mehr CO2 in der Atmosph\u00e4re&#8220;.<\/p>\n<p>Manche behaupten, die Temperaturen sinken, der Klimawandel sei nicht menschengemacht und \u00e4hnliches &#8211; h\u00e4ufig Menschen, die in der Kohl-, \u00d6l- und Gaslobby besch\u00e4ftigt sind oder waren. Der ARD-Beitrag zeigt, inwieweit diese Menschen miteinander vernetzt sind und sich auch gegenseitig zuspielen &#8211; und welche Scheinargumente sie nutzen, um Klimaaktivist:innen und Klimapolitik auszubremsen. Welche Folgen das hat, k\u00f6nnen wir bereits jetzt auf der ganzen Welt sehen.<\/p>\n<p>Der sehr sehenswerte ARD-Beitrag &#8222;Story im Ersten: Kampf ums Klima&#8220; ist unter diesem Link in der ARD-Mediathek zu sehen &#8211; wir empfehlen, einen Blick in die 45-min\u00fctige Dokumentation zu werfen.<\/p>\n","protected":false},"excerpt":{"rendered":"<p>Warum l\u00e4uft es mit der Energiewende in Deutschland so schleppend? Warum kommt sie nicht voran? Aufschluss dar\u00fcber gibt uns die Dokumentation &#8222;Kampf ums Klima&#8220;, die das Erste Anfang November zeigte. &hellip; <a href=\"https:\/\/mering.info\/?p=5184\" class=\"more-link\"><span class=\"screen-reader-text\">TV-Beitrag \u00fcber &#8222;t\u00e4glichen Kampf&#8220; um die Windkraft<\/span> weiterlesen <span class=\"meta-nav\">&rarr;<\/span><\/a><\/p>\n","protected":false},"author":12,"featured_media":0,"comment_status":"open","ping_status":"open","sticky":false,"template":"","format":"standard","meta":{"jetpack_post_was_ever_published":false,"_jetpack_newsletter_access":"","_jetpack_dont_email_post_to_subs":false,"_jetpack_newsletter_tier_id":0,"_jetpack_memberships_contains_paywalled_content":false,"_jetpack_memberships_contains_paid_content":false,"footnotes":"","jetpack_publicize_message":"","jetpack_publicize_feature_enabled":true,"jetpack_social_post_already_shared":true,"jetpack_social_options":{"image_generator_settings":{"template":"highway","default_image_id":0,"font":"","enabled":false},"version":2}},"categories":[207],"tags":[208,206],"class_list":["post-5184","post","type-post","status-publish","format-standard","hentry","category-film-tipp","tag-film-tipp","tag-tv-beitrag"],"yoast_head":"<!-- This site is optimized with the Yoast SEO plugin v27.5 - https:\/\/yoast.com\/product\/yoast-seo-wordpress\/ -->\n<title>TV-Beitrag \u00fcber &quot;t\u00e4glichen Kampf&quot; um die Windkraft - Nachhaltiges Mering<\/title>\n<meta name=\"robots\" content=\"index, follow, max-snippet:-1, max-image-preview:large, max-video-preview:-1\" \/>\n<link rel=\"canonical\" href=\"https:\/\/mering.info\/?p=5184\" \/>\n<meta property=\"og:locale\" content=\"de_DE\" \/>\n<meta property=\"og:type\" content=\"article\" \/>\n<meta property=\"og:title\" content=\"TV-Beitrag \u00fcber &quot;t\u00e4glichen Kampf&quot; um die Windkraft - Nachhaltiges Mering\" \/>\n<meta property=\"og:description\" content=\"Warum l\u00e4uft es mit der Energiewende in Deutschland so schleppend? Warum kommt sie nicht voran? Aufschluss dar\u00fcber gibt uns die Dokumentation &#8222;Kampf ums Klima&#8220;, die das Erste Anfang November zeigte. &hellip; TV-Beitrag \u00fcber &#8222;t\u00e4glichen Kampf&#8220; um die Windkraft weiterlesen &rarr;\" \/>\n<meta property=\"og:url\" content=\"https:\/\/mering.info\/?p=5184\" \/>\n<meta property=\"og:site_name\" content=\"Nachhaltiges Mering\" \/>\n<meta property=\"article:published_time\" content=\"2022-11-15T20:02:48+00:00\" \/>\n<meta property=\"article:modified_time\" content=\"2024-08-03T16:57:39+00:00\" \/>\n<meta name=\"author\" content=\"Sarah Kohlberger\" \/>\n<meta name=\"twitter:card\" content=\"summary_large_image\" \/>\n<meta name=\"twitter:label1\" content=\"Verfasst von\" \/>\n\t<meta name=\"twitter:data1\" content=\"Sarah Kohlberger\" \/>\n\t<meta name=\"twitter:label2\" content=\"Gesch\u00e4tzte Lesezeit\" \/>\n\t<meta name=\"twitter:data2\" content=\"3\u00a0Minuten\" \/>\n<script type=\"application\/ld+json\" class=\"yoast-schema-graph\">{\"@context\":\"https:\\\/\\\/schema.org\",\"@graph\":[{\"@type\":\"Article\",\"@id\":\"https:\\\/\\\/mering.info\\\/?p=5184#article\",\"isPartOf\":{\"@id\":\"https:\\\/\\\/mering.info\\\/?p=5184\"},\"author\":{\"name\":\"Sarah Kohlberger\",\"@id\":\"https:\\\/\\\/mering.info\\\/#\\\/schema\\\/person\\\/0855fe0b7a950a699d3c281503f9bdf9\"},\"headline\":\"TV-Beitrag \u00fcber &#8222;t\u00e4glichen Kampf&#8220; um die Windkraft\",\"datePublished\":\"2022-11-15T20:02:48+00:00\",\"dateModified\":\"2024-08-03T16:57:39+00:00\",\"mainEntityOfPage\":{\"@id\":\"https:\\\/\\\/mering.info\\\/?p=5184\"},\"wordCount\":432,\"commentCount\":0,\"keywords\":[\"Film-Tipp\",\"TV-Beitrag\"],\"articleSection\":[\"Film-Tipp\"],\"inLanguage\":\"de\",\"potentialAction\":[{\"@type\":\"CommentAction\",\"name\":\"Comment\",\"target\":[\"https:\\\/\\\/mering.info\\\/?p=5184#respond\"]}]},{\"@type\":\"WebPage\",\"@id\":\"https:\\\/\\\/mering.info\\\/?p=5184\",\"url\":\"https:\\\/\\\/mering.info\\\/?p=5184\",\"name\":\"TV-Beitrag \u00fcber \\\"t\u00e4glichen Kampf\\\" um die Windkraft - Nachhaltiges Mering\",\"isPartOf\":{\"@id\":\"https:\\\/\\\/mering.info\\\/#website\"},\"datePublished\":\"2022-11-15T20:02:48+00:00\",\"dateModified\":\"2024-08-03T16:57:39+00:00\",\"author\":{\"@id\":\"https:\\\/\\\/mering.info\\\/#\\\/schema\\\/person\\\/0855fe0b7a950a699d3c281503f9bdf9\"},\"breadcrumb\":{\"@id\":\"https:\\\/\\\/mering.info\\\/?p=5184#breadcrumb\"},\"inLanguage\":\"de\",\"potentialAction\":[{\"@type\":\"ReadAction\",\"target\":[\"https:\\\/\\\/mering.info\\\/?p=5184\"]}]},{\"@type\":\"BreadcrumbList\",\"@id\":\"https:\\\/\\\/mering.info\\\/?p=5184#breadcrumb\",\"itemListElement\":[{\"@type\":\"ListItem\",\"position\":1,\"name\":\"Startseite\",\"item\":\"https:\\\/\\\/mering.info\\\/\"},{\"@type\":\"ListItem\",\"position\":2,\"name\":\"TV-Beitrag \u00fcber &#8222;t\u00e4glichen Kampf&#8220; um die Windkraft\"}]},{\"@type\":\"WebSite\",\"@id\":\"https:\\\/\\\/mering.info\\\/#website\",\"url\":\"https:\\\/\\\/mering.info\\\/\",\"name\":\"Nachhaltiges Mering\",\"description\":\"Zukunftsf\u00e4higes Mering\",\"potentialAction\":[{\"@type\":\"SearchAction\",\"target\":{\"@type\":\"EntryPoint\",\"urlTemplate\":\"https:\\\/\\\/mering.info\\\/?s={search_term_string}\"},\"query-input\":{\"@type\":\"PropertyValueSpecification\",\"valueRequired\":true,\"valueName\":\"search_term_string\"}}],\"inLanguage\":\"de\"},{\"@type\":\"Person\",\"@id\":\"https:\\\/\\\/mering.info\\\/#\\\/schema\\\/person\\\/0855fe0b7a950a699d3c281503f9bdf9\",\"name\":\"Sarah Kohlberger\",\"url\":\"https:\\\/\\\/mering.info\\\/?author=12\"}]}<\/script>\n<!-- \/ Yoast SEO plugin. -->","yoast_head_json":{"title":"TV-Beitrag \u00fcber \"t\u00e4glichen Kampf\" um die Windkraft - Nachhaltiges Mering","robots":{"index":"index","follow":"follow","max-snippet":"max-snippet:-1","max-image-preview":"max-image-preview:large","max-video-preview":"max-video-preview:-1"},"canonical":"https:\/\/mering.info\/?p=5184","og_locale":"de_DE","og_type":"article","og_title":"TV-Beitrag \u00fcber \"t\u00e4glichen Kampf\" um die Windkraft - Nachhaltiges Mering","og_description":"Warum l\u00e4uft es mit der Energiewende in Deutschland so schleppend? Warum kommt sie nicht voran? Aufschluss dar\u00fcber gibt uns die Dokumentation &#8222;Kampf ums Klima&#8220;, die das Erste Anfang November zeigte. &hellip; TV-Beitrag \u00fcber &#8222;t\u00e4glichen Kampf&#8220; um die Windkraft weiterlesen &rarr;","og_url":"https:\/\/mering.info\/?p=5184","og_site_name":"Nachhaltiges Mering","article_published_time":"2022-11-15T20:02:48+00:00","article_modified_time":"2024-08-03T16:57:39+00:00","author":"Sarah Kohlberger","twitter_card":"summary_large_image","twitter_misc":{"Verfasst von":"Sarah Kohlberger","Gesch\u00e4tzte Lesezeit":"3\u00a0Minuten"},"schema":{"@context":"https:\/\/schema.org","@graph":[{"@type":"Article","@id":"https:\/\/mering.info\/?p=5184#article","isPartOf":{"@id":"https:\/\/mering.info\/?p=5184"},"author":{"name":"Sarah Kohlberger","@id":"https:\/\/mering.info\/#\/schema\/person\/0855fe0b7a950a699d3c281503f9bdf9"},"headline":"TV-Beitrag \u00fcber &#8222;t\u00e4glichen Kampf&#8220; um die Windkraft","datePublished":"2022-11-15T20:02:48+00:00","dateModified":"2024-08-03T16:57:39+00:00","mainEntityOfPage":{"@id":"https:\/\/mering.info\/?p=5184"},"wordCount":432,"commentCount":0,"keywords":["Film-Tipp","TV-Beitrag"],"articleSection":["Film-Tipp"],"inLanguage":"de","potentialAction":[{"@type":"CommentAction","name":"Comment","target":["https:\/\/mering.info\/?p=5184#respond"]}]},{"@type":"WebPage","@id":"https:\/\/mering.info\/?p=5184","url":"https:\/\/mering.info\/?p=5184","name":"TV-Beitrag \u00fcber \"t\u00e4glichen Kampf\" um die Windkraft - Nachhaltiges Mering","isPartOf":{"@id":"https:\/\/mering.info\/#website"},"datePublished":"2022-11-15T20:02:48+00:00","dateModified":"2024-08-03T16:57:39+00:00","author":{"@id":"https:\/\/mering.info\/#\/schema\/person\/0855fe0b7a950a699d3c281503f9bdf9"},"breadcrumb":{"@id":"https:\/\/mering.info\/?p=5184#breadcrumb"},"inLanguage":"de","potentialAction":[{"@type":"ReadAction","target":["https:\/\/mering.info\/?p=5184"]}]},{"@type":"BreadcrumbList","@id":"https:\/\/mering.info\/?p=5184#breadcrumb","itemListElement":[{"@type":"ListItem","position":1,"name":"Startseite","item":"https:\/\/mering.info\/"},{"@type":"ListItem","position":2,"name":"TV-Beitrag \u00fcber &#8222;t\u00e4glichen Kampf&#8220; um die Windkraft"}]},{"@type":"WebSite","@id":"https:\/\/mering.info\/#website","url":"https:\/\/mering.info\/","name":"Nachhaltiges Mering","description":"Zukunftsf\u00e4higes Mering","potentialAction":[{"@type":"SearchAction","target":{"@type":"EntryPoint","urlTemplate":"https:\/\/mering.info\/?s={search_term_string}"},"query-input":{"@type":"PropertyValueSpecification","valueRequired":true,"valueName":"search_term_string"}}],"inLanguage":"de"},{"@type":"Person","@id":"https:\/\/mering.info\/#\/schema\/person\/0855fe0b7a950a699d3c281503f9bdf9","name":"Sarah Kohlberger","url":"https:\/\/mering.info\/?author=12"}]}},"jetpack_publicize_connections":[],"jetpack_featured_media_url":"","jetpack_sharing_enabled":true,"_links":{"self":[{"href":"https:\/\/mering.info\/index.php?rest_route=\/wp\/v2\/posts\/5184","targetHints":{"allow":["GET"]}}],"collection":[{"href":"https:\/\/mering.info\/index.php?rest_route=\/wp\/v2\/posts"}],"about":[{"href":"https:\/\/mering.info\/index.php?rest_route=\/wp\/v2\/types\/post"}],"author":[{"embeddable":true,"href":"https:\/\/mering.info\/index.php?rest_route=\/wp\/v2\/users\/12"}],"replies":[{"embeddable":true,"href":"https:\/\/mering.info\/index.php?rest_route=%2Fwp%2Fv2%2Fcomments&post=5184"}],"version-history":[{"count":6,"href":"https:\/\/mering.info\/index.php?rest_route=\/wp\/v2\/posts\/5184\/revisions"}],"predecessor-version":[{"id":5737,"href":"https:\/\/mering.info\/index.php?rest_route=\/wp\/v2\/posts\/5184\/revisions\/5737"}],"wp:attachment":[{"href":"https:\/\/mering.info\/index.php?rest_route=%2Fwp%2Fv2%2Fmedia&parent=5184"}],"wp:term":[{"taxonomy":"category","embeddable":true,"href":"https:\/\/mering.info\/index.php?rest_route=%2Fwp%2Fv2%2Fcategories&post=5184"},{"taxonomy":"post_tag","embeddable":true,"href":"https:\/\/mering.info\/index.php?rest_route=%2Fwp%2Fv2%2Ftags&post=5184"}],"curies":[{"name":"wp","href":"https:\/\/api.w.org\/{rel}","templated":true}]}}