{"id":5374,"date":"2023-04-21T11:22:13","date_gmt":"2023-04-21T09:22:13","guid":{"rendered":"https:\/\/mering.info\/?p=5374"},"modified":"2023-05-08T22:04:16","modified_gmt":"2023-05-08T20:04:16","slug":"nachhaltigkeitstag-des-landratsamtes-aic-fdb","status":"publish","type":"post","link":"https:\/\/mering.info\/?p=5374","title":{"rendered":"Nachhaltigkeitstag des Landratsamtes AIC-FDB"},"content":{"rendered":"<p>Am 19. April fand der Nachhaltigkeitstag des Landratsamtes Aichach-Friedberg im Kreisgut Aichach statt. Auch wir vom &#8222;B\u00fcndnis Nachhaltiges Mering&#8220; waren vertreten, denn auch wir wollen an den Zielen f\u00fcr Nachhaltige Entwicklung im Landkreis mitwirken. Unter dem Motto &#8222;Mitdenken. Mitreden. Mitmachen&#8220; hatten wir an unserem Stand gute Gespr\u00e4che.<\/p>\n<p>Einleitend erl\u00e4uterte Landrat Dr. Klaus Metzger den Beitritt in den &#8222;Club der Agenda 2030 Kommunen&#8220;. Ankn\u00fcpfend an den Festvortrag von Dr. Norbert Stamm (B\u00fcro Nachhaltigkeit und Gesch\u00e4ftsstelle Agenda 21 Augsburg) pr\u00e4sentierte Fatma Friedrich (Nachhaltigkeitsmanagerin Landkreis Aichach-Friedberg) die Ergebnisse zur durchgef\u00fchrten Online Befragung zum Thema Nachhaltigkeit im Landkreis.<\/p>\n<p>Wir sind gespannt und freuen uns auf die zuk\u00fcnftige Mitarbeit im Nachhaltigkeitsbeirat des Landkreises Aichach-Friedberg.<\/p>\n<p>Weitere Infos sind hier zu finden:<br \/>\nhttps:\/\/lra-aic-fdb.de\/hier-leben\/nachhaltiger-landkreis\/nachhaltigkeit-verantwortung-und-verpflichtung\/agenda-203<\/p>\n<p><em>Bild: Michael Dudella, zu sehen von links nach rechts: J\u00f6rg H\u00e4berle, Manuela Mayr, Wolfhard von Thienen, Michael Dudella, Petra von Thienen, Conny Flittner.<\/em><\/p>\n","protected":false},"excerpt":{"rendered":"<p>Am 19. April fand der Nachhaltigkeitstag des Landratsamtes Aichach-Friedberg im Kreisgut Aichach statt. Auch wir vom &#8222;B\u00fcndnis Nachhaltiges Mering&#8220; waren vertreten, denn auch wir wollen an den Zielen f\u00fcr Nachhaltige &hellip; <a href=\"https:\/\/mering.info\/?p=5374\" class=\"more-link\"><span class=\"screen-reader-text\">Nachhaltigkeitstag des Landratsamtes AIC-FDB<\/span> weiterlesen <span class=\"meta-nav\">&rarr;<\/span><\/a><\/p>\n","protected":false},"author":12,"featured_media":5366,"comment_status":"open","ping_status":"open","sticky":false,"template":"","format":"standard","meta":{"jetpack_post_was_ever_published":false,"_jetpack_newsletter_access":"","_jetpack_dont_email_post_to_subs":false,"_jetpack_newsletter_tier_id":0,"_jetpack_memberships_contains_paywalled_content":false,"_jetpack_memberships_contains_paid_content":false,"footnotes":"","jetpack_publicize_message":"","jetpack_publicize_feature_enabled":true,"jetpack_social_post_already_shared":true,"jetpack_social_options":{"image_generator_settings":{"template":"highway","default_image_id":0,"font":"","enabled":false},"version":2}},"categories":[81],"tags":[162],"class_list":["post-5374","post","type-post","status-publish","format-standard","has-post-thumbnail","hentry","category-information","tag-nachhaltigkeit"],"yoast_head":"<!-- This site is optimized with the Yoast SEO plugin v27.5 - https:\/\/yoast.com\/product\/yoast-seo-wordpress\/ -->\n<title>Nachhaltigkeitstag des Landratsamtes AIC-FDB - Nachhaltiges Mering<\/title>\n<meta name=\"description\" content=\"Am 19. April fand der Nachhaltigkeitstag des Landratsamtes AIC-FDB statt. Auch wir vom &quot;B\u00fcndnis Nachhaltiges Mering&quot; waren vertreten.\" \/>\n<meta name=\"robots\" content=\"index, follow, max-snippet:-1, max-image-preview:large, max-video-preview:-1\" \/>\n<link rel=\"canonical\" href=\"https:\/\/mering.info\/?p=5374\" \/>\n<meta property=\"og:locale\" content=\"de_DE\" \/>\n<meta property=\"og:type\" content=\"article\" \/>\n<meta property=\"og:title\" content=\"Nachhaltigkeitstag des Landratsamtes AIC-FDB - Nachhaltiges Mering\" \/>\n<meta property=\"og:description\" content=\"Am 19. April fand der Nachhaltigkeitstag des Landratsamtes AIC-FDB statt. Auch wir vom &quot;B\u00fcndnis Nachhaltiges Mering&quot; waren vertreten.\" \/>\n<meta property=\"og:url\" content=\"https:\/\/mering.info\/?p=5374\" \/>\n<meta property=\"og:site_name\" content=\"Nachhaltiges Mering\" \/>\n<meta property=\"article:published_time\" content=\"2023-04-21T09:22:13+00:00\" \/>\n<meta property=\"article:modified_time\" content=\"2023-05-08T20:04:16+00:00\" \/>\n<meta property=\"og:image\" content=\"https:\/\/mering.info\/wp-content\/uploads\/2023\/04\/2023-04-19-Nachhaltigkeitstag-Landkreis-Aichach-Friedberg-Buendnis-Nachhaltiges-Mering_neu_700.jpg\" \/>\n\t<meta property=\"og:image:width\" content=\"700\" \/>\n\t<meta property=\"og:image:height\" content=\"488\" \/>\n\t<meta property=\"og:image:type\" content=\"image\/jpeg\" \/>\n<meta name=\"author\" content=\"Sarah Kohlberger\" \/>\n<meta name=\"twitter:card\" content=\"summary_large_image\" \/>\n<meta name=\"twitter:label1\" content=\"Verfasst von\" \/>\n\t<meta name=\"twitter:data1\" content=\"Sarah Kohlberger\" \/>\n\t<meta name=\"twitter:label2\" content=\"Gesch\u00e4tzte Lesezeit\" \/>\n\t<meta name=\"twitter:data2\" content=\"1\u00a0Minute\" \/>\n<script type=\"application\/ld+json\" class=\"yoast-schema-graph\">{\"@context\":\"https:\\\/\\\/schema.org\",\"@graph\":[{\"@type\":\"Article\",\"@id\":\"https:\\\/\\\/mering.info\\\/?p=5374#article\",\"isPartOf\":{\"@id\":\"https:\\\/\\\/mering.info\\\/?p=5374\"},\"author\":{\"name\":\"Sarah Kohlberger\",\"@id\":\"https:\\\/\\\/mering.info\\\/#\\\/schema\\\/person\\\/0855fe0b7a950a699d3c281503f9bdf9\"},\"headline\":\"Nachhaltigkeitstag des Landratsamtes AIC-FDB\",\"datePublished\":\"2023-04-21T09:22:13+00:00\",\"dateModified\":\"2023-05-08T20:04:16+00:00\",\"mainEntityOfPage\":{\"@id\":\"https:\\\/\\\/mering.info\\\/?p=5374\"},\"wordCount\":158,\"commentCount\":0,\"image\":{\"@id\":\"https:\\\/\\\/mering.info\\\/?p=5374#primaryimage\"},\"thumbnailUrl\":\"https:\\\/\\\/mering.info\\\/wp-content\\\/uploads\\\/2023\\\/04\\\/2023-04-19-Nachhaltigkeitstag-Landkreis-Aichach-Friedberg-Buendnis-Nachhaltiges-Mering_neu_700.jpg\",\"keywords\":[\"Nachhaltigkeit\"],\"articleSection\":[\"Information\"],\"inLanguage\":\"de\",\"potentialAction\":[{\"@type\":\"CommentAction\",\"name\":\"Comment\",\"target\":[\"https:\\\/\\\/mering.info\\\/?p=5374#respond\"]}]},{\"@type\":\"WebPage\",\"@id\":\"https:\\\/\\\/mering.info\\\/?p=5374\",\"url\":\"https:\\\/\\\/mering.info\\\/?p=5374\",\"name\":\"Nachhaltigkeitstag des Landratsamtes AIC-FDB - Nachhaltiges Mering\",\"isPartOf\":{\"@id\":\"https:\\\/\\\/mering.info\\\/#website\"},\"primaryImageOfPage\":{\"@id\":\"https:\\\/\\\/mering.info\\\/?p=5374#primaryimage\"},\"image\":{\"@id\":\"https:\\\/\\\/mering.info\\\/?p=5374#primaryimage\"},\"thumbnailUrl\":\"https:\\\/\\\/mering.info\\\/wp-content\\\/uploads\\\/2023\\\/04\\\/2023-04-19-Nachhaltigkeitstag-Landkreis-Aichach-Friedberg-Buendnis-Nachhaltiges-Mering_neu_700.jpg\",\"datePublished\":\"2023-04-21T09:22:13+00:00\",\"dateModified\":\"2023-05-08T20:04:16+00:00\",\"author\":{\"@id\":\"https:\\\/\\\/mering.info\\\/#\\\/schema\\\/person\\\/0855fe0b7a950a699d3c281503f9bdf9\"},\"description\":\"Am 19. April fand der Nachhaltigkeitstag des Landratsamtes AIC-FDB statt. Auch wir vom \\\"B\u00fcndnis Nachhaltiges Mering\\\" waren vertreten.\",\"breadcrumb\":{\"@id\":\"https:\\\/\\\/mering.info\\\/?p=5374#breadcrumb\"},\"inLanguage\":\"de\",\"potentialAction\":[{\"@type\":\"ReadAction\",\"target\":[\"https:\\\/\\\/mering.info\\\/?p=5374\"]}]},{\"@type\":\"ImageObject\",\"inLanguage\":\"de\",\"@id\":\"https:\\\/\\\/mering.info\\\/?p=5374#primaryimage\",\"url\":\"https:\\\/\\\/mering.info\\\/wp-content\\\/uploads\\\/2023\\\/04\\\/2023-04-19-Nachhaltigkeitstag-Landkreis-Aichach-Friedberg-Buendnis-Nachhaltiges-Mering_neu_700.jpg\",\"contentUrl\":\"https:\\\/\\\/mering.info\\\/wp-content\\\/uploads\\\/2023\\\/04\\\/2023-04-19-Nachhaltigkeitstag-Landkreis-Aichach-Friedberg-Buendnis-Nachhaltiges-Mering_neu_700.jpg\",\"width\":700,\"height\":488,\"caption\":\"2023-04-19 Nachhaltigkeitstag Landkreis Aichach Friedberg B\u00fcndnis Nachhaltiges Mering\"},{\"@type\":\"BreadcrumbList\",\"@id\":\"https:\\\/\\\/mering.info\\\/?p=5374#breadcrumb\",\"itemListElement\":[{\"@type\":\"ListItem\",\"position\":1,\"name\":\"Startseite\",\"item\":\"https:\\\/\\\/mering.info\\\/\"},{\"@type\":\"ListItem\",\"position\":2,\"name\":\"Nachhaltigkeitstag des Landratsamtes AIC-FDB\"}]},{\"@type\":\"WebSite\",\"@id\":\"https:\\\/\\\/mering.info\\\/#website\",\"url\":\"https:\\\/\\\/mering.info\\\/\",\"name\":\"Nachhaltiges Mering\",\"description\":\"Zukunftsf\u00e4higes Mering\",\"potentialAction\":[{\"@type\":\"SearchAction\",\"target\":{\"@type\":\"EntryPoint\",\"urlTemplate\":\"https:\\\/\\\/mering.info\\\/?s={search_term_string}\"},\"query-input\":{\"@type\":\"PropertyValueSpecification\",\"valueRequired\":true,\"valueName\":\"search_term_string\"}}],\"inLanguage\":\"de\"},{\"@type\":\"Person\",\"@id\":\"https:\\\/\\\/mering.info\\\/#\\\/schema\\\/person\\\/0855fe0b7a950a699d3c281503f9bdf9\",\"name\":\"Sarah Kohlberger\",\"url\":\"https:\\\/\\\/mering.info\\\/?author=12\"}]}<\/script>\n<!-- \/ Yoast SEO plugin. -->","yoast_head_json":{"title":"Nachhaltigkeitstag des Landratsamtes AIC-FDB - Nachhaltiges Mering","description":"Am 19. April fand der Nachhaltigkeitstag des Landratsamtes AIC-FDB statt. Auch wir vom \"B\u00fcndnis Nachhaltiges Mering\" waren vertreten.","robots":{"index":"index","follow":"follow","max-snippet":"max-snippet:-1","max-image-preview":"max-image-preview:large","max-video-preview":"max-video-preview:-1"},"canonical":"https:\/\/mering.info\/?p=5374","og_locale":"de_DE","og_type":"article","og_title":"Nachhaltigkeitstag des Landratsamtes AIC-FDB - Nachhaltiges Mering","og_description":"Am 19. April fand der Nachhaltigkeitstag des Landratsamtes AIC-FDB statt. Auch wir vom \"B\u00fcndnis Nachhaltiges Mering\" waren vertreten.","og_url":"https:\/\/mering.info\/?p=5374","og_site_name":"Nachhaltiges Mering","article_published_time":"2023-04-21T09:22:13+00:00","article_modified_time":"2023-05-08T20:04:16+00:00","og_image":[{"width":700,"height":488,"url":"https:\/\/mering.info\/wp-content\/uploads\/2023\/04\/2023-04-19-Nachhaltigkeitstag-Landkreis-Aichach-Friedberg-Buendnis-Nachhaltiges-Mering_neu_700.jpg","type":"image\/jpeg"}],"author":"Sarah Kohlberger","twitter_card":"summary_large_image","twitter_misc":{"Verfasst von":"Sarah Kohlberger","Gesch\u00e4tzte Lesezeit":"1\u00a0Minute"},"schema":{"@context":"https:\/\/schema.org","@graph":[{"@type":"Article","@id":"https:\/\/mering.info\/?p=5374#article","isPartOf":{"@id":"https:\/\/mering.info\/?p=5374"},"author":{"name":"Sarah Kohlberger","@id":"https:\/\/mering.info\/#\/schema\/person\/0855fe0b7a950a699d3c281503f9bdf9"},"headline":"Nachhaltigkeitstag des Landratsamtes AIC-FDB","datePublished":"2023-04-21T09:22:13+00:00","dateModified":"2023-05-08T20:04:16+00:00","mainEntityOfPage":{"@id":"https:\/\/mering.info\/?p=5374"},"wordCount":158,"commentCount":0,"image":{"@id":"https:\/\/mering.info\/?p=5374#primaryimage"},"thumbnailUrl":"https:\/\/mering.info\/wp-content\/uploads\/2023\/04\/2023-04-19-Nachhaltigkeitstag-Landkreis-Aichach-Friedberg-Buendnis-Nachhaltiges-Mering_neu_700.jpg","keywords":["Nachhaltigkeit"],"articleSection":["Information"],"inLanguage":"de","potentialAction":[{"@type":"CommentAction","name":"Comment","target":["https:\/\/mering.info\/?p=5374#respond"]}]},{"@type":"WebPage","@id":"https:\/\/mering.info\/?p=5374","url":"https:\/\/mering.info\/?p=5374","name":"Nachhaltigkeitstag des Landratsamtes AIC-FDB - Nachhaltiges Mering","isPartOf":{"@id":"https:\/\/mering.info\/#website"},"primaryImageOfPage":{"@id":"https:\/\/mering.info\/?p=5374#primaryimage"},"image":{"@id":"https:\/\/mering.info\/?p=5374#primaryimage"},"thumbnailUrl":"https:\/\/mering.info\/wp-content\/uploads\/2023\/04\/2023-04-19-Nachhaltigkeitstag-Landkreis-Aichach-Friedberg-Buendnis-Nachhaltiges-Mering_neu_700.jpg","datePublished":"2023-04-21T09:22:13+00:00","dateModified":"2023-05-08T20:04:16+00:00","author":{"@id":"https:\/\/mering.info\/#\/schema\/person\/0855fe0b7a950a699d3c281503f9bdf9"},"description":"Am 19. April fand der Nachhaltigkeitstag des Landratsamtes AIC-FDB statt. Auch wir vom \"B\u00fcndnis Nachhaltiges Mering\" waren vertreten.","breadcrumb":{"@id":"https:\/\/mering.info\/?p=5374#breadcrumb"},"inLanguage":"de","potentialAction":[{"@type":"ReadAction","target":["https:\/\/mering.info\/?p=5374"]}]},{"@type":"ImageObject","inLanguage":"de","@id":"https:\/\/mering.info\/?p=5374#primaryimage","url":"https:\/\/mering.info\/wp-content\/uploads\/2023\/04\/2023-04-19-Nachhaltigkeitstag-Landkreis-Aichach-Friedberg-Buendnis-Nachhaltiges-Mering_neu_700.jpg","contentUrl":"https:\/\/mering.info\/wp-content\/uploads\/2023\/04\/2023-04-19-Nachhaltigkeitstag-Landkreis-Aichach-Friedberg-Buendnis-Nachhaltiges-Mering_neu_700.jpg","width":700,"height":488,"caption":"2023-04-19 Nachhaltigkeitstag Landkreis Aichach Friedberg B\u00fcndnis Nachhaltiges Mering"},{"@type":"BreadcrumbList","@id":"https:\/\/mering.info\/?p=5374#breadcrumb","itemListElement":[{"@type":"ListItem","position":1,"name":"Startseite","item":"https:\/\/mering.info\/"},{"@type":"ListItem","position":2,"name":"Nachhaltigkeitstag des Landratsamtes AIC-FDB"}]},{"@type":"WebSite","@id":"https:\/\/mering.info\/#website","url":"https:\/\/mering.info\/","name":"Nachhaltiges Mering","description":"Zukunftsf\u00e4higes Mering","potentialAction":[{"@type":"SearchAction","target":{"@type":"EntryPoint","urlTemplate":"https:\/\/mering.info\/?s={search_term_string}"},"query-input":{"@type":"PropertyValueSpecification","valueRequired":true,"valueName":"search_term_string"}}],"inLanguage":"de"},{"@type":"Person","@id":"https:\/\/mering.info\/#\/schema\/person\/0855fe0b7a950a699d3c281503f9bdf9","name":"Sarah Kohlberger","url":"https:\/\/mering.info\/?author=12"}]}},"jetpack_publicize_connections":[],"jetpack_featured_media_url":"https:\/\/mering.info\/wp-content\/uploads\/2023\/04\/2023-04-19-Nachhaltigkeitstag-Landkreis-Aichach-Friedberg-Buendnis-Nachhaltiges-Mering_neu_700.jpg","jetpack_sharing_enabled":true,"_links":{"self":[{"href":"https:\/\/mering.info\/index.php?rest_route=\/wp\/v2\/posts\/5374","targetHints":{"allow":["GET"]}}],"collection":[{"href":"https:\/\/mering.info\/index.php?rest_route=\/wp\/v2\/posts"}],"about":[{"href":"https:\/\/mering.info\/index.php?rest_route=\/wp\/v2\/types\/post"}],"author":[{"embeddable":true,"href":"https:\/\/mering.info\/index.php?rest_route=\/wp\/v2\/users\/12"}],"replies":[{"embeddable":true,"href":"https:\/\/mering.info\/index.php?rest_route=%2Fwp%2Fv2%2Fcomments&post=5374"}],"version-history":[{"count":5,"href":"https:\/\/mering.info\/index.php?rest_route=\/wp\/v2\/posts\/5374\/revisions"}],"predecessor-version":[{"id":5395,"href":"https:\/\/mering.info\/index.php?rest_route=\/wp\/v2\/posts\/5374\/revisions\/5395"}],"wp:featuredmedia":[{"embeddable":true,"href":"https:\/\/mering.info\/index.php?rest_route=\/wp\/v2\/media\/5366"}],"wp:attachment":[{"href":"https:\/\/mering.info\/index.php?rest_route=%2Fwp%2Fv2%2Fmedia&parent=5374"}],"wp:term":[{"taxonomy":"category","embeddable":true,"href":"https:\/\/mering.info\/index.php?rest_route=%2Fwp%2Fv2%2Fcategories&post=5374"},{"taxonomy":"post_tag","embeddable":true,"href":"https:\/\/mering.info\/index.php?rest_route=%2Fwp%2Fv2%2Ftags&post=5374"}],"curies":[{"name":"wp","href":"https:\/\/api.w.org\/{rel}","templated":true}]}}