{"id":5380,"date":"2023-04-23T11:39:53","date_gmt":"2023-04-23T09:39:53","guid":{"rendered":"https:\/\/mering.info\/?p=5380"},"modified":"2023-04-23T11:39:53","modified_gmt":"2023-04-23T09:39:53","slug":"stand-zum-thema-abfall-und-plastikvermeidung","status":"publish","type":"post","link":"https:\/\/mering.info\/?p=5380","title":{"rendered":"Stand zum Thema Abfall- und Plastikvermeidung"},"content":{"rendered":"<p>Mit unserem Infostand vom &#8222;B\u00fcndnis Nachhaltiges Mering&#8220; waren wir am 21. April zentral am Marktplatz. Zusammen mit der &#8222;Abteilung Kommunale Abfallwirtschaft &#8211; Abfallberatung&#8220; vom Landratsamt Aichach-Friedberg ging es um das Thema Abfall- und Plastikvermeidung.<\/p>\n<p>Hier gaben wir auch Hinweise auf den &#8222;Plastikfreien Stammtisch Mering&#8220; (n\u00e4chster Termin 15. Mai). Nat\u00fcrlich hatten wir unsere plastikfreien Produkte wie das ZukunftsTuch und die ZukunftsP\u00e4dle dabei. Zudem sorgte auch die faire Schokolade der Fairtrade-Gemeinde Markt Mering f\u00fcr Schokogenuss. Diese Produkte gibt es unter anderem im Weltladen Mering.<\/p>\n<p>Wir sagen &#8222;Danke&#8220; f\u00fcr das gro\u00dfe Interesse an unseren Aktivit\u00e4ten und Aktionen.<\/p>\n<p><em>Bild: Michael Dudella, zu sehen von links nach rechts: Michael Dudella, J\u00f6rg H\u00e4berle, Manuela Mayr, Conny Flittner.<\/em><\/p>\n","protected":false},"excerpt":{"rendered":"<p>Mit unserem Infostand vom &#8222;B\u00fcndnis Nachhaltiges Mering&#8220; waren wir am 21. April zentral am Marktplatz. Zusammen mit der &#8222;Abteilung Kommunale Abfallwirtschaft &#8211; Abfallberatung&#8220; vom Landratsamt Aichach-Friedberg ging es um das &hellip; <a href=\"https:\/\/mering.info\/?p=5380\" class=\"more-link\"><span class=\"screen-reader-text\">Stand zum Thema Abfall- und Plastikvermeidung<\/span> weiterlesen <span class=\"meta-nav\">&rarr;<\/span><\/a><\/p>\n","protected":false},"author":12,"featured_media":5379,"comment_status":"open","ping_status":"open","sticky":false,"template":"","format":"standard","meta":{"jetpack_post_was_ever_published":false,"_jetpack_newsletter_access":"","_jetpack_dont_email_post_to_subs":false,"_jetpack_newsletter_tier_id":0,"_jetpack_memberships_contains_paywalled_content":false,"_jetpack_memberships_contains_paid_content":false,"footnotes":"","jetpack_publicize_message":"","jetpack_publicize_feature_enabled":true,"jetpack_social_post_already_shared":true,"jetpack_social_options":{"image_generator_settings":{"template":"highway","default_image_id":0,"font":"","enabled":false},"version":2}},"categories":[81],"tags":[156],"class_list":["post-5380","post","type-post","status-publish","format-standard","has-post-thumbnail","hentry","category-information","tag-abfallvermeidung"],"yoast_head":"<!-- This site is optimized with the Yoast SEO plugin v27.5 - https:\/\/yoast.com\/product\/yoast-seo-wordpress\/ -->\n<title>Stand zum Thema Abfall- und Plastikvermeidung - Nachhaltiges Mering<\/title>\n<meta name=\"description\" content=\"Mit unserem Infostand vom &quot;B\u00fcndnis Nachhaltiges Mering&quot; waren wir am 21. April am Marktplatz. Thema war Abfall- und Plastikvermeidung.\" \/>\n<meta name=\"robots\" content=\"index, follow, max-snippet:-1, max-image-preview:large, max-video-preview:-1\" \/>\n<link rel=\"canonical\" href=\"https:\/\/mering.info\/?p=5380\" \/>\n<meta property=\"og:locale\" content=\"de_DE\" \/>\n<meta property=\"og:type\" content=\"article\" \/>\n<meta property=\"og:title\" content=\"Stand zum Thema Abfall- und Plastikvermeidung - Nachhaltiges Mering\" \/>\n<meta property=\"og:description\" content=\"Mit unserem Infostand vom &quot;B\u00fcndnis Nachhaltiges Mering&quot; waren wir am 21. April am Marktplatz. Thema war Abfall- und Plastikvermeidung.\" \/>\n<meta property=\"og:url\" content=\"https:\/\/mering.info\/?p=5380\" \/>\n<meta property=\"og:site_name\" content=\"Nachhaltiges Mering\" \/>\n<meta property=\"article:published_time\" content=\"2023-04-23T09:39:53+00:00\" \/>\n<meta property=\"og:image\" content=\"https:\/\/mering.info\/wp-content\/uploads\/2023\/04\/2023-04-21-Marktplatz-Mering-Infostand-mit-der-Kommunalen-Abfallwirtschaft-Landkreis-Aichach-Friedberg_neu_700.jpg\" \/>\n\t<meta property=\"og:image:width\" content=\"700\" \/>\n\t<meta property=\"og:image:height\" content=\"404\" \/>\n\t<meta property=\"og:image:type\" content=\"image\/jpeg\" \/>\n<meta name=\"author\" content=\"Sarah Kohlberger\" \/>\n<meta name=\"twitter:card\" content=\"summary_large_image\" \/>\n<meta name=\"twitter:label1\" content=\"Verfasst von\" \/>\n\t<meta name=\"twitter:data1\" content=\"Sarah Kohlberger\" \/>\n\t<meta name=\"twitter:label2\" content=\"Gesch\u00e4tzte Lesezeit\" \/>\n\t<meta name=\"twitter:data2\" content=\"1\u00a0Minute\" \/>\n<script type=\"application\/ld+json\" class=\"yoast-schema-graph\">{\"@context\":\"https:\\\/\\\/schema.org\",\"@graph\":[{\"@type\":\"Article\",\"@id\":\"https:\\\/\\\/mering.info\\\/?p=5380#article\",\"isPartOf\":{\"@id\":\"https:\\\/\\\/mering.info\\\/?p=5380\"},\"author\":{\"name\":\"Sarah Kohlberger\",\"@id\":\"https:\\\/\\\/mering.info\\\/#\\\/schema\\\/person\\\/0855fe0b7a950a699d3c281503f9bdf9\"},\"headline\":\"Stand zum Thema Abfall- und Plastikvermeidung\",\"datePublished\":\"2023-04-23T09:39:53+00:00\",\"mainEntityOfPage\":{\"@id\":\"https:\\\/\\\/mering.info\\\/?p=5380\"},\"wordCount\":125,\"commentCount\":0,\"image\":{\"@id\":\"https:\\\/\\\/mering.info\\\/?p=5380#primaryimage\"},\"thumbnailUrl\":\"https:\\\/\\\/mering.info\\\/wp-content\\\/uploads\\\/2023\\\/04\\\/2023-04-21-Marktplatz-Mering-Infostand-mit-der-Kommunalen-Abfallwirtschaft-Landkreis-Aichach-Friedberg_neu_700.jpg\",\"keywords\":[\"Abfallvermeidung\"],\"articleSection\":[\"Information\"],\"inLanguage\":\"de\",\"potentialAction\":[{\"@type\":\"CommentAction\",\"name\":\"Comment\",\"target\":[\"https:\\\/\\\/mering.info\\\/?p=5380#respond\"]}]},{\"@type\":\"WebPage\",\"@id\":\"https:\\\/\\\/mering.info\\\/?p=5380\",\"url\":\"https:\\\/\\\/mering.info\\\/?p=5380\",\"name\":\"Stand zum Thema Abfall- und Plastikvermeidung - Nachhaltiges Mering\",\"isPartOf\":{\"@id\":\"https:\\\/\\\/mering.info\\\/#website\"},\"primaryImageOfPage\":{\"@id\":\"https:\\\/\\\/mering.info\\\/?p=5380#primaryimage\"},\"image\":{\"@id\":\"https:\\\/\\\/mering.info\\\/?p=5380#primaryimage\"},\"thumbnailUrl\":\"https:\\\/\\\/mering.info\\\/wp-content\\\/uploads\\\/2023\\\/04\\\/2023-04-21-Marktplatz-Mering-Infostand-mit-der-Kommunalen-Abfallwirtschaft-Landkreis-Aichach-Friedberg_neu_700.jpg\",\"datePublished\":\"2023-04-23T09:39:53+00:00\",\"author\":{\"@id\":\"https:\\\/\\\/mering.info\\\/#\\\/schema\\\/person\\\/0855fe0b7a950a699d3c281503f9bdf9\"},\"description\":\"Mit unserem Infostand vom \\\"B\u00fcndnis Nachhaltiges Mering\\\" waren wir am 21. April am Marktplatz. Thema war Abfall- und Plastikvermeidung.\",\"breadcrumb\":{\"@id\":\"https:\\\/\\\/mering.info\\\/?p=5380#breadcrumb\"},\"inLanguage\":\"de\",\"potentialAction\":[{\"@type\":\"ReadAction\",\"target\":[\"https:\\\/\\\/mering.info\\\/?p=5380\"]}]},{\"@type\":\"ImageObject\",\"inLanguage\":\"de\",\"@id\":\"https:\\\/\\\/mering.info\\\/?p=5380#primaryimage\",\"url\":\"https:\\\/\\\/mering.info\\\/wp-content\\\/uploads\\\/2023\\\/04\\\/2023-04-21-Marktplatz-Mering-Infostand-mit-der-Kommunalen-Abfallwirtschaft-Landkreis-Aichach-Friedberg_neu_700.jpg\",\"contentUrl\":\"https:\\\/\\\/mering.info\\\/wp-content\\\/uploads\\\/2023\\\/04\\\/2023-04-21-Marktplatz-Mering-Infostand-mit-der-Kommunalen-Abfallwirtschaft-Landkreis-Aichach-Friedberg_neu_700.jpg\",\"width\":700,\"height\":404,\"caption\":\"2023-04-21 Marktplatz Mering Infostand mit der Kommunalen Abfallwirtschaft Landkreis Aichach-Friedberg\"},{\"@type\":\"BreadcrumbList\",\"@id\":\"https:\\\/\\\/mering.info\\\/?p=5380#breadcrumb\",\"itemListElement\":[{\"@type\":\"ListItem\",\"position\":1,\"name\":\"Startseite\",\"item\":\"https:\\\/\\\/mering.info\\\/\"},{\"@type\":\"ListItem\",\"position\":2,\"name\":\"Stand zum Thema Abfall- und Plastikvermeidung\"}]},{\"@type\":\"WebSite\",\"@id\":\"https:\\\/\\\/mering.info\\\/#website\",\"url\":\"https:\\\/\\\/mering.info\\\/\",\"name\":\"Nachhaltiges Mering\",\"description\":\"Zukunftsf\u00e4higes Mering\",\"potentialAction\":[{\"@type\":\"SearchAction\",\"target\":{\"@type\":\"EntryPoint\",\"urlTemplate\":\"https:\\\/\\\/mering.info\\\/?s={search_term_string}\"},\"query-input\":{\"@type\":\"PropertyValueSpecification\",\"valueRequired\":true,\"valueName\":\"search_term_string\"}}],\"inLanguage\":\"de\"},{\"@type\":\"Person\",\"@id\":\"https:\\\/\\\/mering.info\\\/#\\\/schema\\\/person\\\/0855fe0b7a950a699d3c281503f9bdf9\",\"name\":\"Sarah Kohlberger\",\"url\":\"https:\\\/\\\/mering.info\\\/?author=12\"}]}<\/script>\n<!-- \/ Yoast SEO plugin. -->","yoast_head_json":{"title":"Stand zum Thema Abfall- und Plastikvermeidung - Nachhaltiges Mering","description":"Mit unserem Infostand vom \"B\u00fcndnis Nachhaltiges Mering\" waren wir am 21. April am Marktplatz. Thema war Abfall- und Plastikvermeidung.","robots":{"index":"index","follow":"follow","max-snippet":"max-snippet:-1","max-image-preview":"max-image-preview:large","max-video-preview":"max-video-preview:-1"},"canonical":"https:\/\/mering.info\/?p=5380","og_locale":"de_DE","og_type":"article","og_title":"Stand zum Thema Abfall- und Plastikvermeidung - Nachhaltiges Mering","og_description":"Mit unserem Infostand vom \"B\u00fcndnis Nachhaltiges Mering\" waren wir am 21. April am Marktplatz. Thema war Abfall- und Plastikvermeidung.","og_url":"https:\/\/mering.info\/?p=5380","og_site_name":"Nachhaltiges Mering","article_published_time":"2023-04-23T09:39:53+00:00","og_image":[{"width":700,"height":404,"url":"https:\/\/mering.info\/wp-content\/uploads\/2023\/04\/2023-04-21-Marktplatz-Mering-Infostand-mit-der-Kommunalen-Abfallwirtschaft-Landkreis-Aichach-Friedberg_neu_700.jpg","type":"image\/jpeg"}],"author":"Sarah Kohlberger","twitter_card":"summary_large_image","twitter_misc":{"Verfasst von":"Sarah Kohlberger","Gesch\u00e4tzte Lesezeit":"1\u00a0Minute"},"schema":{"@context":"https:\/\/schema.org","@graph":[{"@type":"Article","@id":"https:\/\/mering.info\/?p=5380#article","isPartOf":{"@id":"https:\/\/mering.info\/?p=5380"},"author":{"name":"Sarah Kohlberger","@id":"https:\/\/mering.info\/#\/schema\/person\/0855fe0b7a950a699d3c281503f9bdf9"},"headline":"Stand zum Thema Abfall- und Plastikvermeidung","datePublished":"2023-04-23T09:39:53+00:00","mainEntityOfPage":{"@id":"https:\/\/mering.info\/?p=5380"},"wordCount":125,"commentCount":0,"image":{"@id":"https:\/\/mering.info\/?p=5380#primaryimage"},"thumbnailUrl":"https:\/\/mering.info\/wp-content\/uploads\/2023\/04\/2023-04-21-Marktplatz-Mering-Infostand-mit-der-Kommunalen-Abfallwirtschaft-Landkreis-Aichach-Friedberg_neu_700.jpg","keywords":["Abfallvermeidung"],"articleSection":["Information"],"inLanguage":"de","potentialAction":[{"@type":"CommentAction","name":"Comment","target":["https:\/\/mering.info\/?p=5380#respond"]}]},{"@type":"WebPage","@id":"https:\/\/mering.info\/?p=5380","url":"https:\/\/mering.info\/?p=5380","name":"Stand zum Thema Abfall- und Plastikvermeidung - Nachhaltiges Mering","isPartOf":{"@id":"https:\/\/mering.info\/#website"},"primaryImageOfPage":{"@id":"https:\/\/mering.info\/?p=5380#primaryimage"},"image":{"@id":"https:\/\/mering.info\/?p=5380#primaryimage"},"thumbnailUrl":"https:\/\/mering.info\/wp-content\/uploads\/2023\/04\/2023-04-21-Marktplatz-Mering-Infostand-mit-der-Kommunalen-Abfallwirtschaft-Landkreis-Aichach-Friedberg_neu_700.jpg","datePublished":"2023-04-23T09:39:53+00:00","author":{"@id":"https:\/\/mering.info\/#\/schema\/person\/0855fe0b7a950a699d3c281503f9bdf9"},"description":"Mit unserem Infostand vom \"B\u00fcndnis Nachhaltiges Mering\" waren wir am 21. April am Marktplatz. Thema war Abfall- und Plastikvermeidung.","breadcrumb":{"@id":"https:\/\/mering.info\/?p=5380#breadcrumb"},"inLanguage":"de","potentialAction":[{"@type":"ReadAction","target":["https:\/\/mering.info\/?p=5380"]}]},{"@type":"ImageObject","inLanguage":"de","@id":"https:\/\/mering.info\/?p=5380#primaryimage","url":"https:\/\/mering.info\/wp-content\/uploads\/2023\/04\/2023-04-21-Marktplatz-Mering-Infostand-mit-der-Kommunalen-Abfallwirtschaft-Landkreis-Aichach-Friedberg_neu_700.jpg","contentUrl":"https:\/\/mering.info\/wp-content\/uploads\/2023\/04\/2023-04-21-Marktplatz-Mering-Infostand-mit-der-Kommunalen-Abfallwirtschaft-Landkreis-Aichach-Friedberg_neu_700.jpg","width":700,"height":404,"caption":"2023-04-21 Marktplatz Mering Infostand mit der Kommunalen Abfallwirtschaft Landkreis Aichach-Friedberg"},{"@type":"BreadcrumbList","@id":"https:\/\/mering.info\/?p=5380#breadcrumb","itemListElement":[{"@type":"ListItem","position":1,"name":"Startseite","item":"https:\/\/mering.info\/"},{"@type":"ListItem","position":2,"name":"Stand zum Thema Abfall- und Plastikvermeidung"}]},{"@type":"WebSite","@id":"https:\/\/mering.info\/#website","url":"https:\/\/mering.info\/","name":"Nachhaltiges Mering","description":"Zukunftsf\u00e4higes Mering","potentialAction":[{"@type":"SearchAction","target":{"@type":"EntryPoint","urlTemplate":"https:\/\/mering.info\/?s={search_term_string}"},"query-input":{"@type":"PropertyValueSpecification","valueRequired":true,"valueName":"search_term_string"}}],"inLanguage":"de"},{"@type":"Person","@id":"https:\/\/mering.info\/#\/schema\/person\/0855fe0b7a950a699d3c281503f9bdf9","name":"Sarah Kohlberger","url":"https:\/\/mering.info\/?author=12"}]}},"jetpack_publicize_connections":[],"jetpack_featured_media_url":"https:\/\/mering.info\/wp-content\/uploads\/2023\/04\/2023-04-21-Marktplatz-Mering-Infostand-mit-der-Kommunalen-Abfallwirtschaft-Landkreis-Aichach-Friedberg_neu_700.jpg","jetpack_sharing_enabled":true,"_links":{"self":[{"href":"https:\/\/mering.info\/index.php?rest_route=\/wp\/v2\/posts\/5380","targetHints":{"allow":["GET"]}}],"collection":[{"href":"https:\/\/mering.info\/index.php?rest_route=\/wp\/v2\/posts"}],"about":[{"href":"https:\/\/mering.info\/index.php?rest_route=\/wp\/v2\/types\/post"}],"author":[{"embeddable":true,"href":"https:\/\/mering.info\/index.php?rest_route=\/wp\/v2\/users\/12"}],"replies":[{"embeddable":true,"href":"https:\/\/mering.info\/index.php?rest_route=%2Fwp%2Fv2%2Fcomments&post=5380"}],"version-history":[{"count":2,"href":"https:\/\/mering.info\/index.php?rest_route=\/wp\/v2\/posts\/5380\/revisions"}],"predecessor-version":[{"id":5382,"href":"https:\/\/mering.info\/index.php?rest_route=\/wp\/v2\/posts\/5380\/revisions\/5382"}],"wp:featuredmedia":[{"embeddable":true,"href":"https:\/\/mering.info\/index.php?rest_route=\/wp\/v2\/media\/5379"}],"wp:attachment":[{"href":"https:\/\/mering.info\/index.php?rest_route=%2Fwp%2Fv2%2Fmedia&parent=5380"}],"wp:term":[{"taxonomy":"category","embeddable":true,"href":"https:\/\/mering.info\/index.php?rest_route=%2Fwp%2Fv2%2Fcategories&post=5380"},{"taxonomy":"post_tag","embeddable":true,"href":"https:\/\/mering.info\/index.php?rest_route=%2Fwp%2Fv2%2Ftags&post=5380"}],"curies":[{"name":"wp","href":"https:\/\/api.w.org\/{rel}","templated":true}]}}