{"id":5399,"date":"2023-05-28T12:34:27","date_gmt":"2023-05-28T10:34:27","guid":{"rendered":"https:\/\/mering.info\/?p=5399"},"modified":"2025-01-26T22:57:32","modified_gmt":"2025-01-26T21:57:32","slug":"forum-zukunft-als-ort-der-vernetzung","status":"publish","type":"post","link":"https:\/\/mering.info\/?p=5399","title":{"rendered":"Forum Zukunft als Ort der Vernetzung"},"content":{"rendered":"<p>Bei strahlendem Wetter fand auch in diesem Jahr auf Schloss Blumenthal das j\u00e4hrliche Forum Zukunft statt. Und nat\u00fcrlich waren auch wir vom &#8222;B\u00fcndnis Nachhaltiges Mering&#8220; wieder mit einem Infostand vertreten.<\/p>\n<p>Das diesj\u00e4hrige Forum Zukunft stand unter dem wichtigen Thema Resilienz. Am Samstag, 21. Mai, und Sonntag, 22. Mai, fanden verschiedene Vortr\u00e4ge, Workshops und Gespr\u00e4che statt &#8211; vor allem die Themen Biodiversit\u00e4t, Energie, Ern\u00e4hrung und Frieden standen in diesem Jahr besonders im Fokus.<\/p>\n<p>Am Sonntag konnten sich die Besuchenden dann an verschiedenen St\u00e4nden informieren und mit den Aktiven austauschen, unter anderem von Greenpeace oder vom Bund Naturschutz. Wir vom &#8222;B\u00fcndnis Nachhaltiges Mering&#8220; platzierten unseren Stand neben dem Weltladen Mering &#8211; und freuten uns besonders \u00fcber interessierte Menschen, die sich nicht nur im Biergarten die regionalen Leckereien schmecken lie\u00dfen, sondern auch bei uns vorbeischauten. Besonders beliebt war der Foodsharing-Stand neben uns &#8211; hier wurden den ganzen Tag gerettete Lebensmittel verschenkt, und \u00fcberraschten uns immer wieder mit nicht enden wollendem Nachschub.<\/p>\n<p>Auch an den Workshops beteiligten sich Aktive aus unserem B\u00fcndnis &#8211; und kamen mit vielen Ideen wieder zur\u00fcck. Das Forum Zukunft ist immer ein guter Ort, sich mit Gleichgesinnten und Interessierten zu vernetzen &#8211; nur im Austausch mit anderen Menschen k\u00f6nnen wir Projekte stemmen und unsere Region nachhaltiger gestalten.<\/p>\n<p>Generell war die Besuchendenzahl allerdings \u00fcberschaubar &#8211; trotz der wichtigen Themen, die behandelt wurden. Wir freuten uns aber \u00fcber alle, die den Weg nach <a href=\"https:\/\/www.schloss-blumenthal.de\/\" target=\"_blank\" rel=\"noopener\">Schloss Blumenthal<\/a> gefunden haben &#8211; und beispielsweise auch das Wetter genutzt und einen Fahrradausflug in das sch\u00f6ne Areal unternommen haben.<\/p>\n<p><em>Bild Andrea Kaufmann-Fichtner, zu sehen von links nach rechts: Sarah Kohlberger, Valerie Klatte-Asselmeyer, Cornelia Flittner, Michael Dudella, Beate Miserre, Petra von Thienen<\/em><\/p>\n","protected":false},"excerpt":{"rendered":"<p>Bei strahlendem Wetter fand auch in diesem Jahr auf Schloss Blumenthal das j\u00e4hrliche Forum Zukunft statt. Und nat\u00fcrlich waren auch wir vom &#8222;B\u00fcndnis Nachhaltiges Mering&#8220; wieder mit einem Infostand vertreten. &hellip; <a href=\"https:\/\/mering.info\/?p=5399\" class=\"more-link\"><span class=\"screen-reader-text\">Forum Zukunft als Ort der Vernetzung<\/span> weiterlesen <span class=\"meta-nav\">&rarr;<\/span><\/a><\/p>\n","protected":false},"author":12,"featured_media":5398,"comment_status":"open","ping_status":"open","sticky":false,"template":"","format":"standard","meta":{"jetpack_post_was_ever_published":false,"_jetpack_newsletter_access":"","_jetpack_dont_email_post_to_subs":false,"_jetpack_newsletter_tier_id":0,"_jetpack_memberships_contains_paywalled_content":false,"_jetpack_memberships_contains_paid_content":false,"footnotes":"","jetpack_publicize_message":"","jetpack_publicize_feature_enabled":true,"jetpack_social_post_already_shared":true,"jetpack_social_options":{"image_generator_settings":{"template":"highway","default_image_id":0,"font":"","enabled":false},"version":2}},"categories":[77],"tags":[223,190],"class_list":["post-5399","post","type-post","status-publish","format-standard","has-post-thumbnail","hentry","category-veranstaltung-2","tag-blumenthal","tag-forum-zukunft"],"yoast_head":"<!-- This site is optimized with the Yoast SEO plugin v27.5 - https:\/\/yoast.com\/product\/yoast-seo-wordpress\/ -->\n<title>Forum Zukunft als Ort der Vernetzung - Nachhaltiges Mering<\/title>\n<meta name=\"description\" content=\"Auch in diesem Jahr fand auf Schloss Blumenthal das Forum Zukunft statt. Wir vom &quot;B\u00fcndnis Nachhaltiges Mering&quot; waren ebenfalls vertreten.\" \/>\n<meta name=\"robots\" content=\"index, follow, max-snippet:-1, max-image-preview:large, max-video-preview:-1\" \/>\n<link rel=\"canonical\" href=\"https:\/\/mering.info\/?p=5399\" \/>\n<meta property=\"og:locale\" content=\"de_DE\" \/>\n<meta property=\"og:type\" content=\"article\" \/>\n<meta property=\"og:title\" content=\"Forum Zukunft als Ort der Vernetzung - Nachhaltiges Mering\" \/>\n<meta property=\"og:description\" content=\"Auch in diesem Jahr fand auf Schloss Blumenthal das Forum Zukunft statt. Wir vom &quot;B\u00fcndnis Nachhaltiges Mering&quot; waren ebenfalls vertreten.\" \/>\n<meta property=\"og:url\" content=\"https:\/\/mering.info\/?p=5399\" \/>\n<meta property=\"og:site_name\" content=\"Nachhaltiges Mering\" \/>\n<meta property=\"article:published_time\" content=\"2023-05-28T10:34:27+00:00\" \/>\n<meta property=\"article:modified_time\" content=\"2025-01-26T21:57:32+00:00\" \/>\n<meta property=\"og:image\" content=\"https:\/\/mering.info\/wp-content\/uploads\/2023\/05\/20230521_141322_700_tiny.jpg\" \/>\n\t<meta property=\"og:image:width\" content=\"700\" \/>\n\t<meta property=\"og:image:height\" content=\"439\" \/>\n\t<meta property=\"og:image:type\" content=\"image\/jpeg\" \/>\n<meta name=\"author\" content=\"Sarah Kohlberger\" \/>\n<meta name=\"twitter:card\" content=\"summary_large_image\" \/>\n<meta name=\"twitter:label1\" content=\"Verfasst von\" \/>\n\t<meta name=\"twitter:data1\" content=\"Sarah Kohlberger\" \/>\n\t<meta name=\"twitter:label2\" content=\"Gesch\u00e4tzte Lesezeit\" \/>\n\t<meta name=\"twitter:data2\" content=\"2\u00a0Minuten\" \/>\n<script type=\"application\/ld+json\" class=\"yoast-schema-graph\">{\"@context\":\"https:\\\/\\\/schema.org\",\"@graph\":[{\"@type\":\"Article\",\"@id\":\"https:\\\/\\\/mering.info\\\/?p=5399#article\",\"isPartOf\":{\"@id\":\"https:\\\/\\\/mering.info\\\/?p=5399\"},\"author\":{\"name\":\"Sarah Kohlberger\",\"@id\":\"https:\\\/\\\/mering.info\\\/#\\\/schema\\\/person\\\/0855fe0b7a950a699d3c281503f9bdf9\"},\"headline\":\"Forum Zukunft als Ort der Vernetzung\",\"datePublished\":\"2023-05-28T10:34:27+00:00\",\"dateModified\":\"2025-01-26T21:57:32+00:00\",\"mainEntityOfPage\":{\"@id\":\"https:\\\/\\\/mering.info\\\/?p=5399\"},\"wordCount\":292,\"commentCount\":0,\"image\":{\"@id\":\"https:\\\/\\\/mering.info\\\/?p=5399#primaryimage\"},\"thumbnailUrl\":\"https:\\\/\\\/mering.info\\\/wp-content\\\/uploads\\\/2023\\\/05\\\/20230521_141322_700_tiny.jpg\",\"keywords\":[\"Blumenthal\",\"Forum Zukunft\"],\"articleSection\":[\"Veranstaltung\"],\"inLanguage\":\"de\",\"potentialAction\":[{\"@type\":\"CommentAction\",\"name\":\"Comment\",\"target\":[\"https:\\\/\\\/mering.info\\\/?p=5399#respond\"]}]},{\"@type\":\"WebPage\",\"@id\":\"https:\\\/\\\/mering.info\\\/?p=5399\",\"url\":\"https:\\\/\\\/mering.info\\\/?p=5399\",\"name\":\"Forum Zukunft als Ort der Vernetzung - Nachhaltiges Mering\",\"isPartOf\":{\"@id\":\"https:\\\/\\\/mering.info\\\/#website\"},\"primaryImageOfPage\":{\"@id\":\"https:\\\/\\\/mering.info\\\/?p=5399#primaryimage\"},\"image\":{\"@id\":\"https:\\\/\\\/mering.info\\\/?p=5399#primaryimage\"},\"thumbnailUrl\":\"https:\\\/\\\/mering.info\\\/wp-content\\\/uploads\\\/2023\\\/05\\\/20230521_141322_700_tiny.jpg\",\"datePublished\":\"2023-05-28T10:34:27+00:00\",\"dateModified\":\"2025-01-26T21:57:32+00:00\",\"author\":{\"@id\":\"https:\\\/\\\/mering.info\\\/#\\\/schema\\\/person\\\/0855fe0b7a950a699d3c281503f9bdf9\"},\"description\":\"Auch in diesem Jahr fand auf Schloss Blumenthal das Forum Zukunft statt. Wir vom \\\"B\u00fcndnis Nachhaltiges Mering\\\" waren ebenfalls vertreten.\",\"breadcrumb\":{\"@id\":\"https:\\\/\\\/mering.info\\\/?p=5399#breadcrumb\"},\"inLanguage\":\"de\",\"potentialAction\":[{\"@type\":\"ReadAction\",\"target\":[\"https:\\\/\\\/mering.info\\\/?p=5399\"]}]},{\"@type\":\"ImageObject\",\"inLanguage\":\"de\",\"@id\":\"https:\\\/\\\/mering.info\\\/?p=5399#primaryimage\",\"url\":\"https:\\\/\\\/mering.info\\\/wp-content\\\/uploads\\\/2023\\\/05\\\/20230521_141322_700_tiny.jpg\",\"contentUrl\":\"https:\\\/\\\/mering.info\\\/wp-content\\\/uploads\\\/2023\\\/05\\\/20230521_141322_700_tiny.jpg\",\"width\":700,\"height\":439,\"caption\":\"V.l.n.r.: Sarah Kohlberger, Valerie Klatte-Asselmeyer, Cornelia Flittner, Michael Dudella, Beate Miserre, Petra von Thienen\"},{\"@type\":\"BreadcrumbList\",\"@id\":\"https:\\\/\\\/mering.info\\\/?p=5399#breadcrumb\",\"itemListElement\":[{\"@type\":\"ListItem\",\"position\":1,\"name\":\"Startseite\",\"item\":\"https:\\\/\\\/mering.info\\\/\"},{\"@type\":\"ListItem\",\"position\":2,\"name\":\"Forum Zukunft als Ort der Vernetzung\"}]},{\"@type\":\"WebSite\",\"@id\":\"https:\\\/\\\/mering.info\\\/#website\",\"url\":\"https:\\\/\\\/mering.info\\\/\",\"name\":\"Nachhaltiges Mering\",\"description\":\"Zukunftsf\u00e4higes Mering\",\"potentialAction\":[{\"@type\":\"SearchAction\",\"target\":{\"@type\":\"EntryPoint\",\"urlTemplate\":\"https:\\\/\\\/mering.info\\\/?s={search_term_string}\"},\"query-input\":{\"@type\":\"PropertyValueSpecification\",\"valueRequired\":true,\"valueName\":\"search_term_string\"}}],\"inLanguage\":\"de\"},{\"@type\":\"Person\",\"@id\":\"https:\\\/\\\/mering.info\\\/#\\\/schema\\\/person\\\/0855fe0b7a950a699d3c281503f9bdf9\",\"name\":\"Sarah Kohlberger\",\"url\":\"https:\\\/\\\/mering.info\\\/?author=12\"}]}<\/script>\n<!-- \/ Yoast SEO plugin. -->","yoast_head_json":{"title":"Forum Zukunft als Ort der Vernetzung - Nachhaltiges Mering","description":"Auch in diesem Jahr fand auf Schloss Blumenthal das Forum Zukunft statt. Wir vom \"B\u00fcndnis Nachhaltiges Mering\" waren ebenfalls vertreten.","robots":{"index":"index","follow":"follow","max-snippet":"max-snippet:-1","max-image-preview":"max-image-preview:large","max-video-preview":"max-video-preview:-1"},"canonical":"https:\/\/mering.info\/?p=5399","og_locale":"de_DE","og_type":"article","og_title":"Forum Zukunft als Ort der Vernetzung - Nachhaltiges Mering","og_description":"Auch in diesem Jahr fand auf Schloss Blumenthal das Forum Zukunft statt. Wir vom \"B\u00fcndnis Nachhaltiges Mering\" waren ebenfalls vertreten.","og_url":"https:\/\/mering.info\/?p=5399","og_site_name":"Nachhaltiges Mering","article_published_time":"2023-05-28T10:34:27+00:00","article_modified_time":"2025-01-26T21:57:32+00:00","og_image":[{"width":700,"height":439,"url":"https:\/\/mering.info\/wp-content\/uploads\/2023\/05\/20230521_141322_700_tiny.jpg","type":"image\/jpeg"}],"author":"Sarah Kohlberger","twitter_card":"summary_large_image","twitter_misc":{"Verfasst von":"Sarah Kohlberger","Gesch\u00e4tzte Lesezeit":"2\u00a0Minuten"},"schema":{"@context":"https:\/\/schema.org","@graph":[{"@type":"Article","@id":"https:\/\/mering.info\/?p=5399#article","isPartOf":{"@id":"https:\/\/mering.info\/?p=5399"},"author":{"name":"Sarah Kohlberger","@id":"https:\/\/mering.info\/#\/schema\/person\/0855fe0b7a950a699d3c281503f9bdf9"},"headline":"Forum Zukunft als Ort der Vernetzung","datePublished":"2023-05-28T10:34:27+00:00","dateModified":"2025-01-26T21:57:32+00:00","mainEntityOfPage":{"@id":"https:\/\/mering.info\/?p=5399"},"wordCount":292,"commentCount":0,"image":{"@id":"https:\/\/mering.info\/?p=5399#primaryimage"},"thumbnailUrl":"https:\/\/mering.info\/wp-content\/uploads\/2023\/05\/20230521_141322_700_tiny.jpg","keywords":["Blumenthal","Forum Zukunft"],"articleSection":["Veranstaltung"],"inLanguage":"de","potentialAction":[{"@type":"CommentAction","name":"Comment","target":["https:\/\/mering.info\/?p=5399#respond"]}]},{"@type":"WebPage","@id":"https:\/\/mering.info\/?p=5399","url":"https:\/\/mering.info\/?p=5399","name":"Forum Zukunft als Ort der Vernetzung - Nachhaltiges Mering","isPartOf":{"@id":"https:\/\/mering.info\/#website"},"primaryImageOfPage":{"@id":"https:\/\/mering.info\/?p=5399#primaryimage"},"image":{"@id":"https:\/\/mering.info\/?p=5399#primaryimage"},"thumbnailUrl":"https:\/\/mering.info\/wp-content\/uploads\/2023\/05\/20230521_141322_700_tiny.jpg","datePublished":"2023-05-28T10:34:27+00:00","dateModified":"2025-01-26T21:57:32+00:00","author":{"@id":"https:\/\/mering.info\/#\/schema\/person\/0855fe0b7a950a699d3c281503f9bdf9"},"description":"Auch in diesem Jahr fand auf Schloss Blumenthal das Forum Zukunft statt. Wir vom \"B\u00fcndnis Nachhaltiges Mering\" waren ebenfalls vertreten.","breadcrumb":{"@id":"https:\/\/mering.info\/?p=5399#breadcrumb"},"inLanguage":"de","potentialAction":[{"@type":"ReadAction","target":["https:\/\/mering.info\/?p=5399"]}]},{"@type":"ImageObject","inLanguage":"de","@id":"https:\/\/mering.info\/?p=5399#primaryimage","url":"https:\/\/mering.info\/wp-content\/uploads\/2023\/05\/20230521_141322_700_tiny.jpg","contentUrl":"https:\/\/mering.info\/wp-content\/uploads\/2023\/05\/20230521_141322_700_tiny.jpg","width":700,"height":439,"caption":"V.l.n.r.: Sarah Kohlberger, Valerie Klatte-Asselmeyer, Cornelia Flittner, Michael Dudella, Beate Miserre, Petra von Thienen"},{"@type":"BreadcrumbList","@id":"https:\/\/mering.info\/?p=5399#breadcrumb","itemListElement":[{"@type":"ListItem","position":1,"name":"Startseite","item":"https:\/\/mering.info\/"},{"@type":"ListItem","position":2,"name":"Forum Zukunft als Ort der Vernetzung"}]},{"@type":"WebSite","@id":"https:\/\/mering.info\/#website","url":"https:\/\/mering.info\/","name":"Nachhaltiges Mering","description":"Zukunftsf\u00e4higes Mering","potentialAction":[{"@type":"SearchAction","target":{"@type":"EntryPoint","urlTemplate":"https:\/\/mering.info\/?s={search_term_string}"},"query-input":{"@type":"PropertyValueSpecification","valueRequired":true,"valueName":"search_term_string"}}],"inLanguage":"de"},{"@type":"Person","@id":"https:\/\/mering.info\/#\/schema\/person\/0855fe0b7a950a699d3c281503f9bdf9","name":"Sarah Kohlberger","url":"https:\/\/mering.info\/?author=12"}]}},"jetpack_publicize_connections":[],"jetpack_featured_media_url":"https:\/\/mering.info\/wp-content\/uploads\/2023\/05\/20230521_141322_700_tiny.jpg","jetpack_sharing_enabled":true,"_links":{"self":[{"href":"https:\/\/mering.info\/index.php?rest_route=\/wp\/v2\/posts\/5399","targetHints":{"allow":["GET"]}}],"collection":[{"href":"https:\/\/mering.info\/index.php?rest_route=\/wp\/v2\/posts"}],"about":[{"href":"https:\/\/mering.info\/index.php?rest_route=\/wp\/v2\/types\/post"}],"author":[{"embeddable":true,"href":"https:\/\/mering.info\/index.php?rest_route=\/wp\/v2\/users\/12"}],"replies":[{"embeddable":true,"href":"https:\/\/mering.info\/index.php?rest_route=%2Fwp%2Fv2%2Fcomments&post=5399"}],"version-history":[{"count":6,"href":"https:\/\/mering.info\/index.php?rest_route=\/wp\/v2\/posts\/5399\/revisions"}],"predecessor-version":[{"id":5830,"href":"https:\/\/mering.info\/index.php?rest_route=\/wp\/v2\/posts\/5399\/revisions\/5830"}],"wp:featuredmedia":[{"embeddable":true,"href":"https:\/\/mering.info\/index.php?rest_route=\/wp\/v2\/media\/5398"}],"wp:attachment":[{"href":"https:\/\/mering.info\/index.php?rest_route=%2Fwp%2Fv2%2Fmedia&parent=5399"}],"wp:term":[{"taxonomy":"category","embeddable":true,"href":"https:\/\/mering.info\/index.php?rest_route=%2Fwp%2Fv2%2Fcategories&post=5399"},{"taxonomy":"post_tag","embeddable":true,"href":"https:\/\/mering.info\/index.php?rest_route=%2Fwp%2Fv2%2Ftags&post=5399"}],"curies":[{"name":"wp","href":"https:\/\/api.w.org\/{rel}","templated":true}]}}