{"id":5413,"date":"2023-06-03T18:11:55","date_gmt":"2023-06-03T16:11:55","guid":{"rendered":"https:\/\/mering.info\/?p=5413"},"modified":"2023-06-11T21:39:53","modified_gmt":"2023-06-11T19:39:53","slug":"aktive-freuen-sich-ueber-fairtrade-titelerneuerung","status":"publish","type":"post","link":"https:\/\/mering.info\/?p=5413","title":{"rendered":"Aktive freuen sich \u00fcber Fairtrade-Titelerneuerung"},"content":{"rendered":"<p>Mering hat die Titelerneuerung &#8222;Fairtrade Gemeinde Markt Mering&#8220; f\u00fcr zwei weitere Jahre geschafft.<\/p>\n<p>So schnell war die Zeit vergangen: Vor zwei Jahren wollten wir vom &#8222;B\u00fcndnis Nachhaltiges Mering&#8220; unseren ZukunftsMarkt feiern, der dann pandemiebedingt ein Jahr sp\u00e4ter stattfand. Stattdessen gab es an dem Tag ein Ersatzprogramm &#8211; wir drehten einen Film mit uns Aktiven \u00fcber unsere Arbeit und Beweggr\u00fcnde im B\u00fcndnis sowie die Verleihung der Ernennungsurkunde Markt Mering als Fairtrade Gemeinde.<\/p>\n<p>Um diese Titelerneuerung jetzt wieder zu erhalten, konnte die Steuerungsgruppe etliche Aktivit\u00e4ten nachweisen. So gab es auch einen Infonachmittag zu fair gehandelten Fu\u00dfb\u00e4llen oder eine Autorenlesung \u00fcber die Entstehung des fairen Handels in Deutschland.<\/p>\n<p>Zudem weisen jetzt Tafeln an den Ortseing\u00e4ngen auf die Auszeichnung als &#8222;Fairtrade Gemeinde&#8220; hin. Aus unserem &#8222;B\u00fcndnis Nachhaltiges Mering&#8220; sind Micon Kreft, Michael Dudella und Petra von Thienen in der Steuerungsgruppe vertreten und freuen sich dar\u00fcber ebenso wie auch B\u00fcrgermeister Florian A. Mayer.<\/p>\n<p>Wir vom &#8222;B\u00fcndnis Nachhaltiges Mering&#8220; gratulieren herzlich der Marktgemeinde Mering zur Erneuerung des Titels und sind schon gespannt auf die weiteren Aktivit\u00e4ten der Fairtrade Gemeinde Mering.<\/p>\n<p><em>Bild: Brigitte Glas, zu sehen von links nach rechts: Micon Kreft, Florian A. Mayer, Michael Dudella und Petra von Thienen<\/em><\/p>\n","protected":false},"excerpt":{"rendered":"<p>Mering hat die Titelerneuerung &#8222;Fairtrade Gemeinde Markt Mering&#8220; f\u00fcr zwei weitere Jahre geschafft. So schnell war die Zeit vergangen: Vor zwei Jahren wollten wir vom &#8222;B\u00fcndnis Nachhaltiges Mering&#8220; unseren ZukunftsMarkt &hellip; <a href=\"https:\/\/mering.info\/?p=5413\" class=\"more-link\"><span class=\"screen-reader-text\">Aktive freuen sich \u00fcber Fairtrade-Titelerneuerung<\/span> weiterlesen <span class=\"meta-nav\">&rarr;<\/span><\/a><\/p>\n","protected":false},"author":12,"featured_media":5412,"comment_status":"open","ping_status":"open","sticky":false,"template":"","format":"standard","meta":{"jetpack_post_was_ever_published":false,"_jetpack_newsletter_access":"","_jetpack_dont_email_post_to_subs":false,"_jetpack_newsletter_tier_id":0,"_jetpack_memberships_contains_paywalled_content":false,"_jetpack_memberships_contains_paid_content":false,"footnotes":"","jetpack_publicize_message":"","jetpack_publicize_feature_enabled":true,"jetpack_social_post_already_shared":true,"jetpack_social_options":{"image_generator_settings":{"template":"highway","default_image_id":0,"font":"","enabled":false},"version":2}},"categories":[166],"tags":[164,167,172],"class_list":["post-5413","post","type-post","status-publish","format-standard","has-post-thumbnail","hentry","category-fairtrade-gemeinde","tag-fair-trade-gemeinde","tag-fairtrade","tag-fairtrade-gemeinde"],"yoast_head":"<!-- This site is optimized with the Yoast SEO plugin v27.4 - https:\/\/yoast.com\/product\/yoast-seo-wordpress\/ -->\n<title>Aktive freuen sich \u00fcber Fairtrade-Titelerneuerung - Nachhaltiges Mering<\/title>\n<meta name=\"description\" content=\"Mering hat die Titelerneuerung &quot;Fairtrade Gemeinde Markt Mering&quot; geschafft. Nun weisen Tafeln an den Ortseing\u00e4ngen auf die Auszeichnung hin.\" \/>\n<meta name=\"robots\" content=\"index, follow, max-snippet:-1, max-image-preview:large, max-video-preview:-1\" \/>\n<link rel=\"canonical\" href=\"https:\/\/mering.info\/?p=5413\" \/>\n<meta property=\"og:locale\" content=\"de_DE\" \/>\n<meta property=\"og:type\" content=\"article\" \/>\n<meta property=\"og:title\" content=\"Aktive freuen sich \u00fcber Fairtrade-Titelerneuerung - Nachhaltiges Mering\" \/>\n<meta property=\"og:description\" content=\"Mering hat die Titelerneuerung &quot;Fairtrade Gemeinde Markt Mering&quot; geschafft. Nun weisen Tafeln an den Ortseing\u00e4ngen auf die Auszeichnung hin.\" \/>\n<meta property=\"og:url\" content=\"https:\/\/mering.info\/?p=5413\" \/>\n<meta property=\"og:site_name\" content=\"Nachhaltiges Mering\" \/>\n<meta property=\"article:published_time\" content=\"2023-06-03T16:11:55+00:00\" \/>\n<meta property=\"article:modified_time\" content=\"2023-06-11T19:39:53+00:00\" \/>\n<meta property=\"og:image\" content=\"https:\/\/mering.info\/wp-content\/uploads\/2023\/06\/2023-05-27-Ortseingangsschilder-Fairtrade-Gemeinde-Mering_700_tiny.jpg\" \/>\n\t<meta property=\"og:image:width\" content=\"700\" \/>\n\t<meta property=\"og:image:height\" content=\"470\" \/>\n\t<meta property=\"og:image:type\" content=\"image\/jpeg\" \/>\n<meta name=\"author\" content=\"Sarah Kohlberger\" \/>\n<meta name=\"twitter:card\" content=\"summary_large_image\" \/>\n<meta name=\"twitter:label1\" content=\"Verfasst von\" \/>\n\t<meta name=\"twitter:data1\" content=\"Sarah Kohlberger\" \/>\n\t<meta name=\"twitter:label2\" content=\"Gesch\u00e4tzte Lesezeit\" \/>\n\t<meta name=\"twitter:data2\" content=\"2\u00a0Minuten\" \/>\n<script type=\"application\/ld+json\" class=\"yoast-schema-graph\">{\"@context\":\"https:\\\/\\\/schema.org\",\"@graph\":[{\"@type\":\"Article\",\"@id\":\"https:\\\/\\\/mering.info\\\/?p=5413#article\",\"isPartOf\":{\"@id\":\"https:\\\/\\\/mering.info\\\/?p=5413\"},\"author\":{\"name\":\"Sarah Kohlberger\",\"@id\":\"https:\\\/\\\/mering.info\\\/#\\\/schema\\\/person\\\/0855fe0b7a950a699d3c281503f9bdf9\"},\"headline\":\"Aktive freuen sich \u00fcber Fairtrade-Titelerneuerung\",\"datePublished\":\"2023-06-03T16:11:55+00:00\",\"dateModified\":\"2023-06-11T19:39:53+00:00\",\"mainEntityOfPage\":{\"@id\":\"https:\\\/\\\/mering.info\\\/?p=5413\"},\"wordCount\":213,\"commentCount\":0,\"image\":{\"@id\":\"https:\\\/\\\/mering.info\\\/?p=5413#primaryimage\"},\"thumbnailUrl\":\"https:\\\/\\\/mering.info\\\/wp-content\\\/uploads\\\/2023\\\/06\\\/2023-05-27-Ortseingangsschilder-Fairtrade-Gemeinde-Mering_700_tiny.jpg\",\"keywords\":[\"Fair Trade Gemeinde\",\"Fairtrade\",\"Fairtrade Gemeinde\"],\"articleSection\":[\"Fairtrade-Gemeinde\"],\"inLanguage\":\"de\",\"potentialAction\":[{\"@type\":\"CommentAction\",\"name\":\"Comment\",\"target\":[\"https:\\\/\\\/mering.info\\\/?p=5413#respond\"]}]},{\"@type\":\"WebPage\",\"@id\":\"https:\\\/\\\/mering.info\\\/?p=5413\",\"url\":\"https:\\\/\\\/mering.info\\\/?p=5413\",\"name\":\"Aktive freuen sich \u00fcber Fairtrade-Titelerneuerung - Nachhaltiges Mering\",\"isPartOf\":{\"@id\":\"https:\\\/\\\/mering.info\\\/#website\"},\"primaryImageOfPage\":{\"@id\":\"https:\\\/\\\/mering.info\\\/?p=5413#primaryimage\"},\"image\":{\"@id\":\"https:\\\/\\\/mering.info\\\/?p=5413#primaryimage\"},\"thumbnailUrl\":\"https:\\\/\\\/mering.info\\\/wp-content\\\/uploads\\\/2023\\\/06\\\/2023-05-27-Ortseingangsschilder-Fairtrade-Gemeinde-Mering_700_tiny.jpg\",\"datePublished\":\"2023-06-03T16:11:55+00:00\",\"dateModified\":\"2023-06-11T19:39:53+00:00\",\"author\":{\"@id\":\"https:\\\/\\\/mering.info\\\/#\\\/schema\\\/person\\\/0855fe0b7a950a699d3c281503f9bdf9\"},\"description\":\"Mering hat die Titelerneuerung \\\"Fairtrade Gemeinde Markt Mering\\\" geschafft. Nun weisen Tafeln an den Ortseing\u00e4ngen auf die Auszeichnung hin.\",\"breadcrumb\":{\"@id\":\"https:\\\/\\\/mering.info\\\/?p=5413#breadcrumb\"},\"inLanguage\":\"de\",\"potentialAction\":[{\"@type\":\"ReadAction\",\"target\":[\"https:\\\/\\\/mering.info\\\/?p=5413\"]}]},{\"@type\":\"ImageObject\",\"inLanguage\":\"de\",\"@id\":\"https:\\\/\\\/mering.info\\\/?p=5413#primaryimage\",\"url\":\"https:\\\/\\\/mering.info\\\/wp-content\\\/uploads\\\/2023\\\/06\\\/2023-05-27-Ortseingangsschilder-Fairtrade-Gemeinde-Mering_700_tiny.jpg\",\"contentUrl\":\"https:\\\/\\\/mering.info\\\/wp-content\\\/uploads\\\/2023\\\/06\\\/2023-05-27-Ortseingangsschilder-Fairtrade-Gemeinde-Mering_700_tiny.jpg\",\"width\":700,\"height\":470,\"caption\":\"Von links: Micon Kreft, Florian Mayer, Michael Dudella, Petra von Thienen\"},{\"@type\":\"BreadcrumbList\",\"@id\":\"https:\\\/\\\/mering.info\\\/?p=5413#breadcrumb\",\"itemListElement\":[{\"@type\":\"ListItem\",\"position\":1,\"name\":\"Startseite\",\"item\":\"https:\\\/\\\/mering.info\\\/\"},{\"@type\":\"ListItem\",\"position\":2,\"name\":\"Aktive freuen sich \u00fcber Fairtrade-Titelerneuerung\"}]},{\"@type\":\"WebSite\",\"@id\":\"https:\\\/\\\/mering.info\\\/#website\",\"url\":\"https:\\\/\\\/mering.info\\\/\",\"name\":\"Nachhaltiges Mering\",\"description\":\"Zukunftsf\u00e4higes Mering\",\"potentialAction\":[{\"@type\":\"SearchAction\",\"target\":{\"@type\":\"EntryPoint\",\"urlTemplate\":\"https:\\\/\\\/mering.info\\\/?s={search_term_string}\"},\"query-input\":{\"@type\":\"PropertyValueSpecification\",\"valueRequired\":true,\"valueName\":\"search_term_string\"}}],\"inLanguage\":\"de\"},{\"@type\":\"Person\",\"@id\":\"https:\\\/\\\/mering.info\\\/#\\\/schema\\\/person\\\/0855fe0b7a950a699d3c281503f9bdf9\",\"name\":\"Sarah Kohlberger\",\"url\":\"https:\\\/\\\/mering.info\\\/?author=12\"}]}<\/script>\n<!-- \/ Yoast SEO plugin. -->","yoast_head_json":{"title":"Aktive freuen sich \u00fcber Fairtrade-Titelerneuerung - Nachhaltiges Mering","description":"Mering hat die Titelerneuerung \"Fairtrade Gemeinde Markt Mering\" geschafft. Nun weisen Tafeln an den Ortseing\u00e4ngen auf die Auszeichnung hin.","robots":{"index":"index","follow":"follow","max-snippet":"max-snippet:-1","max-image-preview":"max-image-preview:large","max-video-preview":"max-video-preview:-1"},"canonical":"https:\/\/mering.info\/?p=5413","og_locale":"de_DE","og_type":"article","og_title":"Aktive freuen sich \u00fcber Fairtrade-Titelerneuerung - Nachhaltiges Mering","og_description":"Mering hat die Titelerneuerung \"Fairtrade Gemeinde Markt Mering\" geschafft. Nun weisen Tafeln an den Ortseing\u00e4ngen auf die Auszeichnung hin.","og_url":"https:\/\/mering.info\/?p=5413","og_site_name":"Nachhaltiges Mering","article_published_time":"2023-06-03T16:11:55+00:00","article_modified_time":"2023-06-11T19:39:53+00:00","og_image":[{"width":700,"height":470,"url":"https:\/\/mering.info\/wp-content\/uploads\/2023\/06\/2023-05-27-Ortseingangsschilder-Fairtrade-Gemeinde-Mering_700_tiny.jpg","type":"image\/jpeg"}],"author":"Sarah Kohlberger","twitter_card":"summary_large_image","twitter_misc":{"Verfasst von":"Sarah Kohlberger","Gesch\u00e4tzte Lesezeit":"2\u00a0Minuten"},"schema":{"@context":"https:\/\/schema.org","@graph":[{"@type":"Article","@id":"https:\/\/mering.info\/?p=5413#article","isPartOf":{"@id":"https:\/\/mering.info\/?p=5413"},"author":{"name":"Sarah Kohlberger","@id":"https:\/\/mering.info\/#\/schema\/person\/0855fe0b7a950a699d3c281503f9bdf9"},"headline":"Aktive freuen sich \u00fcber Fairtrade-Titelerneuerung","datePublished":"2023-06-03T16:11:55+00:00","dateModified":"2023-06-11T19:39:53+00:00","mainEntityOfPage":{"@id":"https:\/\/mering.info\/?p=5413"},"wordCount":213,"commentCount":0,"image":{"@id":"https:\/\/mering.info\/?p=5413#primaryimage"},"thumbnailUrl":"https:\/\/mering.info\/wp-content\/uploads\/2023\/06\/2023-05-27-Ortseingangsschilder-Fairtrade-Gemeinde-Mering_700_tiny.jpg","keywords":["Fair Trade Gemeinde","Fairtrade","Fairtrade Gemeinde"],"articleSection":["Fairtrade-Gemeinde"],"inLanguage":"de","potentialAction":[{"@type":"CommentAction","name":"Comment","target":["https:\/\/mering.info\/?p=5413#respond"]}]},{"@type":"WebPage","@id":"https:\/\/mering.info\/?p=5413","url":"https:\/\/mering.info\/?p=5413","name":"Aktive freuen sich \u00fcber Fairtrade-Titelerneuerung - Nachhaltiges Mering","isPartOf":{"@id":"https:\/\/mering.info\/#website"},"primaryImageOfPage":{"@id":"https:\/\/mering.info\/?p=5413#primaryimage"},"image":{"@id":"https:\/\/mering.info\/?p=5413#primaryimage"},"thumbnailUrl":"https:\/\/mering.info\/wp-content\/uploads\/2023\/06\/2023-05-27-Ortseingangsschilder-Fairtrade-Gemeinde-Mering_700_tiny.jpg","datePublished":"2023-06-03T16:11:55+00:00","dateModified":"2023-06-11T19:39:53+00:00","author":{"@id":"https:\/\/mering.info\/#\/schema\/person\/0855fe0b7a950a699d3c281503f9bdf9"},"description":"Mering hat die Titelerneuerung \"Fairtrade Gemeinde Markt Mering\" geschafft. Nun weisen Tafeln an den Ortseing\u00e4ngen auf die Auszeichnung hin.","breadcrumb":{"@id":"https:\/\/mering.info\/?p=5413#breadcrumb"},"inLanguage":"de","potentialAction":[{"@type":"ReadAction","target":["https:\/\/mering.info\/?p=5413"]}]},{"@type":"ImageObject","inLanguage":"de","@id":"https:\/\/mering.info\/?p=5413#primaryimage","url":"https:\/\/mering.info\/wp-content\/uploads\/2023\/06\/2023-05-27-Ortseingangsschilder-Fairtrade-Gemeinde-Mering_700_tiny.jpg","contentUrl":"https:\/\/mering.info\/wp-content\/uploads\/2023\/06\/2023-05-27-Ortseingangsschilder-Fairtrade-Gemeinde-Mering_700_tiny.jpg","width":700,"height":470,"caption":"Von links: Micon Kreft, Florian Mayer, Michael Dudella, Petra von Thienen"},{"@type":"BreadcrumbList","@id":"https:\/\/mering.info\/?p=5413#breadcrumb","itemListElement":[{"@type":"ListItem","position":1,"name":"Startseite","item":"https:\/\/mering.info\/"},{"@type":"ListItem","position":2,"name":"Aktive freuen sich \u00fcber Fairtrade-Titelerneuerung"}]},{"@type":"WebSite","@id":"https:\/\/mering.info\/#website","url":"https:\/\/mering.info\/","name":"Nachhaltiges Mering","description":"Zukunftsf\u00e4higes Mering","potentialAction":[{"@type":"SearchAction","target":{"@type":"EntryPoint","urlTemplate":"https:\/\/mering.info\/?s={search_term_string}"},"query-input":{"@type":"PropertyValueSpecification","valueRequired":true,"valueName":"search_term_string"}}],"inLanguage":"de"},{"@type":"Person","@id":"https:\/\/mering.info\/#\/schema\/person\/0855fe0b7a950a699d3c281503f9bdf9","name":"Sarah Kohlberger","url":"https:\/\/mering.info\/?author=12"}]}},"jetpack_publicize_connections":[],"jetpack_featured_media_url":"https:\/\/mering.info\/wp-content\/uploads\/2023\/06\/2023-05-27-Ortseingangsschilder-Fairtrade-Gemeinde-Mering_700_tiny.jpg","jetpack_sharing_enabled":true,"_links":{"self":[{"href":"https:\/\/mering.info\/index.php?rest_route=\/wp\/v2\/posts\/5413","targetHints":{"allow":["GET"]}}],"collection":[{"href":"https:\/\/mering.info\/index.php?rest_route=\/wp\/v2\/posts"}],"about":[{"href":"https:\/\/mering.info\/index.php?rest_route=\/wp\/v2\/types\/post"}],"author":[{"embeddable":true,"href":"https:\/\/mering.info\/index.php?rest_route=\/wp\/v2\/users\/12"}],"replies":[{"embeddable":true,"href":"https:\/\/mering.info\/index.php?rest_route=%2Fwp%2Fv2%2Fcomments&post=5413"}],"version-history":[{"count":4,"href":"https:\/\/mering.info\/index.php?rest_route=\/wp\/v2\/posts\/5413\/revisions"}],"predecessor-version":[{"id":5418,"href":"https:\/\/mering.info\/index.php?rest_route=\/wp\/v2\/posts\/5413\/revisions\/5418"}],"wp:featuredmedia":[{"embeddable":true,"href":"https:\/\/mering.info\/index.php?rest_route=\/wp\/v2\/media\/5412"}],"wp:attachment":[{"href":"https:\/\/mering.info\/index.php?rest_route=%2Fwp%2Fv2%2Fmedia&parent=5413"}],"wp:term":[{"taxonomy":"category","embeddable":true,"href":"https:\/\/mering.info\/index.php?rest_route=%2Fwp%2Fv2%2Fcategories&post=5413"},{"taxonomy":"post_tag","embeddable":true,"href":"https:\/\/mering.info\/index.php?rest_route=%2Fwp%2Fv2%2Ftags&post=5413"}],"curies":[{"name":"wp","href":"https:\/\/api.w.org\/{rel}","templated":true}]}}