{"id":5454,"date":"2023-07-20T20:30:26","date_gmt":"2023-07-20T18:30:26","guid":{"rendered":"https:\/\/mering.info\/?p=5454"},"modified":"2023-08-07T20:31:00","modified_gmt":"2023-08-07T18:31:00","slug":"naturlehrpfad-p-seminar-stellt-nachhaltiges-projekt-in-mering-vor","status":"publish","type":"post","link":"https:\/\/mering.info\/?p=5454","title":{"rendered":"\u201eNaturlehrpfad\u201c: P-Seminar stellt nachhaltiges Projekt in Mering vor"},"content":{"rendered":"<p class=\"western\">Wer in letzter Zeit an der Unterf\u00fchrung Kanalstra\u00dfe \/ Tunnelstra\u00dfe in Mering vorbeikam, dem ist wom\u00f6glich eine neue, schwarze Schautafel aus Holz aufgefallen. Was hat es damit auf sich? <span style=\"font-size: medium;\">Eine Erkl\u00e4rung <\/span><span style=\"font-size: medium;\">gab es <\/span>am 5. Juli in der Meringer B\u00fccherei: Die Sch\u00fclerinnen und Sch\u00fcler des P-Seminars des Meringer Gymnasiums waren im Rahmen des ZukunftsVortrags vom &#8222;B\u00fcndnis Nachhaltiges Mering&#8220; eingeladen, ihr Projekt &#8222;Naturlehrpfad&#8220; vorzustellen.<\/p>\n<p class=\"western\">Der \u201eNaturlehrpfad\u201c besteht aktuell aus zwei Stationen \u2013 dem eben erw\u00e4hnten \u201eInteraktiven Rad\u201c sowie einem \u201eF\u00fchlpfad\u201c am Badanger. Die Sch\u00fclerinnen und Sch\u00fcler berichteten in <span style=\"font-size: medium;\">i<\/span>hrem Vortrag vo<span style=\"font-size: medium;\">m<\/span> Projektverlauf sowie von Schwierigkeiten und Erfolgen w\u00e4hrend der Projektphase. Weitere Infos zu den Stationen sowie anderen interessanten kommunalen Bl\u00fchfl\u00e4chen in Mering wird es auch schon bald in Form eines Flyers sowie einer Website geben, an denen die motivierten Jugendlichen arbeiten. Das Projekt stemmten sie mit Unterst\u00fctzung ihrer Lehrerin und P-Seminar-Leiterin Martina Grundei sowie der Meringer Umweltbeauftragten Petra von Thienen. Als Sponsoren fungieren das Gymnasium Mering, das \u201eB\u00fcndnis Nachhaltiges Mering\u201c sowie die Gemeinde Mering.<\/p>\n<p class=\"western\">Im Anschluss an ihren Bericht besichtigten die Sch\u00fclerinnen und Sch\u00fcler mit allen Interessierten die Stationen. Zuerst ging es zum \u201eF\u00fchlpfad\u201c \u2013 der noch nicht fertig gestellt, aber bereits zu erahnen war. Die Sch\u00fclerinnen planen, diesen auf alle F\u00e4lle fertig zu stellen \u2013 eine Erweiterung oder Beschriftung w\u00e4re dann Aufgabe des Nachfolgeseminars, so Grundei. Das \u201eInteraktive Rad\u201c hingegen ist bereits fertiggestellt: Einmal unter der Bahn hindurch gelangt man zu der Schautafel aus Holz mit den drei Drehr\u00e4dern. Nach einer kurzen Erkl\u00e4rung, wie das Rad hergestellt wurde, durften die Interessierten es auch gleich ausprobieren: Es wurde flei\u00dfig gedreht und ger\u00e4tselt, bis am Ende die richtigen W\u00f6rter und Bilder in einer Reihe zu sehen waren. Ziel dabei ist, Gro\u00df und Klein mit der \u00f6rtlichen Flora und Fauna vertrauter zu machen.<\/p>\n<p class=\"western\">Und wie geht es nun weiter? Das Projekt ist noch lange nicht am Ende: Die Nachfolgeseminare k\u00f6nnen die Stationen nun ausbauen, erweitern, die Bilder auf dem Rad austauschen oder sich auch weitere Stationen ausdenken. Wir sind gespannt, wie sich der <span style=\"font-size: medium;\">M<\/span>eringer \u201eNaturlehrpfad\u201c weiterentwickeln wird.<\/p>\n<p class=\"western\">Ein herzliches Dankesch\u00f6n f\u00fcr das Engagement und die tolle Arbeit geht an die Sch\u00fclerinnen und Sch\u00fcler, die sich m\u00e4chtig ins Zeug gelegt haben, um das Projekt zu verwirklichen, sowie an Martina Grundei <span style=\"font-size: medium;\">und<\/span> Petra von Thienen f\u00fcr die Unterst\u00fctzung der Gruppe. Au\u00dferdem bedanken wir uns bei der B\u00fccherei Mering, dass diese erneut ihre R\u00e4umlichkeiten f\u00fcr einen unserer ZukunftsVortr\u00e4ge zur Verf\u00fcgung gestellt haben.<\/p>\n<p><em>Bild: Michael Dudella<\/em><\/p>\n","protected":false},"excerpt":{"rendered":"<p>Wer in letzter Zeit an der Unterf\u00fchrung Kanalstra\u00dfe \/ Tunnelstra\u00dfe in Mering vorbeikam, dem ist wom\u00f6glich eine neue, schwarze Schautafel aus Holz aufgefallen. Was hat es damit auf sich? Eine &hellip; <a href=\"https:\/\/mering.info\/?p=5454\" class=\"more-link\"><span class=\"screen-reader-text\">\u201eNaturlehrpfad\u201c: P-Seminar stellt nachhaltiges Projekt in Mering vor<\/span> weiterlesen <span class=\"meta-nav\">&rarr;<\/span><\/a><\/p>\n","protected":false},"author":12,"featured_media":5455,"comment_status":"open","ping_status":"open","sticky":false,"template":"","format":"standard","meta":{"jetpack_post_was_ever_published":false,"_jetpack_newsletter_access":"","_jetpack_dont_email_post_to_subs":false,"_jetpack_newsletter_tier_id":0,"_jetpack_memberships_contains_paywalled_content":false,"_jetpack_memberships_contains_paid_content":false,"footnotes":"","jetpack_publicize_message":"","jetpack_publicize_feature_enabled":true,"jetpack_social_post_already_shared":true,"jetpack_social_options":{"image_generator_settings":{"template":"highway","default_image_id":0,"font":"","enabled":false},"version":2}},"categories":[159],"tags":[224,183],"class_list":["post-5454","post","type-post","status-publish","format-standard","has-post-thumbnail","hentry","category-zukunftsvortrag","tag-naturlehrpfad","tag-zukunftsvortrag"],"yoast_head":"<!-- This site is optimized with the Yoast SEO plugin v27.5 - https:\/\/yoast.com\/product\/yoast-seo-wordpress\/ -->\n<title>\u201eNaturlehrpfad\u201c: P-Seminar stellt nachhaltiges Projekt in Mering vor - Nachhaltiges Mering<\/title>\n<meta name=\"description\" content=\"Die Sch\u00fclerinnen und Sch\u00fcler des P-Seminars des Meringer Gymnasiums eingeladen, ihr Projekt &quot;Naturlehrpfad&quot; vorzustellen\" \/>\n<meta name=\"robots\" content=\"index, follow, max-snippet:-1, max-image-preview:large, max-video-preview:-1\" \/>\n<link rel=\"canonical\" href=\"https:\/\/mering.info\/?p=5454\" \/>\n<meta property=\"og:locale\" content=\"de_DE\" \/>\n<meta property=\"og:type\" content=\"article\" \/>\n<meta property=\"og:title\" content=\"\u201eNaturlehrpfad\u201c: P-Seminar stellt nachhaltiges Projekt in Mering vor - Nachhaltiges Mering\" \/>\n<meta property=\"og:description\" content=\"Die Sch\u00fclerinnen und Sch\u00fcler des P-Seminars des Meringer Gymnasiums eingeladen, ihr Projekt &quot;Naturlehrpfad&quot; vorzustellen\" \/>\n<meta property=\"og:url\" content=\"https:\/\/mering.info\/?p=5454\" \/>\n<meta property=\"og:site_name\" content=\"Nachhaltiges Mering\" \/>\n<meta property=\"article:published_time\" content=\"2023-07-20T18:30:26+00:00\" \/>\n<meta property=\"article:modified_time\" content=\"2023-08-07T18:31:00+00:00\" \/>\n<meta property=\"og:image\" content=\"https:\/\/mering.info\/wp-content\/uploads\/2023\/08\/signal-2023-07-06-05-56-17-785-5_700_tiny.jpg\" \/>\n\t<meta property=\"og:image:width\" content=\"2048\" \/>\n\t<meta property=\"og:image:height\" content=\"1152\" \/>\n\t<meta property=\"og:image:type\" content=\"image\/jpeg\" \/>\n<meta name=\"author\" content=\"Sarah Kohlberger\" \/>\n<meta name=\"twitter:card\" content=\"summary_large_image\" \/>\n<meta name=\"twitter:label1\" content=\"Verfasst von\" \/>\n\t<meta name=\"twitter:data1\" content=\"Sarah Kohlberger\" \/>\n\t<meta name=\"twitter:label2\" content=\"Gesch\u00e4tzte Lesezeit\" \/>\n\t<meta name=\"twitter:data2\" content=\"3\u00a0Minuten\" \/>\n<script type=\"application\/ld+json\" class=\"yoast-schema-graph\">{\"@context\":\"https:\\\/\\\/schema.org\",\"@graph\":[{\"@type\":\"Article\",\"@id\":\"https:\\\/\\\/mering.info\\\/?p=5454#article\",\"isPartOf\":{\"@id\":\"https:\\\/\\\/mering.info\\\/?p=5454\"},\"author\":{\"name\":\"Sarah Kohlberger\",\"@id\":\"https:\\\/\\\/mering.info\\\/#\\\/schema\\\/person\\\/0855fe0b7a950a699d3c281503f9bdf9\"},\"headline\":\"\u201eNaturlehrpfad\u201c: P-Seminar stellt nachhaltiges Projekt in Mering vor\",\"datePublished\":\"2023-07-20T18:30:26+00:00\",\"dateModified\":\"2023-08-07T18:31:00+00:00\",\"mainEntityOfPage\":{\"@id\":\"https:\\\/\\\/mering.info\\\/?p=5454\"},\"wordCount\":445,\"commentCount\":0,\"image\":{\"@id\":\"https:\\\/\\\/mering.info\\\/?p=5454#primaryimage\"},\"thumbnailUrl\":\"https:\\\/\\\/mering.info\\\/wp-content\\\/uploads\\\/2023\\\/08\\\/signal-2023-07-06-05-56-17-785-5_700_tiny.jpg\",\"keywords\":[\"Naturlehrpfad\",\"ZukunftsVortrag\"],\"articleSection\":[\"ZukunftsVortrag\"],\"inLanguage\":\"de\",\"potentialAction\":[{\"@type\":\"CommentAction\",\"name\":\"Comment\",\"target\":[\"https:\\\/\\\/mering.info\\\/?p=5454#respond\"]}]},{\"@type\":\"WebPage\",\"@id\":\"https:\\\/\\\/mering.info\\\/?p=5454\",\"url\":\"https:\\\/\\\/mering.info\\\/?p=5454\",\"name\":\"\u201eNaturlehrpfad\u201c: P-Seminar stellt nachhaltiges Projekt in Mering vor - Nachhaltiges Mering\",\"isPartOf\":{\"@id\":\"https:\\\/\\\/mering.info\\\/#website\"},\"primaryImageOfPage\":{\"@id\":\"https:\\\/\\\/mering.info\\\/?p=5454#primaryimage\"},\"image\":{\"@id\":\"https:\\\/\\\/mering.info\\\/?p=5454#primaryimage\"},\"thumbnailUrl\":\"https:\\\/\\\/mering.info\\\/wp-content\\\/uploads\\\/2023\\\/08\\\/signal-2023-07-06-05-56-17-785-5_700_tiny.jpg\",\"datePublished\":\"2023-07-20T18:30:26+00:00\",\"dateModified\":\"2023-08-07T18:31:00+00:00\",\"author\":{\"@id\":\"https:\\\/\\\/mering.info\\\/#\\\/schema\\\/person\\\/0855fe0b7a950a699d3c281503f9bdf9\"},\"description\":\"Die Sch\u00fclerinnen und Sch\u00fcler des P-Seminars des Meringer Gymnasiums eingeladen, ihr Projekt \\\"Naturlehrpfad\\\" vorzustellen\",\"breadcrumb\":{\"@id\":\"https:\\\/\\\/mering.info\\\/?p=5454#breadcrumb\"},\"inLanguage\":\"de\",\"potentialAction\":[{\"@type\":\"ReadAction\",\"target\":[\"https:\\\/\\\/mering.info\\\/?p=5454\"]}]},{\"@type\":\"ImageObject\",\"inLanguage\":\"de\",\"@id\":\"https:\\\/\\\/mering.info\\\/?p=5454#primaryimage\",\"url\":\"https:\\\/\\\/mering.info\\\/wp-content\\\/uploads\\\/2023\\\/08\\\/signal-2023-07-06-05-56-17-785-5_700_tiny.jpg\",\"contentUrl\":\"https:\\\/\\\/mering.info\\\/wp-content\\\/uploads\\\/2023\\\/08\\\/signal-2023-07-06-05-56-17-785-5_700_tiny.jpg\",\"width\":2048,\"height\":1152,\"caption\":\"ZukunftsVortrag\"},{\"@type\":\"BreadcrumbList\",\"@id\":\"https:\\\/\\\/mering.info\\\/?p=5454#breadcrumb\",\"itemListElement\":[{\"@type\":\"ListItem\",\"position\":1,\"name\":\"Startseite\",\"item\":\"https:\\\/\\\/mering.info\\\/\"},{\"@type\":\"ListItem\",\"position\":2,\"name\":\"\u201eNaturlehrpfad\u201c: P-Seminar stellt nachhaltiges Projekt in Mering vor\"}]},{\"@type\":\"WebSite\",\"@id\":\"https:\\\/\\\/mering.info\\\/#website\",\"url\":\"https:\\\/\\\/mering.info\\\/\",\"name\":\"Nachhaltiges Mering\",\"description\":\"Zukunftsf\u00e4higes Mering\",\"potentialAction\":[{\"@type\":\"SearchAction\",\"target\":{\"@type\":\"EntryPoint\",\"urlTemplate\":\"https:\\\/\\\/mering.info\\\/?s={search_term_string}\"},\"query-input\":{\"@type\":\"PropertyValueSpecification\",\"valueRequired\":true,\"valueName\":\"search_term_string\"}}],\"inLanguage\":\"de\"},{\"@type\":\"Person\",\"@id\":\"https:\\\/\\\/mering.info\\\/#\\\/schema\\\/person\\\/0855fe0b7a950a699d3c281503f9bdf9\",\"name\":\"Sarah Kohlberger\",\"url\":\"https:\\\/\\\/mering.info\\\/?author=12\"}]}<\/script>\n<!-- \/ Yoast SEO plugin. -->","yoast_head_json":{"title":"\u201eNaturlehrpfad\u201c: P-Seminar stellt nachhaltiges Projekt in Mering vor - Nachhaltiges Mering","description":"Die Sch\u00fclerinnen und Sch\u00fcler des P-Seminars des Meringer Gymnasiums eingeladen, ihr Projekt \"Naturlehrpfad\" vorzustellen","robots":{"index":"index","follow":"follow","max-snippet":"max-snippet:-1","max-image-preview":"max-image-preview:large","max-video-preview":"max-video-preview:-1"},"canonical":"https:\/\/mering.info\/?p=5454","og_locale":"de_DE","og_type":"article","og_title":"\u201eNaturlehrpfad\u201c: P-Seminar stellt nachhaltiges Projekt in Mering vor - Nachhaltiges Mering","og_description":"Die Sch\u00fclerinnen und Sch\u00fcler des P-Seminars des Meringer Gymnasiums eingeladen, ihr Projekt \"Naturlehrpfad\" vorzustellen","og_url":"https:\/\/mering.info\/?p=5454","og_site_name":"Nachhaltiges Mering","article_published_time":"2023-07-20T18:30:26+00:00","article_modified_time":"2023-08-07T18:31:00+00:00","og_image":[{"width":2048,"height":1152,"url":"https:\/\/mering.info\/wp-content\/uploads\/2023\/08\/signal-2023-07-06-05-56-17-785-5_700_tiny.jpg","type":"image\/jpeg"}],"author":"Sarah Kohlberger","twitter_card":"summary_large_image","twitter_misc":{"Verfasst von":"Sarah Kohlberger","Gesch\u00e4tzte Lesezeit":"3\u00a0Minuten"},"schema":{"@context":"https:\/\/schema.org","@graph":[{"@type":"Article","@id":"https:\/\/mering.info\/?p=5454#article","isPartOf":{"@id":"https:\/\/mering.info\/?p=5454"},"author":{"name":"Sarah Kohlberger","@id":"https:\/\/mering.info\/#\/schema\/person\/0855fe0b7a950a699d3c281503f9bdf9"},"headline":"\u201eNaturlehrpfad\u201c: P-Seminar stellt nachhaltiges Projekt in Mering vor","datePublished":"2023-07-20T18:30:26+00:00","dateModified":"2023-08-07T18:31:00+00:00","mainEntityOfPage":{"@id":"https:\/\/mering.info\/?p=5454"},"wordCount":445,"commentCount":0,"image":{"@id":"https:\/\/mering.info\/?p=5454#primaryimage"},"thumbnailUrl":"https:\/\/mering.info\/wp-content\/uploads\/2023\/08\/signal-2023-07-06-05-56-17-785-5_700_tiny.jpg","keywords":["Naturlehrpfad","ZukunftsVortrag"],"articleSection":["ZukunftsVortrag"],"inLanguage":"de","potentialAction":[{"@type":"CommentAction","name":"Comment","target":["https:\/\/mering.info\/?p=5454#respond"]}]},{"@type":"WebPage","@id":"https:\/\/mering.info\/?p=5454","url":"https:\/\/mering.info\/?p=5454","name":"\u201eNaturlehrpfad\u201c: P-Seminar stellt nachhaltiges Projekt in Mering vor - Nachhaltiges Mering","isPartOf":{"@id":"https:\/\/mering.info\/#website"},"primaryImageOfPage":{"@id":"https:\/\/mering.info\/?p=5454#primaryimage"},"image":{"@id":"https:\/\/mering.info\/?p=5454#primaryimage"},"thumbnailUrl":"https:\/\/mering.info\/wp-content\/uploads\/2023\/08\/signal-2023-07-06-05-56-17-785-5_700_tiny.jpg","datePublished":"2023-07-20T18:30:26+00:00","dateModified":"2023-08-07T18:31:00+00:00","author":{"@id":"https:\/\/mering.info\/#\/schema\/person\/0855fe0b7a950a699d3c281503f9bdf9"},"description":"Die Sch\u00fclerinnen und Sch\u00fcler des P-Seminars des Meringer Gymnasiums eingeladen, ihr Projekt \"Naturlehrpfad\" vorzustellen","breadcrumb":{"@id":"https:\/\/mering.info\/?p=5454#breadcrumb"},"inLanguage":"de","potentialAction":[{"@type":"ReadAction","target":["https:\/\/mering.info\/?p=5454"]}]},{"@type":"ImageObject","inLanguage":"de","@id":"https:\/\/mering.info\/?p=5454#primaryimage","url":"https:\/\/mering.info\/wp-content\/uploads\/2023\/08\/signal-2023-07-06-05-56-17-785-5_700_tiny.jpg","contentUrl":"https:\/\/mering.info\/wp-content\/uploads\/2023\/08\/signal-2023-07-06-05-56-17-785-5_700_tiny.jpg","width":2048,"height":1152,"caption":"ZukunftsVortrag"},{"@type":"BreadcrumbList","@id":"https:\/\/mering.info\/?p=5454#breadcrumb","itemListElement":[{"@type":"ListItem","position":1,"name":"Startseite","item":"https:\/\/mering.info\/"},{"@type":"ListItem","position":2,"name":"\u201eNaturlehrpfad\u201c: P-Seminar stellt nachhaltiges Projekt in Mering vor"}]},{"@type":"WebSite","@id":"https:\/\/mering.info\/#website","url":"https:\/\/mering.info\/","name":"Nachhaltiges Mering","description":"Zukunftsf\u00e4higes Mering","potentialAction":[{"@type":"SearchAction","target":{"@type":"EntryPoint","urlTemplate":"https:\/\/mering.info\/?s={search_term_string}"},"query-input":{"@type":"PropertyValueSpecification","valueRequired":true,"valueName":"search_term_string"}}],"inLanguage":"de"},{"@type":"Person","@id":"https:\/\/mering.info\/#\/schema\/person\/0855fe0b7a950a699d3c281503f9bdf9","name":"Sarah Kohlberger","url":"https:\/\/mering.info\/?author=12"}]}},"jetpack_publicize_connections":[],"jetpack_featured_media_url":"https:\/\/mering.info\/wp-content\/uploads\/2023\/08\/signal-2023-07-06-05-56-17-785-5_700_tiny.jpg","jetpack_sharing_enabled":true,"_links":{"self":[{"href":"https:\/\/mering.info\/index.php?rest_route=\/wp\/v2\/posts\/5454","targetHints":{"allow":["GET"]}}],"collection":[{"href":"https:\/\/mering.info\/index.php?rest_route=\/wp\/v2\/posts"}],"about":[{"href":"https:\/\/mering.info\/index.php?rest_route=\/wp\/v2\/types\/post"}],"author":[{"embeddable":true,"href":"https:\/\/mering.info\/index.php?rest_route=\/wp\/v2\/users\/12"}],"replies":[{"embeddable":true,"href":"https:\/\/mering.info\/index.php?rest_route=%2Fwp%2Fv2%2Fcomments&post=5454"}],"version-history":[{"count":2,"href":"https:\/\/mering.info\/index.php?rest_route=\/wp\/v2\/posts\/5454\/revisions"}],"predecessor-version":[{"id":5457,"href":"https:\/\/mering.info\/index.php?rest_route=\/wp\/v2\/posts\/5454\/revisions\/5457"}],"wp:featuredmedia":[{"embeddable":true,"href":"https:\/\/mering.info\/index.php?rest_route=\/wp\/v2\/media\/5455"}],"wp:attachment":[{"href":"https:\/\/mering.info\/index.php?rest_route=%2Fwp%2Fv2%2Fmedia&parent=5454"}],"wp:term":[{"taxonomy":"category","embeddable":true,"href":"https:\/\/mering.info\/index.php?rest_route=%2Fwp%2Fv2%2Fcategories&post=5454"},{"taxonomy":"post_tag","embeddable":true,"href":"https:\/\/mering.info\/index.php?rest_route=%2Fwp%2Fv2%2Ftags&post=5454"}],"curies":[{"name":"wp","href":"https:\/\/api.w.org\/{rel}","templated":true}]}}