{"id":5459,"date":"2023-08-07T21:38:18","date_gmt":"2023-08-07T19:38:18","guid":{"rendered":"https:\/\/mering.info\/?p=5459"},"modified":"2023-08-07T21:38:18","modified_gmt":"2023-08-07T19:38:18","slug":"kurzweilig-und-unterhaltsam-unsere-zukunftstour-durch-den-hartwald","status":"publish","type":"post","link":"https:\/\/mering.info\/?p=5459","title":{"rendered":"Kurzweilig und unterhaltsam: Unsere ZukunftsTour durch den Hartwald"},"content":{"rendered":"<p>Ja, der Hartwald ist noch zu retten! Aber wie sieht es mit dem Menschen aus? Bei unserer ZukunftsTour am 15. Juli trafen wir uns vom &#8222;B\u00fcndnis Nachhaltiges Mering&#8220; mit dem F\u00f6rster Rudi Brandl im Hartwald \u2013 und zahlreiche Interessierte, darunter auch einige Waldbesitzende, begleiteten uns. Trotz hoher Temperaturen waren es letztendlich \u00fcber 20 Menschen, die den spannenden Erz\u00e4hlungen und Ausf\u00fchrungen von Herrn Brandl lauschten.<\/p>\n<p>Unsere Tour begann nach einer kurzen Radtour vom Meringer Bahnhof in der angenehmen K\u00fchle der B\u00e4ume des Hartwaldes. Zun\u00e4chst gab uns Herr Brandl einen geschichtlichen \u00dcberblick und erz\u00e4hlte von der Entwicklung der W\u00e4lder in der Region. Waldgeschichte ist die Grundlage, um zu verstehen, warum unsere W\u00e4lder so aussehen, wie sie gerade sind. Danach schilderte er von seiner T\u00e4tigkeit als F\u00f6rster, in der er beispielsweise Waldbesitzenden beratend zur Seite steht.<\/p>\n<p>Bei unserer Tour durch den Wald erfuhren wir dann jede Menge interessante Fakten zu den Baumarten, den Prozessen zwischen B\u00e4umen und Tieren und den Pl\u00e4nen f\u00fcr den Hartwald. Denn diese m\u00fcssen vor allem eines sein \u2013 langfristig. Bei den Arbeiten am und im Wald m\u00fcssen F\u00f6rster nicht nur die n\u00e4chsten Jahre im Blick haben, sondern aufbauend auf dem aktuellen Waldzustand eine Vorstellung davon haben, wie der Wald in 50, 100 oder mehr Jahren aussehen soll. Es braucht ein langfristiges r\u00e4umliches und zeitliches Konzept. Handeln Waldbesitzende und F\u00f6rster \u00fcberlegt, kann die Schaffung eines Zukunftswaldes gelingen.<\/p>\n<p>Auf unterhaltsame Weise lie\u00df er immer wieder Anekdoten aus seinen jahrelangen Erfahrungen und Eindr\u00fccken einflie\u00dfen. Kaum jemand blieb unerw\u00e4hnt \u2013 von gewissen Sportgruppen, die die Auswirkungen ihres Freizeitverhaltens auf die Natur nicht reflektieren, \u00fcber Waldspaziergehende, die lieber Beschwerdebriefe schreiben als F\u00f6rster direkt zu fragen, bis hin zu Peter Wohlleben. F\u00fcr Brandl sei Wohlleben ein M\u00e4rchenerz\u00e4hler, der den Wunsch der Menschen nach \u201ereiner\u201c Natur aus (nicht zuletzt kommerziellem) Eigeninteresse geschickt mit seinen Erz\u00e4hlungen bediene. Brandl schilderte aus seiner Sicht ein grunds\u00e4tzliches Problem der heutigen Zeit: Idealerweise sollen zuerst Informationen gesammelt werden, daraus folge Erkenntnis, daraus die Meinung und letztendlich das eigene Handeln. Viele steigen heute, ohne recherchiert zu haben, sofort mit ihrer Meinung ein. Das sei keine gute Entwicklung und bringe viele unn\u00f6tige Probleme mit sich.<\/p>\n<p>Echte Urw\u00e4lder gibt es in Europa nur noch auf winzigen Arealen in Rum\u00e4nien. Aktuell sei unser Wald ein Kunstprodukt \u2013 und werde es auch bleiben, so Brandl. Solange es den Mensch gebe, m\u00fcsse dieser eingreifen und das System Wald weiter steuernd begleiten hin zu einer m\u00f6glichst gro\u00dfen Naturn\u00e4he der Wirtschaftsw\u00e4lder. Inwieweit der Mensch hier hinderlich sein wird, bleibt abzuwarten.<\/p>\n<p>Nach etwa zweieinhalb Stunden, die wie im Flug vergingen, verabschiedeten wir uns von Herrn Brandl und seinen Jagdhunden. Wir bedanken uns sehr f\u00fcr die unterhaltsame und kurzweilige F\u00fchrung durch den Wald und auch bei allen Interessierten, die sich trotz der Hitze der spannenden Tour anschlossen und auch flei\u00dfig mitdiskutierten. Wir hoffen, dass dadurch einige Fragen gekl\u00e4rt und viele neue Eindr\u00fccke und Informationen gesammelt werden konnten. Und zur\u00fcck zur Ausgangsfrage\u2026 ja, der Meringer Hartwald ist auf einem guten Weg zum Zukunftswald. Es m\u00fcssen halt alle Beteiligten ihren Beitrag dazu leisten, dass der Weg erfolgreich bleibt.<\/p>\n<p><em>Bild: J\u00f6rg H\u00e4berle<\/em><\/p>\n","protected":false},"excerpt":{"rendered":"<p>Ja, der Hartwald ist noch zu retten! Aber wie sieht es mit dem Menschen aus? Bei unserer ZukunftsTour am 15. Juli trafen wir uns vom &#8222;B\u00fcndnis Nachhaltiges Mering&#8220; mit dem &hellip; <a href=\"https:\/\/mering.info\/?p=5459\" class=\"more-link\"><span class=\"screen-reader-text\">Kurzweilig und unterhaltsam: Unsere ZukunftsTour durch den Hartwald<\/span> weiterlesen <span class=\"meta-nav\">&rarr;<\/span><\/a><\/p>\n","protected":false},"author":12,"featured_media":5458,"comment_status":"open","ping_status":"open","sticky":false,"template":"","format":"standard","meta":{"jetpack_post_was_ever_published":false,"_jetpack_newsletter_access":"","_jetpack_dont_email_post_to_subs":false,"_jetpack_newsletter_tier_id":0,"_jetpack_memberships_contains_paywalled_content":false,"_jetpack_memberships_contains_paid_content":false,"footnotes":"","jetpack_publicize_message":"","jetpack_publicize_feature_enabled":true,"jetpack_social_post_already_shared":true,"jetpack_social_options":{"image_generator_settings":{"template":"highway","default_image_id":0,"font":"","enabled":false},"version":2}},"categories":[139],"tags":[226,225],"class_list":["post-5459","post","type-post","status-publish","format-standard","has-post-thumbnail","hentry","category-zukunftstour","tag-hartwald","tag-zukunftstour"],"yoast_head":"<!-- This site is optimized with the Yoast SEO plugin v27.5 - https:\/\/yoast.com\/product\/yoast-seo-wordpress\/ -->\n<title>Kurzweilig und unterhaltsam: Unsere ZukunftsTour durch den Hartwald - Nachhaltiges Mering<\/title>\n<meta name=\"description\" content=\"Bei unserer ZukunftsTour am 15. Juli trafen wir uns vom &quot;B\u00fcndnis Nachhaltiges Mering&quot; mit dem F\u00f6rster Rudi Brandl im Hartwald.\" \/>\n<meta name=\"robots\" content=\"index, follow, max-snippet:-1, max-image-preview:large, max-video-preview:-1\" \/>\n<link rel=\"canonical\" href=\"https:\/\/mering.info\/?p=5459\" \/>\n<meta property=\"og:locale\" content=\"de_DE\" \/>\n<meta property=\"og:type\" content=\"article\" \/>\n<meta property=\"og:title\" content=\"Kurzweilig und unterhaltsam: Unsere ZukunftsTour durch den Hartwald - Nachhaltiges Mering\" \/>\n<meta property=\"og:description\" content=\"Bei unserer ZukunftsTour am 15. Juli trafen wir uns vom &quot;B\u00fcndnis Nachhaltiges Mering&quot; mit dem F\u00f6rster Rudi Brandl im Hartwald.\" \/>\n<meta property=\"og:url\" content=\"https:\/\/mering.info\/?p=5459\" \/>\n<meta property=\"og:site_name\" content=\"Nachhaltiges Mering\" \/>\n<meta property=\"article:published_time\" content=\"2023-08-07T19:38:18+00:00\" \/>\n<meta property=\"og:image\" content=\"https:\/\/mering.info\/wp-content\/uploads\/2023\/08\/signal-2023-07-15-23-28-42-926_700_tiny.jpg\" \/>\n\t<meta property=\"og:image:width\" content=\"700\" \/>\n\t<meta property=\"og:image:height\" content=\"342\" \/>\n\t<meta property=\"og:image:type\" content=\"image\/jpeg\" \/>\n<meta name=\"author\" content=\"Sarah Kohlberger\" \/>\n<meta name=\"twitter:card\" content=\"summary_large_image\" \/>\n<meta name=\"twitter:label1\" content=\"Verfasst von\" \/>\n\t<meta name=\"twitter:data1\" content=\"Sarah Kohlberger\" \/>\n\t<meta name=\"twitter:label2\" content=\"Gesch\u00e4tzte Lesezeit\" \/>\n\t<meta name=\"twitter:data2\" content=\"3\u00a0Minuten\" \/>\n<script type=\"application\/ld+json\" class=\"yoast-schema-graph\">{\"@context\":\"https:\\\/\\\/schema.org\",\"@graph\":[{\"@type\":\"Article\",\"@id\":\"https:\\\/\\\/mering.info\\\/?p=5459#article\",\"isPartOf\":{\"@id\":\"https:\\\/\\\/mering.info\\\/?p=5459\"},\"author\":{\"name\":\"Sarah Kohlberger\",\"@id\":\"https:\\\/\\\/mering.info\\\/#\\\/schema\\\/person\\\/0855fe0b7a950a699d3c281503f9bdf9\"},\"headline\":\"Kurzweilig und unterhaltsam: Unsere ZukunftsTour durch den Hartwald\",\"datePublished\":\"2023-08-07T19:38:18+00:00\",\"mainEntityOfPage\":{\"@id\":\"https:\\\/\\\/mering.info\\\/?p=5459\"},\"wordCount\":555,\"commentCount\":0,\"image\":{\"@id\":\"https:\\\/\\\/mering.info\\\/?p=5459#primaryimage\"},\"thumbnailUrl\":\"https:\\\/\\\/mering.info\\\/wp-content\\\/uploads\\\/2023\\\/08\\\/signal-2023-07-15-23-28-42-926_700_tiny.jpg\",\"keywords\":[\"Hartwald\",\"ZukunftsTour\"],\"articleSection\":[\"ZukunftsTour\"],\"inLanguage\":\"de\",\"potentialAction\":[{\"@type\":\"CommentAction\",\"name\":\"Comment\",\"target\":[\"https:\\\/\\\/mering.info\\\/?p=5459#respond\"]}]},{\"@type\":\"WebPage\",\"@id\":\"https:\\\/\\\/mering.info\\\/?p=5459\",\"url\":\"https:\\\/\\\/mering.info\\\/?p=5459\",\"name\":\"Kurzweilig und unterhaltsam: Unsere ZukunftsTour durch den Hartwald - Nachhaltiges Mering\",\"isPartOf\":{\"@id\":\"https:\\\/\\\/mering.info\\\/#website\"},\"primaryImageOfPage\":{\"@id\":\"https:\\\/\\\/mering.info\\\/?p=5459#primaryimage\"},\"image\":{\"@id\":\"https:\\\/\\\/mering.info\\\/?p=5459#primaryimage\"},\"thumbnailUrl\":\"https:\\\/\\\/mering.info\\\/wp-content\\\/uploads\\\/2023\\\/08\\\/signal-2023-07-15-23-28-42-926_700_tiny.jpg\",\"datePublished\":\"2023-08-07T19:38:18+00:00\",\"author\":{\"@id\":\"https:\\\/\\\/mering.info\\\/#\\\/schema\\\/person\\\/0855fe0b7a950a699d3c281503f9bdf9\"},\"description\":\"Bei unserer ZukunftsTour am 15. Juli trafen wir uns vom \\\"B\u00fcndnis Nachhaltiges Mering\\\" mit dem F\u00f6rster Rudi Brandl im Hartwald.\",\"breadcrumb\":{\"@id\":\"https:\\\/\\\/mering.info\\\/?p=5459#breadcrumb\"},\"inLanguage\":\"de\",\"potentialAction\":[{\"@type\":\"ReadAction\",\"target\":[\"https:\\\/\\\/mering.info\\\/?p=5459\"]}]},{\"@type\":\"ImageObject\",\"inLanguage\":\"de\",\"@id\":\"https:\\\/\\\/mering.info\\\/?p=5459#primaryimage\",\"url\":\"https:\\\/\\\/mering.info\\\/wp-content\\\/uploads\\\/2023\\\/08\\\/signal-2023-07-15-23-28-42-926_700_tiny.jpg\",\"contentUrl\":\"https:\\\/\\\/mering.info\\\/wp-content\\\/uploads\\\/2023\\\/08\\\/signal-2023-07-15-23-28-42-926_700_tiny.jpg\",\"width\":700,\"height\":342,\"caption\":\"ZukunftsTour\"},{\"@type\":\"BreadcrumbList\",\"@id\":\"https:\\\/\\\/mering.info\\\/?p=5459#breadcrumb\",\"itemListElement\":[{\"@type\":\"ListItem\",\"position\":1,\"name\":\"Startseite\",\"item\":\"https:\\\/\\\/mering.info\\\/\"},{\"@type\":\"ListItem\",\"position\":2,\"name\":\"Kurzweilig und unterhaltsam: Unsere ZukunftsTour durch den Hartwald\"}]},{\"@type\":\"WebSite\",\"@id\":\"https:\\\/\\\/mering.info\\\/#website\",\"url\":\"https:\\\/\\\/mering.info\\\/\",\"name\":\"Nachhaltiges Mering\",\"description\":\"Zukunftsf\u00e4higes Mering\",\"potentialAction\":[{\"@type\":\"SearchAction\",\"target\":{\"@type\":\"EntryPoint\",\"urlTemplate\":\"https:\\\/\\\/mering.info\\\/?s={search_term_string}\"},\"query-input\":{\"@type\":\"PropertyValueSpecification\",\"valueRequired\":true,\"valueName\":\"search_term_string\"}}],\"inLanguage\":\"de\"},{\"@type\":\"Person\",\"@id\":\"https:\\\/\\\/mering.info\\\/#\\\/schema\\\/person\\\/0855fe0b7a950a699d3c281503f9bdf9\",\"name\":\"Sarah Kohlberger\",\"url\":\"https:\\\/\\\/mering.info\\\/?author=12\"}]}<\/script>\n<!-- \/ Yoast SEO plugin. -->","yoast_head_json":{"title":"Kurzweilig und unterhaltsam: Unsere ZukunftsTour durch den Hartwald - Nachhaltiges Mering","description":"Bei unserer ZukunftsTour am 15. Juli trafen wir uns vom \"B\u00fcndnis Nachhaltiges Mering\" mit dem F\u00f6rster Rudi Brandl im Hartwald.","robots":{"index":"index","follow":"follow","max-snippet":"max-snippet:-1","max-image-preview":"max-image-preview:large","max-video-preview":"max-video-preview:-1"},"canonical":"https:\/\/mering.info\/?p=5459","og_locale":"de_DE","og_type":"article","og_title":"Kurzweilig und unterhaltsam: Unsere ZukunftsTour durch den Hartwald - Nachhaltiges Mering","og_description":"Bei unserer ZukunftsTour am 15. Juli trafen wir uns vom \"B\u00fcndnis Nachhaltiges Mering\" mit dem F\u00f6rster Rudi Brandl im Hartwald.","og_url":"https:\/\/mering.info\/?p=5459","og_site_name":"Nachhaltiges Mering","article_published_time":"2023-08-07T19:38:18+00:00","og_image":[{"width":700,"height":342,"url":"https:\/\/mering.info\/wp-content\/uploads\/2023\/08\/signal-2023-07-15-23-28-42-926_700_tiny.jpg","type":"image\/jpeg"}],"author":"Sarah Kohlberger","twitter_card":"summary_large_image","twitter_misc":{"Verfasst von":"Sarah Kohlberger","Gesch\u00e4tzte Lesezeit":"3\u00a0Minuten"},"schema":{"@context":"https:\/\/schema.org","@graph":[{"@type":"Article","@id":"https:\/\/mering.info\/?p=5459#article","isPartOf":{"@id":"https:\/\/mering.info\/?p=5459"},"author":{"name":"Sarah Kohlberger","@id":"https:\/\/mering.info\/#\/schema\/person\/0855fe0b7a950a699d3c281503f9bdf9"},"headline":"Kurzweilig und unterhaltsam: Unsere ZukunftsTour durch den Hartwald","datePublished":"2023-08-07T19:38:18+00:00","mainEntityOfPage":{"@id":"https:\/\/mering.info\/?p=5459"},"wordCount":555,"commentCount":0,"image":{"@id":"https:\/\/mering.info\/?p=5459#primaryimage"},"thumbnailUrl":"https:\/\/mering.info\/wp-content\/uploads\/2023\/08\/signal-2023-07-15-23-28-42-926_700_tiny.jpg","keywords":["Hartwald","ZukunftsTour"],"articleSection":["ZukunftsTour"],"inLanguage":"de","potentialAction":[{"@type":"CommentAction","name":"Comment","target":["https:\/\/mering.info\/?p=5459#respond"]}]},{"@type":"WebPage","@id":"https:\/\/mering.info\/?p=5459","url":"https:\/\/mering.info\/?p=5459","name":"Kurzweilig und unterhaltsam: Unsere ZukunftsTour durch den Hartwald - Nachhaltiges Mering","isPartOf":{"@id":"https:\/\/mering.info\/#website"},"primaryImageOfPage":{"@id":"https:\/\/mering.info\/?p=5459#primaryimage"},"image":{"@id":"https:\/\/mering.info\/?p=5459#primaryimage"},"thumbnailUrl":"https:\/\/mering.info\/wp-content\/uploads\/2023\/08\/signal-2023-07-15-23-28-42-926_700_tiny.jpg","datePublished":"2023-08-07T19:38:18+00:00","author":{"@id":"https:\/\/mering.info\/#\/schema\/person\/0855fe0b7a950a699d3c281503f9bdf9"},"description":"Bei unserer ZukunftsTour am 15. Juli trafen wir uns vom \"B\u00fcndnis Nachhaltiges Mering\" mit dem F\u00f6rster Rudi Brandl im Hartwald.","breadcrumb":{"@id":"https:\/\/mering.info\/?p=5459#breadcrumb"},"inLanguage":"de","potentialAction":[{"@type":"ReadAction","target":["https:\/\/mering.info\/?p=5459"]}]},{"@type":"ImageObject","inLanguage":"de","@id":"https:\/\/mering.info\/?p=5459#primaryimage","url":"https:\/\/mering.info\/wp-content\/uploads\/2023\/08\/signal-2023-07-15-23-28-42-926_700_tiny.jpg","contentUrl":"https:\/\/mering.info\/wp-content\/uploads\/2023\/08\/signal-2023-07-15-23-28-42-926_700_tiny.jpg","width":700,"height":342,"caption":"ZukunftsTour"},{"@type":"BreadcrumbList","@id":"https:\/\/mering.info\/?p=5459#breadcrumb","itemListElement":[{"@type":"ListItem","position":1,"name":"Startseite","item":"https:\/\/mering.info\/"},{"@type":"ListItem","position":2,"name":"Kurzweilig und unterhaltsam: Unsere ZukunftsTour durch den Hartwald"}]},{"@type":"WebSite","@id":"https:\/\/mering.info\/#website","url":"https:\/\/mering.info\/","name":"Nachhaltiges Mering","description":"Zukunftsf\u00e4higes Mering","potentialAction":[{"@type":"SearchAction","target":{"@type":"EntryPoint","urlTemplate":"https:\/\/mering.info\/?s={search_term_string}"},"query-input":{"@type":"PropertyValueSpecification","valueRequired":true,"valueName":"search_term_string"}}],"inLanguage":"de"},{"@type":"Person","@id":"https:\/\/mering.info\/#\/schema\/person\/0855fe0b7a950a699d3c281503f9bdf9","name":"Sarah Kohlberger","url":"https:\/\/mering.info\/?author=12"}]}},"jetpack_publicize_connections":[],"jetpack_featured_media_url":"https:\/\/mering.info\/wp-content\/uploads\/2023\/08\/signal-2023-07-15-23-28-42-926_700_tiny.jpg","jetpack_sharing_enabled":true,"_links":{"self":[{"href":"https:\/\/mering.info\/index.php?rest_route=\/wp\/v2\/posts\/5459","targetHints":{"allow":["GET"]}}],"collection":[{"href":"https:\/\/mering.info\/index.php?rest_route=\/wp\/v2\/posts"}],"about":[{"href":"https:\/\/mering.info\/index.php?rest_route=\/wp\/v2\/types\/post"}],"author":[{"embeddable":true,"href":"https:\/\/mering.info\/index.php?rest_route=\/wp\/v2\/users\/12"}],"replies":[{"embeddable":true,"href":"https:\/\/mering.info\/index.php?rest_route=%2Fwp%2Fv2%2Fcomments&post=5459"}],"version-history":[{"count":2,"href":"https:\/\/mering.info\/index.php?rest_route=\/wp\/v2\/posts\/5459\/revisions"}],"predecessor-version":[{"id":5461,"href":"https:\/\/mering.info\/index.php?rest_route=\/wp\/v2\/posts\/5459\/revisions\/5461"}],"wp:featuredmedia":[{"embeddable":true,"href":"https:\/\/mering.info\/index.php?rest_route=\/wp\/v2\/media\/5458"}],"wp:attachment":[{"href":"https:\/\/mering.info\/index.php?rest_route=%2Fwp%2Fv2%2Fmedia&parent=5459"}],"wp:term":[{"taxonomy":"category","embeddable":true,"href":"https:\/\/mering.info\/index.php?rest_route=%2Fwp%2Fv2%2Fcategories&post=5459"},{"taxonomy":"post_tag","embeddable":true,"href":"https:\/\/mering.info\/index.php?rest_route=%2Fwp%2Fv2%2Ftags&post=5459"}],"curies":[{"name":"wp","href":"https:\/\/api.w.org\/{rel}","templated":true}]}}